{"id":1147,"date":"2023-10-03T20:21:17","date_gmt":"2023-10-03T23:21:17","guid":{"rendered":"https:\/\/resumosergipe.com.br\/?p=1147"},"modified":"2023-10-08T19:47:38","modified_gmt":"2023-10-08T22:47:38","slug":"campanha-de-prevencao-ao-cancer-de-mama-e-destacada-por-deputada-maisa-mitidieri","status":"publish","type":"post","link":"https:\/\/resumosergipe.com.br\/?p=1147","title":{"rendered":"Campanha de preven\u00e7\u00e3o ao c\u00e2ncer de mama \u00e9 destacada por Deputada Maisa Mitidieri"},"content":{"rendered":"\n<p>Deputada estadual, e, atualmente respons\u00e1vel por conduzir a Procuradoria Especial da Mulher na Assembleia Legislativa do Estado de Sergipe (Alese), na manh\u00e3 desta ter\u00e7a-feira (03) Maisa Mitidieri (PSD) ocupou a tribuna de honra da Casa Legislativa para destacar as atividades que ser\u00e3o realizadas pelos pr\u00f3ximos dias em alus\u00e3o ao Movimento Outubro Rosa. Com o tema: \u2018Priorize-se, sa\u00fade n\u00e3o espera!\u2019, a 20\u00aa Legislatura inicia uma s\u00e9rie de atividades que acontecem nas depend\u00eancias da Alese, bem como em comunidades, munic\u00edpios e casas de assist\u00eancia \u00e0s mulheres com c\u00e2ncer.<\/p>\n\n\n<div class=\"wp-block-image\">\n<figure class=\"alignright\"><a href=\"https:\/\/al.se.leg.br\/wp-content\/uploads\/2023\/10\/WhatsApp-Image-2023-10-03-at-13.11.19.jpeg\"><img decoding=\"async\" src=\"https:\/\/al.se.leg.br\/wp-content\/uploads\/2023\/10\/WhatsApp-Image-2023-10-03-at-13.11.19-300x200.jpeg\" alt=\"\" class=\"wp-image-135581\"\/><\/a><\/figure><\/div>\n\n\n<p>\u201cO hist\u00f3rico da Assembleia mostra que todos sempre buscaram apoiar este movimento internacional. Ser\u00e1 um m\u00eas repleto de a\u00e7\u00f5es voltadas, em especial para as mulheres, e que contar\u00e1, por exemplo, com uma palestra que acontece no dia 27 deste m\u00eas na Escola do Legislativo (Elese). O tema ser\u00e1: \u2018Direitos da pessoa com c\u00e2ncer\u2019; nossa Procuradoria est\u00e1 trabalhando bastante para contribuir ao m\u00e1ximo com a campanha. Vamos nos cuidar e conscientizar todas para a realiza\u00e7\u00e3o de exames; agindo assim, estaremos salvando as nossas vidas e as vidas de outras pessoas\u201d, destacou Maisa Mitidieri.<\/p>\n\n\n\n<p>Criado no in\u00edcio da d\u00e9cada de 1990, pela Funda\u00e7\u00e3o Susan G. Komen for the Cure, o Outubro Rosa possui a perspectiva de compartilhar informa\u00e7\u00f5es e promover a conscientiza\u00e7\u00e3o sobre a doen\u00e7a; proporcionar maior acesso aos servi\u00e7os de diagn\u00f3stico e de tratamento e contribuir para a redu\u00e7\u00e3o da mortalidade. O \u00edndice de \u00f3bitos em decorr\u00eancia desta doen\u00e7a segue alto no Brasil. Dados apresentados pelo governo federal, por interm\u00e9dio do Minist\u00e9rio da Sa\u00fade, revelam que o c\u00e2ncer de mama segue liderando o ranking nacional, como a principal causa de morte por c\u00e2ncer em mulheres.<\/p>\n\n\n\n<p><strong>Autoestima<\/strong><\/p>\n\n\n\n<p>Com a perspectiva de melhor acolher as mulheres diagnosticadas com a doen\u00e7a, foi lan\u00e7ada tamb\u00e9m uma campanha voltada para a doa\u00e7\u00e3o de len\u00e7os que ser\u00e3o distribu\u00eddos junto \u00e0s institui\u00e7\u00f5es que atuam diretamente no atendimento as pessoas com c\u00e2ncer. Esta atividade social e humanista est\u00e1 sendo desenvolvida em parceria com a Coordenadoria da Mulher do Tribunal de Justi\u00e7a de Sergipe; Centros de Apoio Operacional da Mulher do Minist\u00e9rio P\u00fablico de Sergipe; Associa\u00e7\u00e3o Sergipana do Minist\u00e9rio P\u00fablico; e com a Liga Acad\u00eamica de Psicologia da Faculdade Maur\u00edcio de Nassau.<\/p>\n\n\n<div class=\"wp-block-image\">\n<figure class=\"alignright\"><a href=\"https:\/\/al.se.leg.br\/wp-content\/uploads\/2023\/10\/WhatsApp-Image-2023-10-03-at-13.11.19-1.jpeg\"><img decoding=\"async\" src=\"https:\/\/al.se.leg.br\/wp-content\/uploads\/2023\/10\/WhatsApp-Image-2023-10-03-at-13.11.19-1-300x200.jpeg\" alt=\"\" class=\"wp-image-135583\"\/><\/a><\/figure><\/div>\n\n\n<p>Paralelo \u00e0 palestra na Elese, ser\u00e3o ofertados exames de mamografias para as mulheres com 40 anos ou mais \u2013 fruto de uma parceria com a Diretoria de Sa\u00fade da Alese e Centro de Aten\u00e7\u00e3o Integral a Sa\u00fade da Mulher \u2013 CAISM. As interessadas devem Comparecer ao Centro M\u00e9dico da Assembleia, no per\u00edodo de 04 a 11 de outubro de 2023, para cadastro e agendamento do seu exame, que ser\u00e1 realizado no Centro de Aten\u00e7\u00e3o Integral a Sa\u00fade da Mulher \u2013 CAISM. \u201cDoe len\u00e7os e fa\u00e7a algu\u00e9m feliz. Sabemos que fortalecer o estado psicol\u00f3gico das mulheres \u00e9 de extrema import\u00e2ncia na luta contra a doen\u00e7a\u201d, completou a deputada Maisa Mitidieri.<\/p>\n\n\n\n<p>Fonte: <em>Milton Alves J\u00fanior | Ag\u00eancia de Not\u00edcias Alese<\/em><\/p>\n\n\n\n<p>Fotos: <em>Joel Luiz | Ag\u00eancia de Not\u00edcias Alese<\/em><\/p>\n","protected":false},"excerpt":{"rendered":"<p>Deputada estadual, e, atualmente respons\u00e1vel por conduzir a Procuradoria Especial da Mulher na Assembleia Legislativa do Estado de Sergipe (Alese), na manh\u00e3 desta ter\u00e7a-feira (03) Maisa Mitidieri (PSD) ocupou a tribuna de honra da Casa Legislativa para destacar as atividades que ser\u00e3o realizadas pelos pr\u00f3ximos dias em alus\u00e3o ao Movimento Outubro Rosa. Com o tema: \u2018Priorize-se, sa\u00fade n\u00e3o espera!\u2019, a 20\u00aa Legislatura inicia uma s\u00e9rie de atividades que acontecem nas depend\u00eancias da Alese, bem como em comunidades, munic\u00edpios e casas de assist\u00eancia \u00e0s mulheres com c\u00e2ncer. \u201cO hist\u00f3rico da Assembleia mostra que todos sempre buscaram apoiar este movimento internacional. Ser\u00e1 um m\u00eas repleto de a\u00e7\u00f5es voltadas, em especial para as mulheres, e que contar\u00e1, por exemplo, com uma palestra que acontece no dia 27 deste m\u00eas na Escola do Legislativo (Elese). O tema ser\u00e1: \u2018Direitos da pessoa com c\u00e2ncer\u2019; nossa Procuradoria est\u00e1 trabalhando bastante para contribuir ao m\u00e1ximo com a campanha. Vamos nos cuidar e conscientizar todas para a realiza\u00e7\u00e3o de exames; agindo assim, estaremos salvando as nossas vidas e as vidas de outras pessoas\u201d, destacou Maisa Mitidieri. Criado no in\u00edcio da d\u00e9cada de 1990, pela Funda\u00e7\u00e3o Susan G. Komen for the Cure, o Outubro Rosa possui a perspectiva de compartilhar informa\u00e7\u00f5es e promover a conscientiza\u00e7\u00e3o sobre a doen\u00e7a; proporcionar maior acesso aos servi\u00e7os de diagn\u00f3stico e de tratamento e contribuir para a redu\u00e7\u00e3o da mortalidade. O \u00edndice de \u00f3bitos em decorr\u00eancia desta doen\u00e7a segue alto no Brasil. Dados apresentados pelo governo federal, por interm\u00e9dio do Minist\u00e9rio da Sa\u00fade, revelam que o c\u00e2ncer de mama segue liderando o ranking nacional, como a principal causa de morte por c\u00e2ncer em mulheres. Autoestima Com a perspectiva de melhor acolher as mulheres diagnosticadas com a doen\u00e7a, foi lan\u00e7ada tamb\u00e9m uma campanha voltada para a doa\u00e7\u00e3o de len\u00e7os que ser\u00e3o distribu\u00eddos junto \u00e0s institui\u00e7\u00f5es que atuam diretamente no atendimento as pessoas com c\u00e2ncer. Esta atividade social e humanista est\u00e1 sendo desenvolvida em parceria com a Coordenadoria da Mulher do Tribunal de Justi\u00e7a de Sergipe; Centros de Apoio Operacional da Mulher do Minist\u00e9rio P\u00fablico de Sergipe; Associa\u00e7\u00e3o Sergipana do Minist\u00e9rio P\u00fablico; e com a Liga Acad\u00eamica de Psicologia da Faculdade Maur\u00edcio de Nassau. Paralelo \u00e0 palestra na Elese, ser\u00e3o ofertados exames de mamografias para as mulheres com 40 anos ou mais \u2013 fruto de uma parceria com a Diretoria de Sa\u00fade da Alese e Centro de Aten\u00e7\u00e3o Integral a Sa\u00fade da Mulher \u2013 CAISM. As interessadas devem Comparecer ao Centro M\u00e9dico da Assembleia, no per\u00edodo de 04 a 11 de outubro de 2023, para cadastro e agendamento do seu exame, que ser\u00e1 realizado no Centro de Aten\u00e7\u00e3o Integral a Sa\u00fade da Mulher \u2013 CAISM. \u201cDoe len\u00e7os e fa\u00e7a algu\u00e9m feliz. Sabemos que fortalecer o estado psicol\u00f3gico das mulheres \u00e9 de extrema import\u00e2ncia na luta contra a doen\u00e7a\u201d, completou a deputada Maisa Mitidieri. Fonte: Milton Alves J\u00fanior | Ag\u00eancia de Not\u00edcias Alese Fotos: Joel Luiz | Ag\u00eancia de Not\u00edcias Alese<\/p>\n","protected":false},"author":1,"featured_media":0,"comment_status":"open","ping_status":"open","sticky":false,"template":"","format":"standard","meta":{"footnotes":""},"categories":[4,32],"tags":[38,37],"class_list":["post-1147","post","type-post","status-publish","format-standard","hentry","category-politica","category-sergipe","tag-alese","tag-outubro-rosa"],"_links":{"self":[{"href":"https:\/\/resumosergipe.com.br\/index.php?rest_route=\/wp\/v2\/posts\/1147","targetHints":{"allow":["GET"]}}],"collection":[{"href":"https:\/\/resumosergipe.com.br\/index.php?rest_route=\/wp\/v2\/posts"}],"about":[{"href":"https:\/\/resumosergipe.com.br\/index.php?rest_route=\/wp\/v2\/types\/post"}],"author":[{"embeddable":true,"href":"https:\/\/resumosergipe.com.br\/index.php?rest_route=\/wp\/v2\/users\/1"}],"replies":[{"embeddable":true,"href":"https:\/\/resumosergipe.com.br\/index.php?rest_route=%2Fwp%2Fv2%2Fcomments&post=1147"}],"version-history":[{"count":1,"href":"https:\/\/resumosergipe.com.br\/index.php?rest_route=\/wp\/v2\/posts\/1147\/revisions"}],"predecessor-version":[{"id":1148,"href":"https:\/\/resumosergipe.com.br\/index.php?rest_route=\/wp\/v2\/posts\/1147\/revisions\/1148"}],"wp:attachment":[{"href":"https:\/\/resumosergipe.com.br\/index.php?rest_route=%2Fwp%2Fv2%2Fmedia&parent=1147"}],"wp:term":[{"taxonomy":"category","embeddable":true,"href":"https:\/\/resumosergipe.com.br\/index.php?rest_route=%2Fwp%2Fv2%2Fcategories&post=1147"},{"taxonomy":"post_tag","embeddable":true,"href":"https:\/\/resumosergipe.com.br\/index.php?rest_route=%2Fwp%2Fv2%2Ftags&post=1147"}],"curies":[{"name":"wp","href":"https:\/\/api.w.org\/{rel}","templated":true}]}}