{"id":1149,"date":"2023-10-03T20:30:13","date_gmt":"2023-10-03T23:30:13","guid":{"rendered":"https:\/\/resumosergipe.com.br\/?p=1149"},"modified":"2023-10-03T20:32:14","modified_gmt":"2023-10-03T23:32:14","slug":"1149","status":"publish","type":"post","link":"https:\/\/resumosergipe.com.br\/?p=1149","title":{"rendered":"Sergipe realiza Dia D de Multivacina\u00e7\u00e3o neste s\u00e1bado, 7 de outubro"},"content":{"rendered":"\n<figure class=\"wp-block-image size-large\"><img fetchpriority=\"high\" decoding=\"async\" width=\"1024\" height=\"431\" src=\"http:\/\/resumosergipe.com.br\/wp-content\/uploads\/2023\/10\/VacinacaoGovse-e1696375749589-1024x431.jpg\" alt=\"\" class=\"wp-image-1150\" srcset=\"https:\/\/resumosergipe.com.br\/wp-content\/uploads\/2023\/10\/VacinacaoGovse-e1696375749589-1024x431.jpg 1024w, https:\/\/resumosergipe.com.br\/wp-content\/uploads\/2023\/10\/VacinacaoGovse-e1696375749589-300x126.jpg 300w, https:\/\/resumosergipe.com.br\/wp-content\/uploads\/2023\/10\/VacinacaoGovse-e1696375749589-768x323.jpg 768w, https:\/\/resumosergipe.com.br\/wp-content\/uploads\/2023\/10\/VacinacaoGovse-e1696375749589.jpg 1100w\" sizes=\"(max-width: 1024px) 100vw, 1024px\" \/><\/figure>\n\n\n\n<p>Com o intuito de atualizar a caderneta vacinal de crian\u00e7as e adolescentes, com idade entre zero e menos de 15 anos, o Governo de Sergipe, por meio da Secretaria de Estado da Sa\u00fade (SES), ir\u00e1 realizar neste s\u00e1bado, 7, o Dia D de Multivacina\u00e7\u00e3o em todas as Unidades B\u00e1sicas de Sa\u00fade (UBSs) dos 75 munic\u00edpios sergipanos. O ato de abertura oficial da a\u00e7\u00e3o ir\u00e1 acontecer no munic\u00edpio da Barra dos Coqueiros, a partir das 9 horas, no Drive-Thru do P\u00f3rtico.&nbsp;<\/p>\n\n\n\n<p>A campanha de multivacina\u00e7\u00e3o, que segue at\u00e9 o dia 21 de outubro, envolve todas as vacinas b\u00e1sicas que fazem parte do Calend\u00e1rio Nacional de Vacina\u00e7\u00e3o, como a BCG, Rotav\u00edrus Humano, Meningo C, Pentavalente (DTP\/Hib\/HB), Pneumoc\u00f3cica, Poliomielite Inativada, Poliomielite Oral, Hepatite A, Tr\u00edplice Viral, Tr\u00edplice Bacteriana, Febre Amarela, HPV, Meningo ACWY e Covid-19.<\/p>\n\n\n\n<p>De acordo com o diretor de Vigil\u00e2ncia em Sa\u00fade da SES, Marco Aur\u00e9lio G\u00f3es, a campanha ser\u00e1 intensificada durante duas semanas em todos os munic\u00edpios sergipanos que est\u00e3o abastecidos para receber a popula\u00e7\u00e3o. \u201cSer\u00e3o disponibilizadas todas as vacinas de rotina para que as pessoas possam atualizar seu cart\u00e3o de vacina. Para uma vacina\u00e7\u00e3o de alta qualidade em todo o estado, as equipes tamb\u00e9m participaram previamente de uma oficina de microplanejamento, onde foram trabalhadas estrat\u00e9gias locais para o aumento da nossa cobertura vacinal\u201d, explicou o diretor.&nbsp;<\/p>\n\n\n\n<p>\u00c9 importante ressaltar que as vacinas protegem contra doen\u00e7as que n\u00e3o foram erradicadas, sendo que as baixas coberturas deixam a popula\u00e7\u00e3o suscet\u00edvel \u00e0 reintrodu\u00e7\u00e3o de doen\u00e7as j\u00e1 eliminadas do territ\u00f3rio nacional e a ocorr\u00eancia de surtos de doen\u00e7as de baixa incid\u00eancia atualmente.<\/p>\n\n\n\n<p><strong>Multivacina\u00e7\u00e3o<\/strong><\/p>\n\n\n\n<p>Os pais ou respons\u00e1veis devem levar suas crian\u00e7as e adolescentes a uma unidade de sa\u00fade com as cadernetas de vacina\u00e7\u00e3o, para que elas possam ser avaliadas pelos profissionais, que ir\u00e3o aplicar as vacinas que estiverem em atraso.<\/p>\n","protected":false},"excerpt":{"rendered":"<p>Com o intuito de atualizar a caderneta vacinal de crian\u00e7as e adolescentes, com idade entre zero e menos de 15 anos, o Governo de Sergipe, por meio da Secretaria de Estado da Sa\u00fade (SES), ir\u00e1 realizar neste s\u00e1bado, 7, o Dia D de Multivacina\u00e7\u00e3o em todas as Unidades B\u00e1sicas de Sa\u00fade (UBSs) dos 75 munic\u00edpios sergipanos. O ato de abertura oficial da a\u00e7\u00e3o ir\u00e1 acontecer no munic\u00edpio da Barra dos Coqueiros, a partir das 9 horas, no Drive-Thru do P\u00f3rtico.&nbsp; A campanha de multivacina\u00e7\u00e3o, que segue at\u00e9 o dia 21 de outubro, envolve todas as vacinas b\u00e1sicas que fazem parte do Calend\u00e1rio Nacional de Vacina\u00e7\u00e3o, como a BCG, Rotav\u00edrus Humano, Meningo C, Pentavalente (DTP\/Hib\/HB), Pneumoc\u00f3cica, Poliomielite Inativada, Poliomielite Oral, Hepatite A, Tr\u00edplice Viral, Tr\u00edplice Bacteriana, Febre Amarela, HPV, Meningo ACWY e Covid-19. De acordo com o diretor de Vigil\u00e2ncia em Sa\u00fade da SES, Marco Aur\u00e9lio G\u00f3es, a campanha ser\u00e1 intensificada durante duas semanas em todos os munic\u00edpios sergipanos que est\u00e3o abastecidos para receber a popula\u00e7\u00e3o. \u201cSer\u00e3o disponibilizadas todas as vacinas de rotina para que as pessoas possam atualizar seu cart\u00e3o de vacina. Para uma vacina\u00e7\u00e3o de alta qualidade em todo o estado, as equipes tamb\u00e9m participaram previamente de uma oficina de microplanejamento, onde foram trabalhadas estrat\u00e9gias locais para o aumento da nossa cobertura vacinal\u201d, explicou o diretor.&nbsp; \u00c9 importante ressaltar que as vacinas protegem contra doen\u00e7as que n\u00e3o foram erradicadas, sendo que as baixas coberturas deixam a popula\u00e7\u00e3o suscet\u00edvel \u00e0 reintrodu\u00e7\u00e3o de doen\u00e7as j\u00e1 eliminadas do territ\u00f3rio nacional e a ocorr\u00eancia de surtos de doen\u00e7as de baixa incid\u00eancia atualmente. Multivacina\u00e7\u00e3o Os pais ou respons\u00e1veis devem levar suas crian\u00e7as e adolescentes a uma unidade de sa\u00fade com as cadernetas de vacina\u00e7\u00e3o, para que elas possam ser avaliadas pelos profissionais, que ir\u00e3o aplicar as vacinas que estiverem em atraso.<\/p>\n","protected":false},"author":1,"featured_media":0,"comment_status":"open","ping_status":"open","sticky":false,"template":"","format":"standard","meta":{"footnotes":""},"categories":[32],"tags":[10,39],"class_list":["post-1149","post","type-post","status-publish","format-standard","hentry","category-sergipe","tag-saude","tag-vacinacao"],"_links":{"self":[{"href":"https:\/\/resumosergipe.com.br\/index.php?rest_route=\/wp\/v2\/posts\/1149","targetHints":{"allow":["GET"]}}],"collection":[{"href":"https:\/\/resumosergipe.com.br\/index.php?rest_route=\/wp\/v2\/posts"}],"about":[{"href":"https:\/\/resumosergipe.com.br\/index.php?rest_route=\/wp\/v2\/types\/post"}],"author":[{"embeddable":true,"href":"https:\/\/resumosergipe.com.br\/index.php?rest_route=\/wp\/v2\/users\/1"}],"replies":[{"embeddable":true,"href":"https:\/\/resumosergipe.com.br\/index.php?rest_route=%2Fwp%2Fv2%2Fcomments&post=1149"}],"version-history":[{"count":3,"href":"https:\/\/resumosergipe.com.br\/index.php?rest_route=\/wp\/v2\/posts\/1149\/revisions"}],"predecessor-version":[{"id":1153,"href":"https:\/\/resumosergipe.com.br\/index.php?rest_route=\/wp\/v2\/posts\/1149\/revisions\/1153"}],"wp:attachment":[{"href":"https:\/\/resumosergipe.com.br\/index.php?rest_route=%2Fwp%2Fv2%2Fmedia&parent=1149"}],"wp:term":[{"taxonomy":"category","embeddable":true,"href":"https:\/\/resumosergipe.com.br\/index.php?rest_route=%2Fwp%2Fv2%2Fcategories&post=1149"},{"taxonomy":"post_tag","embeddable":true,"href":"https:\/\/resumosergipe.com.br\/index.php?rest_route=%2Fwp%2Fv2%2Ftags&post=1149"}],"curies":[{"name":"wp","href":"https:\/\/api.w.org\/{rel}","templated":true}]}}