{"id":1154,"date":"2023-10-03T21:08:50","date_gmt":"2023-10-04T00:08:50","guid":{"rendered":"https:\/\/resumosergipe.com.br\/?p=1154"},"modified":"2023-10-08T19:50:56","modified_gmt":"2023-10-08T22:50:56","slug":"governo-editara-medida-tributaria-para-socorrer-a-cadeia-produtiva-do-leite","status":"publish","type":"post","link":"https:\/\/resumosergipe.com.br\/?p=1154","title":{"rendered":"Governo editar\u00e1 medida tribut\u00e1ria para socorrer a cadeia produtiva do leite"},"content":{"rendered":"\n<p><\/p>\n\n\n\n<p><\/p>\n\n\n\n<p>Desde os decretos editados em 2022 que permitiram o aumento da importa\u00e7\u00e3o de leite e seus derivados, a cadeia produtiva do leite alcan\u00e7ou, neste ano, uma situa\u00e7\u00e3o emergencial que vem sendo enfrentada pelo Governo Federal com diversas medidas adotadas de junho para c\u00e1.<\/p>\n\n\n\n<p>As primeiras delas foram a revoga\u00e7\u00e3o das medidas, num trabalho da C\u00e2mara de Com\u00e9rcio Exterior (Camex), e a intensifica\u00e7\u00e3o da fiscaliza\u00e7\u00e3o de poss\u00edveis pr\u00e1ticas ilegais, ou seja, uma esp\u00e9cie de triangula\u00e7\u00e3o, trazendo ao Brasil, produtos de fora do Mercosul.<\/p>\n\n\n\n<p>Al\u00e9m da compra de leite em p\u00f3 por meio da Companhia Nacional de Abastecimento (Conab), cujo prazo da chamada p\u00fablica se encerra no pr\u00f3ximo dia 10 para aquisi\u00e7\u00e3o de at\u00e9 R$ 100 milh\u00f5es do produto que ser\u00e1 distribu\u00eddo \u00e0s redes de assist\u00eancia social, o Minist\u00e9rio da Agricultura e Pecu\u00e1ria (Mapa), apresentou a proposta de subven\u00e7\u00e3o econ\u00f4mica aos produtores de leite.<\/p>\n\n\n\n<p>Tamb\u00e9m, na tarde desta segunda-feira (2), as equipes t\u00e9cnicas do Mapa e do Minist\u00e9rio do Desenvolvimento Agr\u00e1rio e Agricultura Familiar (MDA) se re\u00fanem com o ministro da Fazenda, Fernando Haddad, para tratar de uma medida tribut\u00e1ria para aumentar a competitividade da cadeia produtiva do leite brasileira.<\/p>\n\n\n\n<p>\u201cO governo nunca foi displicente. Nossas equipes trabalharam intensamente durante todo o fim de semana em busca da solu\u00e7\u00e3o para que possamos dar uma resposta efetiva para este setor t\u00e3o importante da nossa economia. A minha mensagem \u00e9 de comprometimento\u201d, destacou o ministro da Agricultura e Pecu\u00e1ria, Carlos F\u00e1varo.<\/p>\n\n\n\n<p>De acordo com o secret\u00e1rio-executivo do Minist\u00e9rio do Desenvolvimento, Ind\u00fastria, Com\u00e9rcio e Servi\u00e7os, M\u00e1rcio Elias Rosa, a partir de agosto do ano passado que as importa\u00e7\u00f5es saltaram de cerca de 5 toneladas para 14 toneladas, mas desde junho, o Brasil j\u00e1 vem registrando quedas expressivas nas importa\u00e7\u00f5es, em torno de 25%, fruto das medidas adotadas com urg\u00eancia e responsabilidade pelo governo federal.<\/p>\n\n\n\n<p>F\u00e1varo ponderou que a rela\u00e7\u00e3o comercial com o Mercosul \u00e9 muito positiva para o Brasil, mas que todas as a\u00e7\u00f5es est\u00e3o sendo observadas pelo governo, dentro das regras, para que os produtores de leite n\u00e3o sejam mais prejudicados.<\/p>\n","protected":false},"excerpt":{"rendered":"<p>Desde os decretos editados em 2022 que permitiram o aumento da importa\u00e7\u00e3o de leite e seus derivados, a cadeia produtiva do leite alcan\u00e7ou, neste ano, uma situa\u00e7\u00e3o emergencial que vem sendo enfrentada pelo Governo Federal com diversas medidas adotadas de junho para c\u00e1. As primeiras delas foram a revoga\u00e7\u00e3o das medidas, num trabalho da C\u00e2mara de Com\u00e9rcio Exterior (Camex), e a intensifica\u00e7\u00e3o da fiscaliza\u00e7\u00e3o de poss\u00edveis pr\u00e1ticas ilegais, ou seja, uma esp\u00e9cie de triangula\u00e7\u00e3o, trazendo ao Brasil, produtos de fora do Mercosul. Al\u00e9m da compra de leite em p\u00f3 por meio da Companhia Nacional de Abastecimento (Conab), cujo prazo da chamada p\u00fablica se encerra no pr\u00f3ximo dia 10 para aquisi\u00e7\u00e3o de at\u00e9 R$ 100 milh\u00f5es do produto que ser\u00e1 distribu\u00eddo \u00e0s redes de assist\u00eancia social, o Minist\u00e9rio da Agricultura e Pecu\u00e1ria (Mapa), apresentou a proposta de subven\u00e7\u00e3o econ\u00f4mica aos produtores de leite. Tamb\u00e9m, na tarde desta segunda-feira (2), as equipes t\u00e9cnicas do Mapa e do Minist\u00e9rio do Desenvolvimento Agr\u00e1rio e Agricultura Familiar (MDA) se re\u00fanem com o ministro da Fazenda, Fernando Haddad, para tratar de uma medida tribut\u00e1ria para aumentar a competitividade da cadeia produtiva do leite brasileira. \u201cO governo nunca foi displicente. Nossas equipes trabalharam intensamente durante todo o fim de semana em busca da solu\u00e7\u00e3o para que possamos dar uma resposta efetiva para este setor t\u00e3o importante da nossa economia. A minha mensagem \u00e9 de comprometimento\u201d, destacou o ministro da Agricultura e Pecu\u00e1ria, Carlos F\u00e1varo. De acordo com o secret\u00e1rio-executivo do Minist\u00e9rio do Desenvolvimento, Ind\u00fastria, Com\u00e9rcio e Servi\u00e7os, M\u00e1rcio Elias Rosa, a partir de agosto do ano passado que as importa\u00e7\u00f5es saltaram de cerca de 5 toneladas para 14 toneladas, mas desde junho, o Brasil j\u00e1 vem registrando quedas expressivas nas importa\u00e7\u00f5es, em torno de 25%, fruto das medidas adotadas com urg\u00eancia e responsabilidade pelo governo federal. F\u00e1varo ponderou que a rela\u00e7\u00e3o comercial com o Mercosul \u00e9 muito positiva para o Brasil, mas que todas as a\u00e7\u00f5es est\u00e3o sendo observadas pelo governo, dentro das regras, para que os produtores de leite n\u00e3o sejam mais prejudicados.<\/p>\n","protected":false},"author":1,"featured_media":1163,"comment_status":"open","ping_status":"open","sticky":false,"template":"","format":"standard","meta":{"footnotes":""},"categories":[27],"tags":[41,40],"class_list":["post-1154","post","type-post","status-publish","format-standard","has-post-thumbnail","hentry","category-agronegocio","tag-agronegocio","tag-leite"],"_links":{"self":[{"href":"https:\/\/resumosergipe.com.br\/index.php?rest_route=\/wp\/v2\/posts\/1154","targetHints":{"allow":["GET"]}}],"collection":[{"href":"https:\/\/resumosergipe.com.br\/index.php?rest_route=\/wp\/v2\/posts"}],"about":[{"href":"https:\/\/resumosergipe.com.br\/index.php?rest_route=\/wp\/v2\/types\/post"}],"author":[{"embeddable":true,"href":"https:\/\/resumosergipe.com.br\/index.php?rest_route=\/wp\/v2\/users\/1"}],"replies":[{"embeddable":true,"href":"https:\/\/resumosergipe.com.br\/index.php?rest_route=%2Fwp%2Fv2%2Fcomments&post=1154"}],"version-history":[{"count":1,"href":"https:\/\/resumosergipe.com.br\/index.php?rest_route=\/wp\/v2\/posts\/1154\/revisions"}],"predecessor-version":[{"id":1155,"href":"https:\/\/resumosergipe.com.br\/index.php?rest_route=\/wp\/v2\/posts\/1154\/revisions\/1155"}],"wp:featuredmedia":[{"embeddable":true,"href":"https:\/\/resumosergipe.com.br\/index.php?rest_route=\/wp\/v2\/media\/1163"}],"wp:attachment":[{"href":"https:\/\/resumosergipe.com.br\/index.php?rest_route=%2Fwp%2Fv2%2Fmedia&parent=1154"}],"wp:term":[{"taxonomy":"category","embeddable":true,"href":"https:\/\/resumosergipe.com.br\/index.php?rest_route=%2Fwp%2Fv2%2Fcategories&post=1154"},{"taxonomy":"post_tag","embeddable":true,"href":"https:\/\/resumosergipe.com.br\/index.php?rest_route=%2Fwp%2Fv2%2Ftags&post=1154"}],"curies":[{"name":"wp","href":"https:\/\/api.w.org\/{rel}","templated":true}]}}