{"id":1157,"date":"2023-10-09T08:00:00","date_gmt":"2023-10-09T11:00:00","guid":{"rendered":"https:\/\/resumosergipe.com.br\/?p=1157"},"modified":"2023-10-08T16:38:45","modified_gmt":"2023-10-08T19:38:45","slug":"medalha-do-merito-professores-sergipanos-serao-homenageados-pela-alese","status":"publish","type":"post","link":"https:\/\/resumosergipe.com.br\/?p=1157","title":{"rendered":"Medalha do M\u00e9rito: professores sergipanos ser\u00e3o homenageados pela Alese"},"content":{"rendered":"\n<p>Institu\u00edda por interm\u00e9dio da Resolu\u00e7\u00e3o N\u00ba 36, datada em 15 de dezembro de 2010, a Medalha do M\u00e9rito Educacional Manoel Jos\u00e9 Bonfim ser\u00e1 novamente concedida pela Assembleia Legislativa do Estado de Sergipe (Alese), para profissionais da educa\u00e7\u00e3o, os quais, ao longo dos \u00faltimos anos, permanecem contribuindo para o progresso de milhares de crian\u00e7as e adolescentes matriculados em institui\u00e7\u00f5es de ensino. Publicada no Di\u00e1rio Oficial n\u00ba 26.152, de 10 de janeiro de 2011, a medalha busca, tamb\u00e9m, incentivar os docentes a seguir trabalhando em prol de um sistema educacional p\u00fablico e de qualidade para todos no estado de Sergipe.<\/p>\n\n\n\n<p>Este ano a Sess\u00e3o Especial acontece na pr\u00f3xima ter\u00e7a-feira (10), a partir das 11h, como parte das comemora\u00e7\u00f5es alusivas ao Dia do Professor \u2013 em solo brasileiro comemorado no dia 15 deste m\u00eas. Parlamentar por quatro mandatos, a Professora e ex-deputada estadual Ana L\u00facia Menezes foi a autora do projeto que instituiu a cria\u00e7\u00e3o desta honraria. Na concep\u00e7\u00e3o do fil\u00f3sofo espanhol Jos\u00e9 Gimeno Sacrist\u00e1n, a arte de educar exige educa\u00e7\u00e3o continuada, caso deseje impulsionar as compet\u00eancias progressistas pessoais, e, consequentemente, de uma na\u00e7\u00e3o. Em entrevista concedida \u00e0 Ag\u00eancia de Not\u00edcias Alese, Ana L\u00facia compartilhou do pensamento exposto em obras liter\u00e1rias produzidas pelo espanhol, e destacou a necessidade de multiplicar os reconhecimentos p\u00fablicos para com os profissionais da educa\u00e7\u00e3o.<\/p>\n\n\n\n<p>\u201c\u00c9 por acreditar que a educa\u00e7\u00e3o \u00e9 um dos mais importantes instrumentos para o desenvolvimento pol\u00edtico, socioecon\u00f4mico e cultural de uma na\u00e7\u00e3o que o educador Manoel Bonfim produziu uma obra escrita que revela um pensador original e n\u00e3o articulado \u00e0s ideias correntes na \u00e9poca; sua interpreta\u00e7\u00e3o de Brasil apoia-se na an\u00e1lise hist\u00f3rica da coloniza\u00e7\u00e3o empreendida pela metr\u00f3pole\u201d, afirmou. Natural de Aracaju, nascido no dia 8 de agosto de 1868, Manoel Jos\u00e9 Bonfim era filho da uni\u00e3o matrimonial entre Paulino Jos\u00e9 do Bomfim e Maria Joaquina do Bomfim. Apoiado pela Prefeitura do Rio de Janeiro, em 1902 o aracajuano foi morar em Paris, na Fran\u00e7a, onde estudou Psicologia.<\/p>\n\n\n\n<p>De volta ao Brasil, em 1905, foi diretor interino da Instru\u00e7\u00e3o P\u00fablica do Rio de Janeiro e em 1906 foi nomeado Diretor Geral da Instru\u00e7\u00e3o P\u00fablica do Distrito Federal. J\u00e1 no ano de 1907, o professor que d\u00e1 nome \u00e0 medalha concedida pela Alese foi eleito deputado federal e como parlamentar buscou defender projetos no \u00e2mbito da educa\u00e7\u00e3o. \u201cManoel Bonfim teve sua trajet\u00f3ria marcada por intensa produ\u00e7\u00e3o intelectual. Uma enorme produ\u00e7\u00e3o, tanto em volume de obras quanto em import\u00e2ncia para as gera\u00e7\u00f5es seguintes de estudiosos. Sua produ\u00e7\u00e3o transita por variadas \u00e1reas de conhecimento, a exemplo de Hist\u00f3ria do Brasil e da Am\u00e9rica Latina, Psicologia, Pedagogia, Sociologia e Medicina\u201d, destacou Ana L\u00facia. A rela\u00e7\u00e3o dos educadores homenageados ser\u00e1 anunciada pela Casa Legislativa na pr\u00f3xima segunda-feira (09).<\/p>\n","protected":false},"excerpt":{"rendered":"<p>Institu\u00edda por interm\u00e9dio da Resolu\u00e7\u00e3o N\u00ba 36, datada em 15 de dezembro de 2010, a Medalha do M\u00e9rito Educacional Manoel Jos\u00e9 Bonfim ser\u00e1 novamente concedida pela Assembleia Legislativa do Estado de Sergipe (Alese), para profissionais da educa\u00e7\u00e3o, os quais, ao longo dos \u00faltimos anos, permanecem contribuindo para o progresso de milhares de crian\u00e7as e adolescentes matriculados em institui\u00e7\u00f5es de ensino. Publicada no Di\u00e1rio Oficial n\u00ba 26.152, de 10 de janeiro de 2011, a medalha busca, tamb\u00e9m, incentivar os docentes a seguir trabalhando em prol de um sistema educacional p\u00fablico e de qualidade para todos no estado de Sergipe. Este ano a Sess\u00e3o Especial acontece na pr\u00f3xima ter\u00e7a-feira (10), a partir das 11h, como parte das comemora\u00e7\u00f5es alusivas ao Dia do Professor \u2013 em solo brasileiro comemorado no dia 15 deste m\u00eas. Parlamentar por quatro mandatos, a Professora e ex-deputada estadual Ana L\u00facia Menezes foi a autora do projeto que instituiu a cria\u00e7\u00e3o desta honraria. Na concep\u00e7\u00e3o do fil\u00f3sofo espanhol Jos\u00e9 Gimeno Sacrist\u00e1n, a arte de educar exige educa\u00e7\u00e3o continuada, caso deseje impulsionar as compet\u00eancias progressistas pessoais, e, consequentemente, de uma na\u00e7\u00e3o. Em entrevista concedida \u00e0 Ag\u00eancia de Not\u00edcias Alese, Ana L\u00facia compartilhou do pensamento exposto em obras liter\u00e1rias produzidas pelo espanhol, e destacou a necessidade de multiplicar os reconhecimentos p\u00fablicos para com os profissionais da educa\u00e7\u00e3o. \u201c\u00c9 por acreditar que a educa\u00e7\u00e3o \u00e9 um dos mais importantes instrumentos para o desenvolvimento pol\u00edtico, socioecon\u00f4mico e cultural de uma na\u00e7\u00e3o que o educador Manoel Bonfim produziu uma obra escrita que revela um pensador original e n\u00e3o articulado \u00e0s ideias correntes na \u00e9poca; sua interpreta\u00e7\u00e3o de Brasil apoia-se na an\u00e1lise hist\u00f3rica da coloniza\u00e7\u00e3o empreendida pela metr\u00f3pole\u201d, afirmou. Natural de Aracaju, nascido no dia 8 de agosto de 1868, Manoel Jos\u00e9 Bonfim era filho da uni\u00e3o matrimonial entre Paulino Jos\u00e9 do Bomfim e Maria Joaquina do Bomfim. Apoiado pela Prefeitura do Rio de Janeiro, em 1902 o aracajuano foi morar em Paris, na Fran\u00e7a, onde estudou Psicologia. De volta ao Brasil, em 1905, foi diretor interino da Instru\u00e7\u00e3o P\u00fablica do Rio de Janeiro e em 1906 foi nomeado Diretor Geral da Instru\u00e7\u00e3o P\u00fablica do Distrito Federal. J\u00e1 no ano de 1907, o professor que d\u00e1 nome \u00e0 medalha concedida pela Alese foi eleito deputado federal e como parlamentar buscou defender projetos no \u00e2mbito da educa\u00e7\u00e3o. \u201cManoel Bonfim teve sua trajet\u00f3ria marcada por intensa produ\u00e7\u00e3o intelectual. Uma enorme produ\u00e7\u00e3o, tanto em volume de obras quanto em import\u00e2ncia para as gera\u00e7\u00f5es seguintes de estudiosos. Sua produ\u00e7\u00e3o transita por variadas \u00e1reas de conhecimento, a exemplo de Hist\u00f3ria do Brasil e da Am\u00e9rica Latina, Psicologia, Pedagogia, Sociologia e Medicina\u201d, destacou Ana L\u00facia. A rela\u00e7\u00e3o dos educadores homenageados ser\u00e1 anunciada pela Casa Legislativa na pr\u00f3xima segunda-feira (09).<\/p>\n","protected":false},"author":1,"featured_media":1158,"comment_status":"open","ping_status":"open","sticky":false,"template":"","format":"standard","meta":{"footnotes":""},"categories":[4,32],"tags":[38],"class_list":["post-1157","post","type-post","status-publish","format-standard","has-post-thumbnail","hentry","category-politica","category-sergipe","tag-alese"],"_links":{"self":[{"href":"https:\/\/resumosergipe.com.br\/index.php?rest_route=\/wp\/v2\/posts\/1157","targetHints":{"allow":["GET"]}}],"collection":[{"href":"https:\/\/resumosergipe.com.br\/index.php?rest_route=\/wp\/v2\/posts"}],"about":[{"href":"https:\/\/resumosergipe.com.br\/index.php?rest_route=\/wp\/v2\/types\/post"}],"author":[{"embeddable":true,"href":"https:\/\/resumosergipe.com.br\/index.php?rest_route=\/wp\/v2\/users\/1"}],"replies":[{"embeddable":true,"href":"https:\/\/resumosergipe.com.br\/index.php?rest_route=%2Fwp%2Fv2%2Fcomments&post=1157"}],"version-history":[{"count":1,"href":"https:\/\/resumosergipe.com.br\/index.php?rest_route=\/wp\/v2\/posts\/1157\/revisions"}],"predecessor-version":[{"id":1159,"href":"https:\/\/resumosergipe.com.br\/index.php?rest_route=\/wp\/v2\/posts\/1157\/revisions\/1159"}],"wp:featuredmedia":[{"embeddable":true,"href":"https:\/\/resumosergipe.com.br\/index.php?rest_route=\/wp\/v2\/media\/1158"}],"wp:attachment":[{"href":"https:\/\/resumosergipe.com.br\/index.php?rest_route=%2Fwp%2Fv2%2Fmedia&parent=1157"}],"wp:term":[{"taxonomy":"category","embeddable":true,"href":"https:\/\/resumosergipe.com.br\/index.php?rest_route=%2Fwp%2Fv2%2Fcategories&post=1157"},{"taxonomy":"post_tag","embeddable":true,"href":"https:\/\/resumosergipe.com.br\/index.php?rest_route=%2Fwp%2Fv2%2Ftags&post=1157"}],"curies":[{"name":"wp","href":"https:\/\/api.w.org\/{rel}","templated":true}]}}