{"id":1216,"date":"2023-10-23T18:33:11","date_gmt":"2023-10-23T21:33:11","guid":{"rendered":"https:\/\/resumosergipe.com.br\/?p=1216"},"modified":"2023-10-23T18:33:11","modified_gmt":"2023-10-23T21:33:11","slug":"pre-caju-2023-defesa-civil-de-aracaju-verifica-montagem-das-estruturas","status":"publish","type":"post","link":"https:\/\/resumosergipe.com.br\/?p=1216","title":{"rendered":"Pr\u00e9- Caju 2023: Defesa Civil de Aracaju verifica montagem das estruturas"},"content":{"rendered":"\n<p>A Orla da Atalaia recebe a montagem das estruturas do Pr\u00e9- Caju 2023, a ser realizado entre os dias 3 e 5 de novembro. Em aten\u00e7\u00e3o \u00e0 seguran\u00e7a estrutural do evento, a Defesa Civil de Aracaju, \u00f3rg\u00e3o que integra a Secretaria Municipal da Defesa Social e da Cidadania (Semdec), verifica aspectos da montagem de palcos, camarotes e demais elementos de suporte que ir\u00e3o compor a festa.<\/p>\n\n\n\n<p>O secret\u00e1rio da Defesa Social e da Cidadania, tenente-coronel Silvio Prado, ressalta que o trabalho vem sendo realizado desde o in\u00edcio da montagem. &#8220;Essa \u00e9 uma festa expressiva para nossa cidade. Milhares de pessoas da capital e de outras localidades passar\u00e3o pela Orla da Atalaia nos dias do evento. Trabalhamos para que o p\u00fablico possa frequentar o espa\u00e7o com tranquilidade&#8221;, frisou.<\/p>\n\n\n\n<p>Segundo o coordenador da Defesa Civil de Aracaju, Robson Rabelo, o acompanhamento da montagem \u00e9 um procedimento adotado, de forma preventiva, para os eventos com estruturas de grande porte.<\/p>\n\n\n\n<p>&#8220;Nessas inspe\u00e7\u00f5es, observamos se as estruturas est\u00e3o sendo montadas por pessoas habilitadas, com a devida comprova\u00e7\u00e3o t\u00e9cnica, a partir dos documentos alinhados junto aos conselhos de classe. Somado a isso, fazemos verifica\u00e7\u00f5es no sentido de identificar eventuais riscos, que visualmente sejam de f\u00e1cil detec\u00e7\u00e3o, e sempre que necess\u00e1rio indicamos as corre\u00e7\u00f5es a serem procedidas e outras medidas, como o teste de carga, por exemplo&#8221;, pontuou Rabelo.<\/p>\n\n\n\n<p>As vistorias devem ocorrer at\u00e9 a conclus\u00e3o da montagem, com apoio voltado ao monitoramento dessas estruturas tamb\u00e9m durante a programa\u00e7\u00e3o da festa. A aten\u00e7\u00e3o se estende, inclusive, ao processo de desmontagem dessas estruturas, em momento posterior ao evento.<\/p>\n\n\n\n<p><em>Fonte: PMA<\/em><\/p>\n","protected":false},"excerpt":{"rendered":"<p>A Orla da Atalaia recebe a montagem das estruturas do Pr\u00e9- Caju 2023, a ser realizado entre os dias 3 e 5 de novembro. Em aten\u00e7\u00e3o \u00e0 seguran\u00e7a estrutural do evento, a Defesa Civil de Aracaju, \u00f3rg\u00e3o que integra a Secretaria Municipal da Defesa Social e da Cidadania (Semdec), verifica aspectos da montagem de palcos, camarotes e demais elementos de suporte que ir\u00e3o compor a festa. O secret\u00e1rio da Defesa Social e da Cidadania, tenente-coronel Silvio Prado, ressalta que o trabalho vem sendo realizado desde o in\u00edcio da montagem. &#8220;Essa \u00e9 uma festa expressiva para nossa cidade. Milhares de pessoas da capital e de outras localidades passar\u00e3o pela Orla da Atalaia nos dias do evento. Trabalhamos para que o p\u00fablico possa frequentar o espa\u00e7o com tranquilidade&#8221;, frisou. Segundo o coordenador da Defesa Civil de Aracaju, Robson Rabelo, o acompanhamento da montagem \u00e9 um procedimento adotado, de forma preventiva, para os eventos com estruturas de grande porte. &#8220;Nessas inspe\u00e7\u00f5es, observamos se as estruturas est\u00e3o sendo montadas por pessoas habilitadas, com a devida comprova\u00e7\u00e3o t\u00e9cnica, a partir dos documentos alinhados junto aos conselhos de classe. Somado a isso, fazemos verifica\u00e7\u00f5es no sentido de identificar eventuais riscos, que visualmente sejam de f\u00e1cil detec\u00e7\u00e3o, e sempre que necess\u00e1rio indicamos as corre\u00e7\u00f5es a serem procedidas e outras medidas, como o teste de carga, por exemplo&#8221;, pontuou Rabelo. As vistorias devem ocorrer at\u00e9 a conclus\u00e3o da montagem, com apoio voltado ao monitoramento dessas estruturas tamb\u00e9m durante a programa\u00e7\u00e3o da festa. A aten\u00e7\u00e3o se estende, inclusive, ao processo de desmontagem dessas estruturas, em momento posterior ao evento. Fonte: PMA<\/p>\n","protected":false},"author":1,"featured_media":1217,"comment_status":"open","ping_status":"open","sticky":false,"template":"","format":"standard","meta":{"footnotes":""},"categories":[61],"tags":[63],"class_list":["post-1216","post","type-post","status-publish","format-standard","has-post-thumbnail","hentry","category-aracaju","tag-pre-caju"],"_links":{"self":[{"href":"https:\/\/resumosergipe.com.br\/index.php?rest_route=\/wp\/v2\/posts\/1216","targetHints":{"allow":["GET"]}}],"collection":[{"href":"https:\/\/resumosergipe.com.br\/index.php?rest_route=\/wp\/v2\/posts"}],"about":[{"href":"https:\/\/resumosergipe.com.br\/index.php?rest_route=\/wp\/v2\/types\/post"}],"author":[{"embeddable":true,"href":"https:\/\/resumosergipe.com.br\/index.php?rest_route=\/wp\/v2\/users\/1"}],"replies":[{"embeddable":true,"href":"https:\/\/resumosergipe.com.br\/index.php?rest_route=%2Fwp%2Fv2%2Fcomments&post=1216"}],"version-history":[{"count":1,"href":"https:\/\/resumosergipe.com.br\/index.php?rest_route=\/wp\/v2\/posts\/1216\/revisions"}],"predecessor-version":[{"id":1218,"href":"https:\/\/resumosergipe.com.br\/index.php?rest_route=\/wp\/v2\/posts\/1216\/revisions\/1218"}],"wp:featuredmedia":[{"embeddable":true,"href":"https:\/\/resumosergipe.com.br\/index.php?rest_route=\/wp\/v2\/media\/1217"}],"wp:attachment":[{"href":"https:\/\/resumosergipe.com.br\/index.php?rest_route=%2Fwp%2Fv2%2Fmedia&parent=1216"}],"wp:term":[{"taxonomy":"category","embeddable":true,"href":"https:\/\/resumosergipe.com.br\/index.php?rest_route=%2Fwp%2Fv2%2Fcategories&post=1216"},{"taxonomy":"post_tag","embeddable":true,"href":"https:\/\/resumosergipe.com.br\/index.php?rest_route=%2Fwp%2Fv2%2Ftags&post=1216"}],"curies":[{"name":"wp","href":"https:\/\/api.w.org\/{rel}","templated":true}]}}