{"id":1231,"date":"2023-10-24T20:48:41","date_gmt":"2023-10-24T23:48:41","guid":{"rendered":"https:\/\/resumosergipe.com.br\/?p=1231"},"modified":"2023-10-24T20:48:41","modified_gmt":"2023-10-24T23:48:41","slug":"obra-de-revitalizacao-ampliara-estrutura-e-arborizacao-do-parque-da-sementeira","status":"publish","type":"post","link":"https:\/\/resumosergipe.com.br\/?p=1231","title":{"rendered":"Obra de revitaliza\u00e7\u00e3o ampliar\u00e1 estrutura e arboriza\u00e7\u00e3o do Parque da Sementeira"},"content":{"rendered":"\n<p>O Parque Governador Augusto Franco, tamb\u00e9m conhecido como Parque da Sementeira, em Aracaju, est\u00e1 passando por uma grande obra de revitaliza\u00e7\u00e3o, fruto de um investimento de mais de R$ 25 milh\u00f5es, financiados pelo Banco Interamericano de Desenvolvimento (BID), a partir do Programa de Requalifica\u00e7\u00e3o Urbana \u201cConstruindo para o Futuro\u201d, com o qual a Prefeitura de Aracaju est\u00e1 investindo mais de R$ 300 milh\u00f5es em diversas obras por toda a cidade. A revitaliza\u00e7\u00e3o da Sementeira atualmente se encontra na segunda fase, na qual est\u00e3o sendo executadas a\u00e7\u00f5es de amplia\u00e7\u00e3o da estrutura e da arboriza\u00e7\u00e3o do local.<\/p>\n\n\n\n<p>A primeira fase, conclu\u00edda ainda em 2022, contou com a reforma do cercamento, dos passeios e substitui\u00e7\u00e3o do gradil, a partir de um investimento aproximado de R$ 2,5 milh\u00f5es. Al\u00e9m disso, contou com o plantio de 779 \u00e1rvores, como um incremento ambiental e paisag\u00edstico para o parque. De acordo com o secret\u00e1rio municipal da Infraestrutura e presidente da Emurb, S\u00e9rgio Ferrari, o novo cercamento teve a fun\u00e7\u00e3o de ampliar o parque. \u201cEsse gradil de ferro permite que todo mundo veja o lado externo do parque. Isso faz com que as pessoas tenham um olhar mais compreens\u00edvel e mais abrangente do que \u00e9 o Parque da Sementeira\u201d, disse.<\/p>\n\n\n\n<p>Nesta segunda fase, o projeto visa reduzir significativamente o n\u00famero de ve\u00edculos circulando dentro do local. Isso porque, atualmente, o Parque da Sementeira abriga a Guarda Municipal de Aracaju, a Emsurb e outros equipamentos administrativos da Prefeitura, e isso faz com que, diariamente, haja a circula\u00e7\u00e3o de ve\u00edculos l\u00e1 dentro. Esses setores administrativos ser\u00e3o retirados do parque, o que far\u00e1 com que o tr\u00e1fego de ve\u00edculos seja algo eventual, para alguma necessidade.<\/p>\n\n\n\n<figure class=\"wp-block-image size-full\"><img fetchpriority=\"high\" decoding=\"async\" width=\"800\" height=\"533\" src=\"http:\/\/resumosergipe.com.br\/wp-content\/uploads\/2023\/10\/Sementeira2-e1698191245104.jpg\" alt=\"\" class=\"wp-image-1233\"\/><\/figure>\n\n\n\n<p>Outro conceito desta segunda etapa \u00e9 a amplia\u00e7\u00e3o da arboriza\u00e7\u00e3o. Segundo S\u00e9rgio Ferrari, foi realizado um estudo para fazer v\u00e1rios ambientes tem\u00e1ticos, com vegeta\u00e7\u00f5es de diversas partes do Brasil. \u201cMas vimos que isso seria um pouco invi\u00e1vel, n\u00e3o s\u00f3 pela implanta\u00e7\u00e3o, quanto pela manuten\u00e7\u00e3o. Por exemplo, para implantar algo da Mata Atl\u00e2ntica aqui dentro ter\u00edamos que criar uma condi\u00e7\u00e3o de umidade para fazer com que a manuten\u00e7\u00e3o fosse vi\u00e1vel. Pegamos um projeto que tinha sido concebido, simplificamos algumas coisas, e hoje o que est\u00e1 sendo executado tem alguns pontos importantes, como a melhoria da drenagem. No momento est\u00e1 sendo executado canaletas e valas de drenagem para permitir que n\u00e3o existam \u00e1reas alagadas dentro do parque\u201d, afirmou.<\/p>\n\n\n\n<p>Mais melhorias<\/p>\n\n\n\n<p>A revitaliza\u00e7\u00e3o contempla ainda outras melhorias, como a amplia\u00e7\u00e3o dos equipamentos de esporte e a reforma da Casa de Ci\u00eancia e Tecnologia da Cidade de Aracaju (CCTECA Galileu Galilei), um dos equipamentos mais visitados, principalmente por estudantes. Al\u00e9m disso, haver\u00e1 uma grande amplia\u00e7\u00e3o de vagas de estacionamento, em uma \u00e1rea cedida pela Embrapa \u00e0 Prefeitura de Aracaju. Tamb\u00e9m ser\u00e3o reformadas as estufas do Horto Municipal, mantidas pela Secretaria Municipal do Meio Ambiente (Sema) para produzir sementes e aumentar a arboriza\u00e7\u00e3o da cidade. Essa atividade, inclusive, \u00e9 o que deu origem ao nome do parque \u201cSementeira\u201d.<\/p>\n\n\n\n<p>Outra grande preocupa\u00e7\u00e3o da Prefeitura de Aracaju \u00e9 executar essa grande obra de revitaliza\u00e7\u00e3o sem interromper o fluxo do parque. \u201cEscolhemos fazer por etapas, para que isso seja poss\u00edvel. Estamos executando com os tapumes implantados, mas sem impedir que as pessoas circulem no resto do parque. Agora no final do ano, por exemplo, vai ter o Natal Iluminado, e o Parque da Sementeira \u00e9 um dos locais mais visitados de Aracaju nessa \u00e9poca, porque fica muito bonito, com toda aquela ilumina\u00e7\u00e3o natalina nas \u00e1reas do parque. Ent\u00e3o n\u00e3o vamos trabalhar nesta \u00e1rea at\u00e9 que tenha o Natal Iluminado. A partir do ano que vem, vamos come\u00e7ar a debater outras \u00e1reas para que a gente possa executar a obra sem causar preju\u00edzo. Em nenhum momento vamos fechar o parque para que as pessoas n\u00e3o deixem de visit\u00e1-lo\u201d, explicou o secret\u00e1rio S\u00e9rgio Ferrari.<\/p>\n\n\n\n<p>Repagina\u00e7\u00e3o Com a reurbaniza\u00e7\u00e3o interna, o parque, que possui cerca de 320 mil m\u00b2, ganhar\u00e1 novos bosques, um novo estacionamento, novos banheiros, quiosques, minadouro, setor de eventos, quadras de areia e poliesportiva, \u00e1reas de gin\u00e1stica, espa\u00e7o pet, rel\u00f3gio solar, abrigos de apoio, \u00e1rea administrativa, entre outras inova\u00e7\u00f5es. O memorial Marcelo D\u00e9da tamb\u00e9m passar\u00e1 por mudan\u00e7as.<\/p>\n\n\n\n<p><em>Fonte: PMA<\/em><\/p>\n","protected":false},"excerpt":{"rendered":"<p>O Parque Governador Augusto Franco, tamb\u00e9m conhecido como Parque da Sementeira, em Aracaju, est\u00e1 passando por uma grande obra de revitaliza\u00e7\u00e3o, fruto de um investimento de mais de R$ 25 milh\u00f5es, financiados pelo Banco Interamericano de Desenvolvimento (BID), a partir do Programa de Requalifica\u00e7\u00e3o Urbana \u201cConstruindo para o Futuro\u201d, com o qual a Prefeitura de Aracaju est\u00e1 investindo mais de R$ 300 milh\u00f5es em diversas obras por toda a cidade. A revitaliza\u00e7\u00e3o da Sementeira atualmente se encontra na segunda fase, na qual est\u00e3o sendo executadas a\u00e7\u00f5es de amplia\u00e7\u00e3o da estrutura e da arboriza\u00e7\u00e3o do local. A primeira fase, conclu\u00edda ainda em 2022, contou com a reforma do cercamento, dos passeios e substitui\u00e7\u00e3o do gradil, a partir de um investimento aproximado de R$ 2,5 milh\u00f5es. Al\u00e9m disso, contou com o plantio de 779 \u00e1rvores, como um incremento ambiental e paisag\u00edstico para o parque. De acordo com o secret\u00e1rio municipal da Infraestrutura e presidente da Emurb, S\u00e9rgio Ferrari, o novo cercamento teve a fun\u00e7\u00e3o de ampliar o parque. \u201cEsse gradil de ferro permite que todo mundo veja o lado externo do parque. Isso faz com que as pessoas tenham um olhar mais compreens\u00edvel e mais abrangente do que \u00e9 o Parque da Sementeira\u201d, disse. Nesta segunda fase, o projeto visa reduzir significativamente o n\u00famero de ve\u00edculos circulando dentro do local. Isso porque, atualmente, o Parque da Sementeira abriga a Guarda Municipal de Aracaju, a Emsurb e outros equipamentos administrativos da Prefeitura, e isso faz com que, diariamente, haja a circula\u00e7\u00e3o de ve\u00edculos l\u00e1 dentro. Esses setores administrativos ser\u00e3o retirados do parque, o que far\u00e1 com que o tr\u00e1fego de ve\u00edculos seja algo eventual, para alguma necessidade. Outro conceito desta segunda etapa \u00e9 a amplia\u00e7\u00e3o da arboriza\u00e7\u00e3o. Segundo S\u00e9rgio Ferrari, foi realizado um estudo para fazer v\u00e1rios ambientes tem\u00e1ticos, com vegeta\u00e7\u00f5es de diversas partes do Brasil. \u201cMas vimos que isso seria um pouco invi\u00e1vel, n\u00e3o s\u00f3 pela implanta\u00e7\u00e3o, quanto pela manuten\u00e7\u00e3o. Por exemplo, para implantar algo da Mata Atl\u00e2ntica aqui dentro ter\u00edamos que criar uma condi\u00e7\u00e3o de umidade para fazer com que a manuten\u00e7\u00e3o fosse vi\u00e1vel. Pegamos um projeto que tinha sido concebido, simplificamos algumas coisas, e hoje o que est\u00e1 sendo executado tem alguns pontos importantes, como a melhoria da drenagem. No momento est\u00e1 sendo executado canaletas e valas de drenagem para permitir que n\u00e3o existam \u00e1reas alagadas dentro do parque\u201d, afirmou. Mais melhorias A revitaliza\u00e7\u00e3o contempla ainda outras melhorias, como a amplia\u00e7\u00e3o dos equipamentos de esporte e a reforma da Casa de Ci\u00eancia e Tecnologia da Cidade de Aracaju (CCTECA Galileu Galilei), um dos equipamentos mais visitados, principalmente por estudantes. Al\u00e9m disso, haver\u00e1 uma grande amplia\u00e7\u00e3o de vagas de estacionamento, em uma \u00e1rea cedida pela Embrapa \u00e0 Prefeitura de Aracaju. Tamb\u00e9m ser\u00e3o reformadas as estufas do Horto Municipal, mantidas pela Secretaria Municipal do Meio Ambiente (Sema) para produzir sementes e aumentar a arboriza\u00e7\u00e3o da cidade. Essa atividade, inclusive, \u00e9 o que deu origem ao nome do parque \u201cSementeira\u201d. Outra grande preocupa\u00e7\u00e3o da Prefeitura de Aracaju \u00e9 executar essa grande obra de revitaliza\u00e7\u00e3o sem interromper o fluxo do parque. \u201cEscolhemos fazer por etapas, para que isso seja poss\u00edvel. Estamos executando com os tapumes implantados, mas sem impedir que as pessoas circulem no resto do parque. Agora no final do ano, por exemplo, vai ter o Natal Iluminado, e o Parque da Sementeira \u00e9 um dos locais mais visitados de Aracaju nessa \u00e9poca, porque fica muito bonito, com toda aquela ilumina\u00e7\u00e3o natalina nas \u00e1reas do parque. Ent\u00e3o n\u00e3o vamos trabalhar nesta \u00e1rea at\u00e9 que tenha o Natal Iluminado. A partir do ano que vem, vamos come\u00e7ar a debater outras \u00e1reas para que a gente possa executar a obra sem causar preju\u00edzo. Em nenhum momento vamos fechar o parque para que as pessoas n\u00e3o deixem de visit\u00e1-lo\u201d, explicou o secret\u00e1rio S\u00e9rgio Ferrari. Repagina\u00e7\u00e3o Com a reurbaniza\u00e7\u00e3o interna, o parque, que possui cerca de 320 mil m\u00b2, ganhar\u00e1 novos bosques, um novo estacionamento, novos banheiros, quiosques, minadouro, setor de eventos, quadras de areia e poliesportiva, \u00e1reas de gin\u00e1stica, espa\u00e7o pet, rel\u00f3gio solar, abrigos de apoio, \u00e1rea administrativa, entre outras inova\u00e7\u00f5es. O memorial Marcelo D\u00e9da tamb\u00e9m passar\u00e1 por mudan\u00e7as. Fonte: PMA<\/p>\n","protected":false},"author":1,"featured_media":1232,"comment_status":"open","ping_status":"open","sticky":false,"template":"","format":"standard","meta":{"footnotes":""},"categories":[61],"tags":[],"class_list":["post-1231","post","type-post","status-publish","format-standard","has-post-thumbnail","hentry","category-aracaju"],"_links":{"self":[{"href":"https:\/\/resumosergipe.com.br\/index.php?rest_route=\/wp\/v2\/posts\/1231","targetHints":{"allow":["GET"]}}],"collection":[{"href":"https:\/\/resumosergipe.com.br\/index.php?rest_route=\/wp\/v2\/posts"}],"about":[{"href":"https:\/\/resumosergipe.com.br\/index.php?rest_route=\/wp\/v2\/types\/post"}],"author":[{"embeddable":true,"href":"https:\/\/resumosergipe.com.br\/index.php?rest_route=\/wp\/v2\/users\/1"}],"replies":[{"embeddable":true,"href":"https:\/\/resumosergipe.com.br\/index.php?rest_route=%2Fwp%2Fv2%2Fcomments&post=1231"}],"version-history":[{"count":2,"href":"https:\/\/resumosergipe.com.br\/index.php?rest_route=\/wp\/v2\/posts\/1231\/revisions"}],"predecessor-version":[{"id":1235,"href":"https:\/\/resumosergipe.com.br\/index.php?rest_route=\/wp\/v2\/posts\/1231\/revisions\/1235"}],"wp:featuredmedia":[{"embeddable":true,"href":"https:\/\/resumosergipe.com.br\/index.php?rest_route=\/wp\/v2\/media\/1232"}],"wp:attachment":[{"href":"https:\/\/resumosergipe.com.br\/index.php?rest_route=%2Fwp%2Fv2%2Fmedia&parent=1231"}],"wp:term":[{"taxonomy":"category","embeddable":true,"href":"https:\/\/resumosergipe.com.br\/index.php?rest_route=%2Fwp%2Fv2%2Fcategories&post=1231"},{"taxonomy":"post_tag","embeddable":true,"href":"https:\/\/resumosergipe.com.br\/index.php?rest_route=%2Fwp%2Fv2%2Ftags&post=1231"}],"curies":[{"name":"wp","href":"https:\/\/api.w.org\/{rel}","templated":true}]}}