{"id":1272,"date":"2023-10-31T19:53:52","date_gmt":"2023-10-31T22:53:52","guid":{"rendered":"https:\/\/resumosergipe.com.br\/?p=1272"},"modified":"2023-10-31T19:53:52","modified_gmt":"2023-10-31T22:53:52","slug":"presidente-lula-defende-manutencao-do-orcamento-e-enfrenta-desafios-na-meta-fiscal","status":"publish","type":"post","link":"https:\/\/resumosergipe.com.br\/?p=1272","title":{"rendered":"Presidente Lula Defende Manuten\u00e7\u00e3o do Or\u00e7amento e Enfrenta Desafios na Meta Fiscal"},"content":{"rendered":"\n<p>O presidente Luiz In\u00e1cio Lula da Silva reuniu-se hoje com deputados da base aliada no Pal\u00e1cio do Planalto, onde defendeu veementemente a manuten\u00e7\u00e3o das despesas previstas no or\u00e7amento de 2024. O l\u00edder enfatizou que nenhum corte ser\u00e1 feito na pe\u00e7a or\u00e7ament\u00e1ria, argumentando que isso comprometeria as obriga\u00e7\u00f5es assumidas, especialmente na \u00e1rea social. Lula destacou que a conten\u00e7\u00e3o de despesas poderia amea\u00e7ar os 47 programas sociais lan\u00e7ados ou retomados pelo governo este ano.<\/p>\n\n\n\n<p>A reuni\u00e3o ocorre em meio a uma resist\u00eancia crescente em rela\u00e7\u00e3o \u00e0 meta de zerar o d\u00e9ficit nas contas p\u00fablicas em 2024, estabelecida pelo ministro Fernando Haddad. Lula expressou d\u00favidas sobre a viabilidade dessa meta e teme seu impacto em ano eleitoral. A ministra Simone Tebet, presente na reuni\u00e3o, alinhou-se \u00e0 vis\u00e3o do presidente, afirmando que qualquer mudan\u00e7a na meta n\u00e3o aumentaria despesas, mas visaria cumprir o que est\u00e1 definido no or\u00e7amento.<\/p>\n\n\n\n<p>A disputa em torno do novo arcabou\u00e7o fiscal tamb\u00e9m foi abordada, com a ministra pedindo o apoio dos congressistas para evitar derrubadas de vetos presidenciais. Ela destacou a import\u00e2ncia das &#8220;despesas condicionadas&#8221;, que totalizam cerca de R$ 30 bilh\u00f5es e dependem da aprova\u00e7\u00e3o parlamentar. A busca por fontes adicionais de receita \u00e9 evidente, uma vez que o governo precisa levantar R$ 168 bilh\u00f5es extras at\u00e9 o pr\u00f3ximo ano.<\/p>\n\n\n\n<p>Quanto \u00e0 Medida Provis\u00f3ria 1.185, que trata da subven\u00e7\u00e3o e enfrenta resist\u00eancia no Congresso, o ministro Alexandre Padilha enfatizou a import\u00e2ncia dessa medida para o plano de zerar o d\u00e9ficit. A discuss\u00e3o sobre a MP gira em torno de sua aprova\u00e7\u00e3o ou substitui\u00e7\u00e3o por um projeto de lei, o que poderia resultar em uma perda de quase R$ 10 bilh\u00f5es para a Uni\u00e3o.<\/p>\n\n\n\n<p>Lula apresentou sete \u00e1reas priorit\u00e1rias para a agenda econ\u00f4mica no Congresso, incluindo leis or\u00e7ament\u00e1rias, reforma tribut\u00e1ria e mudan\u00e7as no regime de benef\u00edcio tribut\u00e1rio do JCP. A revis\u00e3o da meta de gastos ainda \u00e9 incerta, mas a expectativa \u00e9 de que ocorra em algum momento, e o presidente pediu esfor\u00e7os para aprovar essas quest\u00f5es ainda este ano, dada a atipicidade de 2024 devido ao calend\u00e1rio eleitoral.<\/p>\n\n\n\n<p>Ao final da reuni\u00e3o, l\u00edderes partid\u00e1rios expressaram confian\u00e7a na habilidade do governo em encontrar receitas que minimizem a necessidade de altera\u00e7\u00f5es na meta fiscal. A decis\u00e3o sobre a MP 1.185 ser\u00e1 tratada com o presidente da C\u00e2mara, Arthur Lira, enquanto a poss\u00edvel revis\u00e3o da meta de gastos permanece em discuss\u00e3o.<\/p>\n","protected":false},"excerpt":{"rendered":"<p>O presidente Luiz In\u00e1cio Lula da Silva reuniu-se hoje com deputados da base aliada no Pal\u00e1cio do Planalto, onde defendeu veementemente a manuten\u00e7\u00e3o das despesas previstas no or\u00e7amento de 2024. O l\u00edder enfatizou que nenhum corte ser\u00e1 feito na pe\u00e7a or\u00e7ament\u00e1ria, argumentando que isso comprometeria as obriga\u00e7\u00f5es assumidas, especialmente na \u00e1rea social. Lula destacou que a conten\u00e7\u00e3o de despesas poderia amea\u00e7ar os 47 programas sociais lan\u00e7ados ou retomados pelo governo este ano. A reuni\u00e3o ocorre em meio a uma resist\u00eancia crescente em rela\u00e7\u00e3o \u00e0 meta de zerar o d\u00e9ficit nas contas p\u00fablicas em 2024, estabelecida pelo ministro Fernando Haddad. Lula expressou d\u00favidas sobre a viabilidade dessa meta e teme seu impacto em ano eleitoral. A ministra Simone Tebet, presente na reuni\u00e3o, alinhou-se \u00e0 vis\u00e3o do presidente, afirmando que qualquer mudan\u00e7a na meta n\u00e3o aumentaria despesas, mas visaria cumprir o que est\u00e1 definido no or\u00e7amento. A disputa em torno do novo arcabou\u00e7o fiscal tamb\u00e9m foi abordada, com a ministra pedindo o apoio dos congressistas para evitar derrubadas de vetos presidenciais. Ela destacou a import\u00e2ncia das &#8220;despesas condicionadas&#8221;, que totalizam cerca de R$ 30 bilh\u00f5es e dependem da aprova\u00e7\u00e3o parlamentar. A busca por fontes adicionais de receita \u00e9 evidente, uma vez que o governo precisa levantar R$ 168 bilh\u00f5es extras at\u00e9 o pr\u00f3ximo ano. Quanto \u00e0 Medida Provis\u00f3ria 1.185, que trata da subven\u00e7\u00e3o e enfrenta resist\u00eancia no Congresso, o ministro Alexandre Padilha enfatizou a import\u00e2ncia dessa medida para o plano de zerar o d\u00e9ficit. A discuss\u00e3o sobre a MP gira em torno de sua aprova\u00e7\u00e3o ou substitui\u00e7\u00e3o por um projeto de lei, o que poderia resultar em uma perda de quase R$ 10 bilh\u00f5es para a Uni\u00e3o. Lula apresentou sete \u00e1reas priorit\u00e1rias para a agenda econ\u00f4mica no Congresso, incluindo leis or\u00e7ament\u00e1rias, reforma tribut\u00e1ria e mudan\u00e7as no regime de benef\u00edcio tribut\u00e1rio do JCP. A revis\u00e3o da meta de gastos ainda \u00e9 incerta, mas a expectativa \u00e9 de que ocorra em algum momento, e o presidente pediu esfor\u00e7os para aprovar essas quest\u00f5es ainda este ano, dada a atipicidade de 2024 devido ao calend\u00e1rio eleitoral. Ao final da reuni\u00e3o, l\u00edderes partid\u00e1rios expressaram confian\u00e7a na habilidade do governo em encontrar receitas que minimizem a necessidade de altera\u00e7\u00f5es na meta fiscal. A decis\u00e3o sobre a MP 1.185 ser\u00e1 tratada com o presidente da C\u00e2mara, Arthur Lira, enquanto a poss\u00edvel revis\u00e3o da meta de gastos permanece em discuss\u00e3o.<\/p>\n","protected":false},"author":1,"featured_media":1273,"comment_status":"open","ping_status":"open","sticky":false,"template":"","format":"standard","meta":{"footnotes":""},"categories":[66,25],"tags":[75,34],"class_list":["post-1272","post","type-post","status-publish","format-standard","has-post-thumbnail","hentry","category-brasil","category-economia","tag-lula","tag-orcamento"],"_links":{"self":[{"href":"https:\/\/resumosergipe.com.br\/index.php?rest_route=\/wp\/v2\/posts\/1272","targetHints":{"allow":["GET"]}}],"collection":[{"href":"https:\/\/resumosergipe.com.br\/index.php?rest_route=\/wp\/v2\/posts"}],"about":[{"href":"https:\/\/resumosergipe.com.br\/index.php?rest_route=\/wp\/v2\/types\/post"}],"author":[{"embeddable":true,"href":"https:\/\/resumosergipe.com.br\/index.php?rest_route=\/wp\/v2\/users\/1"}],"replies":[{"embeddable":true,"href":"https:\/\/resumosergipe.com.br\/index.php?rest_route=%2Fwp%2Fv2%2Fcomments&post=1272"}],"version-history":[{"count":1,"href":"https:\/\/resumosergipe.com.br\/index.php?rest_route=\/wp\/v2\/posts\/1272\/revisions"}],"predecessor-version":[{"id":1274,"href":"https:\/\/resumosergipe.com.br\/index.php?rest_route=\/wp\/v2\/posts\/1272\/revisions\/1274"}],"wp:featuredmedia":[{"embeddable":true,"href":"https:\/\/resumosergipe.com.br\/index.php?rest_route=\/wp\/v2\/media\/1273"}],"wp:attachment":[{"href":"https:\/\/resumosergipe.com.br\/index.php?rest_route=%2Fwp%2Fv2%2Fmedia&parent=1272"}],"wp:term":[{"taxonomy":"category","embeddable":true,"href":"https:\/\/resumosergipe.com.br\/index.php?rest_route=%2Fwp%2Fv2%2Fcategories&post=1272"},{"taxonomy":"post_tag","embeddable":true,"href":"https:\/\/resumosergipe.com.br\/index.php?rest_route=%2Fwp%2Fv2%2Ftags&post=1272"}],"curies":[{"name":"wp","href":"https:\/\/api.w.org\/{rel}","templated":true}]}}