{"id":1283,"date":"2023-11-03T19:11:54","date_gmt":"2023-11-03T22:11:54","guid":{"rendered":"https:\/\/resumosergipe.com.br\/?p=1283"},"modified":"2023-11-03T19:11:54","modified_gmt":"2023-11-03T22:11:54","slug":"governador-apresenta-campanha-de-turismo-e-programacoes-da-vila-do-natal-iluminado-e-verao-sergipe-2024","status":"publish","type":"post","link":"https:\/\/resumosergipe.com.br\/?p=1283","title":{"rendered":"Governador apresenta campanha de turismo e programa\u00e7\u00f5es da Vila do Natal Iluminado e Ver\u00e3o Sergipe 2024"},"content":{"rendered":"\n<p>Com o objetivo de fortalecer o turismo local, impulsionar a economia e proporcionar momentos memor\u00e1veis aos visitantes e \u00e0 popula\u00e7\u00e3o sergipana, o governador de Sergipe, F\u00e1bio Mitidieri, realizou nesta sexta-feira, 3, o lan\u00e7amento da campanha de turismo \u2018Sinta de perto esse aconchego\u2019 e do Ver\u00e3o Sergipe 2024. O an\u00fancio aconteceu em mais uma edi\u00e7\u00e3o do Caf\u00e9 ponto Gov, que contou tamb\u00e9m com apresenta\u00e7\u00e3o da programa\u00e7\u00e3o da Vila do Natal Iluminado, realizado em parceria com a Federa\u00e7\u00e3o do Com\u00e9rcio de Bens, Servi\u00e7os e Turismo do Estado de Sergipe (Fecom\u00e9rcio\/SE).<\/p>\n\n\n\n<p>&nbsp;Para F\u00e1bio Mitidieri, ao investir em eventos atrativos e promover a divulga\u00e7\u00e3o dos encantos do estado, o Governo est\u00e1 impulsionando o setor tur\u00edstico e gerando oportunidades para os empreendedores locais, fortalecendo a economia e o orgulho sergipano. \u201cO que n\u00f3s queremos \u00e9 incentivar ainda mais a nossa economia, cultura, as nossas pr\u00e1ticas esportivas, interiorizar o turismo. Ap\u00f3s dez anos, o Ver\u00e3o Sergipe estar\u00e1 de volta, em janeiro e fevereiro, englobando seis munic\u00edpios do nosso estado, incluindo a capital, Aracaju. A ideia \u00e9 mostrar o potencial tur\u00edstico de Sergipe. Com isso, estamos mostrando Caueira, Est\u00e2ncia, Pacatuba, Canind\u00e9, Pirambu, Aracaju para os turistas, que v\u00e3o conhecer um pouco mais, por meio dos shows e do esporte, os atrativos dessas regi\u00f5es. Al\u00e9m disso, teremos a Vila do Natal Iluminado. Ser\u00e3o 30 dias de Natal na Orla da Atalaia, em Aracaju\u201d, destacou.&nbsp;<\/p>\n\n\n\n<p>O governador ressaltou a import\u00e2ncia da promo\u00e7\u00e3o de pol\u00edticas p\u00fablicas voltadas para o setor de turismo. \u201c\u00c9 uma sequ\u00eancia de a\u00e7\u00f5es para o setor do turismo, no qual a gente vai conseguindo trazer o p\u00fablico e acostumando esse turista e a pr\u00f3pria popula\u00e7\u00e3o local a conhecer mais Sergipe. Nos festejos juninos, n\u00f3s investimos R$ 18 milh\u00f5es, mas se arrecadou quase R$ 50 milh\u00f5es. Isso \u00e9 a prova da for\u00e7a do turismo na nossa economia. E n\u00f3s vamos investir mais, para fazer de Sergipe um destino cada vez melhor. N\u00f3s estamos aproveitando o Pr\u00e9-Caju, maior pr\u00e9via do Brasil, para vender todo esse potencial. Dos 12 meses do ano, n\u00f3s vamos ter cinco meses seguidos de eventos. Teremos 60 dias de S\u00e3o Jo\u00e3o, de junho a julho, mais 30 dias de Natal, dois meses de Ver\u00e3o Sergipe, juntamente com o Projeto de Ver\u00e3o. Enfim, s\u00e3o grandes eventos que v\u00e3o fazer com que a rede hoteleira esteja lotada, restaurantes comecem a vender mais e, consequentemente, mais pessoas sejam empregadas e haja um desenvolvimento ainda maior da cadeia produtiva do turismo\u201d, disse.<\/p>\n\n\n\n<p>Na oportunidade, o secret\u00e1rio de Estado do Turismo, Marcos Franco, enalteceu os investimentos realizados pelo Estado no setor. \u201cEstamos vendo o desenvolvimento do turismo, na gera\u00e7\u00e3o de renda e emprego, e mostrando tamb\u00e9m as nossas belezas naturais, os nossos conte\u00fados, a nossa religi\u00e3o, a nosso artesanato, a nossa cultura. Ent\u00e3o, \u00e9 isso que o nosso governador quer priorizar: a qualidade de vida do povo sergipano por meio da gera\u00e7\u00e3o de renda e emprego e do incentivo ao turismo. A prova \u00e9 a evolu\u00e7\u00e3o do n\u00famero de passageiros no aeroporto de Aracaju, al\u00e9m do aumento nos n\u00fameros de eventos realizados no estado\u201d, colocou. &nbsp;<\/p>\n\n\n\n<p>Ver\u00e3o Sergipe 2024<\/p>\n\n\n\n<p>O Ver\u00e3o Sergipe 2024 \u00e9 uma realiza\u00e7\u00e3o do Governo do Estado, por meio da Secretaria Especial da Comunica\u00e7\u00e3o (Secom), em parceria com a Secretaria de Estado do Turismo (Setur), Funda\u00e7\u00e3o de Cultura e Arte Aperip\u00ea (Funcap), Secretaria de Estado do Trabalho, Emprego e Empreendedorismo (Seteem) e Secretaria de Estado de Esporte e Lazer (Seel). O evento contar\u00e1 com competi\u00e7\u00f5es esportivas, apresenta\u00e7\u00f5es de grupos folcl\u00f3ricos, exposi\u00e7\u00e3o e feira de artesanato, e shows art\u00edsticos com atra\u00e7\u00f5es sergipanas e nacionais.<\/p>\n\n\n\n<p>O projeto foi iniciado no ano de 2007, na gest\u00e3o do ent\u00e3o governador Marcelo D\u00e9da, que integrava o calend\u00e1rio de ver\u00e3o do estado. O evento tamb\u00e9m reunia artistas de diversos g\u00eaneros musicais, economia criativa e atividades esportivas, para celebrar a cultura, o turismo e aquecer a economia. A \u00faltima edi\u00e7\u00e3o foi realizada no ano de 2013, sendo retomado agora, dez anos depois, na gest\u00e3o do governador F\u00e1bio Mitidieri.<\/p>\n\n\n\n<p>A programa\u00e7\u00e3o do Ver\u00e3o Sergipe 2024 acontecer\u00e1 durante os finais de semana dos meses de janeiro e fevereiro, nas quatro sedes e tamb\u00e9m em Est\u00e2ncia, durante o Carnaval. Entre as atividades esportivas previstas est\u00e3o beach t\u00eanis, futev\u00f4lei, altinha, duatlo (duathlon), corrida, polo aqu\u00e1tico, kitesurf, beach hand, 3&#215;3 basquete, v\u00f4lei adaptado, dan\u00e7a, zumba e beach soccer.<\/p>\n\n\n\n<p>&nbsp;A praia do Abais, localizada no munic\u00edpio de Est\u00e2ncia, ser\u00e1 um dos locais inclu\u00eddos na programa\u00e7\u00e3o do Ver\u00e3o Sergipe. Para o prefeito de Est\u00e2ncia, Gilson Andrade, a iniciativa \u00e9 importante para a promo\u00e7\u00e3o do turismo e para fortalecer a economia local. \u201cQuero parabenizar o governador F\u00e1bio Mitidieri, que tem como uma das suas principais a\u00e7\u00f5es alavancar o turismo em Sergipe, difundindo no cen\u00e1rio nacional as nossas potencialidades, como os nossos festejos juninos, participando de diversas feiras nos diversos segmentos e, agora, a retomada do Ver\u00e3o Sergipe, com muita for\u00e7a. E Est\u00e2ncia est\u00e1 sendo contemplada no Ver\u00e3o Sergipe em pleno carnaval, assim como diversos munic\u00edpios. Ent\u00e3o, \u00e9 uma forma de n\u00f3s alavancarmos o turismo, de fortalecermos a gera\u00e7\u00e3o de emprego e renda nesse momento\u201d, frisou.<\/p>\n\n\n\n<p>&nbsp;O Governo do Estado vai continuar com a parceria com a prefeitura de Aracaju, no Projeto Ver\u00e3o 2024, que acontecer\u00e1 nos dias 1\u00ba, 2 e 3 de mar\u00e7o. A programa\u00e7\u00e3o ser\u00e1 anunciada posteriormente. Na ocasi\u00e3o, o prefeito de Aracaju, Edvaldo Nogueira, falou sobre a import\u00e2ncia do projeto para o fomento do turismo no estado. \u201cO Ver\u00e3o Sergipe \u00e9 muito importante, porque vai movimentar a economia do estado inteiro. Durante os meses de janeiro e fevereiro, v\u00e1rias cidades receber\u00e3o o Ver\u00e3o Sergipe. E n\u00f3s encerraremos com a programa\u00e7\u00e3o no Projeto Ver\u00e3o, em Aracaju\u201d, destacou.<\/p>\n\n\n\n<p>Campanha \u2018Sinta de perto esse aconchego\u2019<\/p>\n\n\n\n<p>&nbsp;Na campanha \u2018Sinta de perto esse aconchego\u2019, a sergipanidade estar\u00e1 presente em cada experi\u00eancia proporcionada aos visitantes, tornando a viagem \u00fanica e memor\u00e1vel. Segundo o secret\u00e1rio Especial da Comunica\u00e7\u00e3o Social, Cleon Nascimento, o objetivo \u00e9 promover o estado como um destino tur\u00edstico completo, destacando n\u00e3o apenas suas belas praias, mas tamb\u00e9m seus atrativos hist\u00f3ricos, religiosos, culturais, naturais e gastron\u00f4micos. \u201cNosso intuito \u00e9 fazer uma fideliza\u00e7\u00e3o dos turistas com uma comunica\u00e7\u00e3o que chegue nas pessoas de uma forma mais leve e sutil\u201d, afirmou.<\/p>\n\n\n\n<p>Entre os produtos tur\u00edsticos apresentados, estar\u00e3o as orlas da Atalaia, Sul e P\u00f4r do Sol; Museu e Largo da Gente Sergipana; mercados municipais; colina do Santo Ant\u00f4nio; Canind\u00e9 do S\u00e3o Francisco, com foco no C\u00e2nion de Xing\u00f3 e na Rota do Canga\u00e7o; Est\u00e2ncia, com foco no Barco de Fogo; Praias do Saco e do Aba\u00eds, e Lagoa dos Tambaquis; as cidades hist\u00f3ricas de S\u00e3o Crist\u00f3v\u00e3o e Laranjeiras, Parque dos Falc\u00f5es; festejos juninos, cultura popular e gastronomia.<\/p>\n\n\n\n<p>Vila do Natal Iluminado<\/p>\n\n\n\n<p>Com o objetivo de proporcionar aos sergipanos e turistas a experi\u00eancia in\u00e9dita de um per\u00edodo natalino em um dos principais cart\u00f5es postais do estado, a Orla da Atalaia, o Governo de Sergipe realizar\u00e1, no per\u00edodo de 2 de dezembro a 2 de janeiro de 2024, a Vila do Natal Iluminado. A programa\u00e7\u00e3o \u00e9 realizada em parceria com a Fecom\u00e9rcio\/SE.<\/p>\n\n\n\n<p>No espa\u00e7o que ser\u00e1 montado na Orla da Atalaia, os visitantes poder\u00e3o visitar a Vila Tem\u00e1tica do Natal, assistir a diversas apresenta\u00e7\u00f5es art\u00edsticas com orquestras, filarm\u00f4nicas e shows natalinos, al\u00e9m de participar da Parada de Natal. Ser\u00e3o montados na Vila do Natal Iluminado pista de patina\u00e7\u00e3o no gelo e uma roda gigante, casa do Papai Noel, trenzinho, igreja, pres\u00e9pio, \u00e1rvore de LED e espa\u00e7o instagram\u00e1vel. No local, o p\u00fablico tamb\u00e9m ter\u00e1 acesso \u00e0 \u00e1rea de alimenta\u00e7\u00e3o, com restaurantes, lanchonetes e espa\u00e7os de comidas t\u00edpicas e artesanato.<\/p>\n\n\n\n<p>Confira a programa\u00e7\u00e3o musical do Ver\u00e3o Sergipe 2024<\/p>\n\n\n\n<p>Programa\u00e7\u00e3o musical<\/p>\n\n\n\n<p><strong>Itaporanga d\u2019Ajuda &#8211; Praia da Caueira<\/strong><\/p>\n\n\n\n<p>Sexta-feira, 12 de janeiro<\/p>\n\n\n\n<p>20h &#8211; Rock 79<\/p>\n\n\n\n<p>22h &#8211; Hungria<\/p>\n\n\n\n<p>0h &#8211; Dilsinho<\/p>\n\n\n\n<p>2h &#8211; Seaway<\/p>\n\n\n\n<p>S\u00e1bado, 13 de janeiro<\/p>\n\n\n\n<p>18h &#8211; Faranis<\/p>\n\n\n\n<p>20h &#8211; Chicabana<\/p>\n\n\n\n<p>22h &#8211; Maneva<\/p>\n\n\n\n<p>0h &#8211; Ygor Raniere<\/p>\n\n\n\n<p><strong>Pacatuba &#8211; Ponta dos Mangues<\/strong><\/p>\n\n\n\n<p>Sexta-feira, 19 de janeiro<\/p>\n\n\n\n<p>20h &#8211; Rea\u00e7\u00e3o<\/p>\n\n\n\n<p>22h &#8211; Nona<\/p>\n\n\n\n<p>0h &#8211; Saulo<\/p>\n\n\n\n<p>2h &#8211; Bhaskar<\/p>\n\n\n\n<p>S\u00e1bado, 20 de janeiro<\/p>\n\n\n\n<p>18h &#8211; The Baggios<\/p>\n\n\n\n<p>20h &#8211; Jau<\/p>\n\n\n\n<p>22h &#8211; Nando Reis<\/p>\n\n\n\n<p>0h &#8211; Jorge Ducci<\/p>\n\n\n\n<p><strong>Canind\u00e9 de S\u00e3o Francisco<\/strong><\/p>\n\n\n\n<p>Sexta-feira, 26 de janeiro<\/p>\n\n\n\n<p>20h &#8211; Bruninho Top7<\/p>\n\n\n\n<p>22h &#8211; Matheus Fernandes<\/p>\n\n\n\n<p>0h &#8211; Iguinho e Lulinha<\/p>\n\n\n\n<p>2h &#8211; Dan Chicleteiro<\/p>\n\n\n\n<p>S\u00e1bado, 27 de janeiro<\/p>\n\n\n\n<p>18h &#8211; Naur\u00eaa<\/p>\n\n\n\n<p>20h &#8211; Luiza Martins<\/p>\n\n\n\n<p>22h &#8211; Vitor Fernandes<\/p>\n\n\n\n<p>0h &#8211; MariaMilena<\/p>\n\n\n\n<p><strong>Pirambu<\/strong><\/p>\n\n\n\n<p>Sexta-feira, 2 de fevereiro<\/p>\n\n\n\n<p>20h &#8211; Art Mania<\/p>\n\n\n\n<p>22h &#8211; Xande de Pilares<\/p>\n\n\n\n<p>0h &#8211; Psirico<\/p>\n\n\n\n<p>2h &#8211; Cid Natureza<\/p>\n\n\n\n<p>S\u00e1bado, 3 de fevereiro<\/p>\n\n\n\n<p>18h &#8211; Maysa Reis<\/p>\n\n\n\n<p>20h &#8211; Tayrone<\/p>\n\n\n\n<p>22h &#8211; Saia El\u00e9trica<\/p>\n\n\n\n<p>0h &#8211; Marcelo Balla<\/p>\n\n\n\n<p><strong>Confira a programa\u00e7\u00e3o do Carnaval do Aba\u00eds, em Est\u00e2ncia:<\/strong><\/p>\n\n\n\n<p>S\u00e1bado, 10 de fevereiro<\/p>\n\n\n\n<p>20h &#8211; Ninha<\/p>\n\n\n\n<p>Domingo, 11 de fevereiro<\/p>\n\n\n\n<p>18h &#8211; Filhos da Bahia<\/p>\n\n\n\n<p>Segunda-feira, 12 de fevereiro<\/p>\n\n\n\n<p>18h &#8211; Cavaleiros El\u00e9trico<\/p>\n\n\n\n<p><em>Fonte: Governo de Sergipe<\/em><\/p>\n","protected":false},"excerpt":{"rendered":"<p>Com o objetivo de fortalecer o turismo local, impulsionar a economia e proporcionar momentos memor\u00e1veis aos visitantes e \u00e0 popula\u00e7\u00e3o sergipana, o governador de Sergipe, F\u00e1bio Mitidieri, realizou nesta sexta-feira, 3, o lan\u00e7amento da campanha de turismo \u2018Sinta de perto esse aconchego\u2019 e do Ver\u00e3o Sergipe 2024. O an\u00fancio aconteceu em mais uma edi\u00e7\u00e3o do Caf\u00e9 ponto Gov, que contou tamb\u00e9m com apresenta\u00e7\u00e3o da programa\u00e7\u00e3o da Vila do Natal Iluminado, realizado em parceria com a Federa\u00e7\u00e3o do Com\u00e9rcio de Bens, Servi\u00e7os e Turismo do Estado de Sergipe (Fecom\u00e9rcio\/SE). &nbsp;Para F\u00e1bio Mitidieri, ao investir em eventos atrativos e promover a divulga\u00e7\u00e3o dos encantos do estado, o Governo est\u00e1 impulsionando o setor tur\u00edstico e gerando oportunidades para os empreendedores locais, fortalecendo a economia e o orgulho sergipano. \u201cO que n\u00f3s queremos \u00e9 incentivar ainda mais a nossa economia, cultura, as nossas pr\u00e1ticas esportivas, interiorizar o turismo. Ap\u00f3s dez anos, o Ver\u00e3o Sergipe estar\u00e1 de volta, em janeiro e fevereiro, englobando seis munic\u00edpios do nosso estado, incluindo a capital, Aracaju. A ideia \u00e9 mostrar o potencial tur\u00edstico de Sergipe. Com isso, estamos mostrando Caueira, Est\u00e2ncia, Pacatuba, Canind\u00e9, Pirambu, Aracaju para os turistas, que v\u00e3o conhecer um pouco mais, por meio dos shows e do esporte, os atrativos dessas regi\u00f5es. Al\u00e9m disso, teremos a Vila do Natal Iluminado. Ser\u00e3o 30 dias de Natal na Orla da Atalaia, em Aracaju\u201d, destacou.&nbsp; O governador ressaltou a import\u00e2ncia da promo\u00e7\u00e3o de pol\u00edticas p\u00fablicas voltadas para o setor de turismo. \u201c\u00c9 uma sequ\u00eancia de a\u00e7\u00f5es para o setor do turismo, no qual a gente vai conseguindo trazer o p\u00fablico e acostumando esse turista e a pr\u00f3pria popula\u00e7\u00e3o local a conhecer mais Sergipe. Nos festejos juninos, n\u00f3s investimos R$ 18 milh\u00f5es, mas se arrecadou quase R$ 50 milh\u00f5es. Isso \u00e9 a prova da for\u00e7a do turismo na nossa economia. E n\u00f3s vamos investir mais, para fazer de Sergipe um destino cada vez melhor. N\u00f3s estamos aproveitando o Pr\u00e9-Caju, maior pr\u00e9via do Brasil, para vender todo esse potencial. Dos 12 meses do ano, n\u00f3s vamos ter cinco meses seguidos de eventos. Teremos 60 dias de S\u00e3o Jo\u00e3o, de junho a julho, mais 30 dias de Natal, dois meses de Ver\u00e3o Sergipe, juntamente com o Projeto de Ver\u00e3o. Enfim, s\u00e3o grandes eventos que v\u00e3o fazer com que a rede hoteleira esteja lotada, restaurantes comecem a vender mais e, consequentemente, mais pessoas sejam empregadas e haja um desenvolvimento ainda maior da cadeia produtiva do turismo\u201d, disse. Na oportunidade, o secret\u00e1rio de Estado do Turismo, Marcos Franco, enalteceu os investimentos realizados pelo Estado no setor. \u201cEstamos vendo o desenvolvimento do turismo, na gera\u00e7\u00e3o de renda e emprego, e mostrando tamb\u00e9m as nossas belezas naturais, os nossos conte\u00fados, a nossa religi\u00e3o, a nosso artesanato, a nossa cultura. Ent\u00e3o, \u00e9 isso que o nosso governador quer priorizar: a qualidade de vida do povo sergipano por meio da gera\u00e7\u00e3o de renda e emprego e do incentivo ao turismo. A prova \u00e9 a evolu\u00e7\u00e3o do n\u00famero de passageiros no aeroporto de Aracaju, al\u00e9m do aumento nos n\u00fameros de eventos realizados no estado\u201d, colocou. &nbsp; Ver\u00e3o Sergipe 2024 O Ver\u00e3o Sergipe 2024 \u00e9 uma realiza\u00e7\u00e3o do Governo do Estado, por meio da Secretaria Especial da Comunica\u00e7\u00e3o (Secom), em parceria com a Secretaria de Estado do Turismo (Setur), Funda\u00e7\u00e3o de Cultura e Arte Aperip\u00ea (Funcap), Secretaria de Estado do Trabalho, Emprego e Empreendedorismo (Seteem) e Secretaria de Estado de Esporte e Lazer (Seel). O evento contar\u00e1 com competi\u00e7\u00f5es esportivas, apresenta\u00e7\u00f5es de grupos folcl\u00f3ricos, exposi\u00e7\u00e3o e feira de artesanato, e shows art\u00edsticos com atra\u00e7\u00f5es sergipanas e nacionais. O projeto foi iniciado no ano de 2007, na gest\u00e3o do ent\u00e3o governador Marcelo D\u00e9da, que integrava o calend\u00e1rio de ver\u00e3o do estado. O evento tamb\u00e9m reunia artistas de diversos g\u00eaneros musicais, economia criativa e atividades esportivas, para celebrar a cultura, o turismo e aquecer a economia. A \u00faltima edi\u00e7\u00e3o foi realizada no ano de 2013, sendo retomado agora, dez anos depois, na gest\u00e3o do governador F\u00e1bio Mitidieri. A programa\u00e7\u00e3o do Ver\u00e3o Sergipe 2024 acontecer\u00e1 durante os finais de semana dos meses de janeiro e fevereiro, nas quatro sedes e tamb\u00e9m em Est\u00e2ncia, durante o Carnaval. Entre as atividades esportivas previstas est\u00e3o beach t\u00eanis, futev\u00f4lei, altinha, duatlo (duathlon), corrida, polo aqu\u00e1tico, kitesurf, beach hand, 3&#215;3 basquete, v\u00f4lei adaptado, dan\u00e7a, zumba e beach soccer. &nbsp;A praia do Abais, localizada no munic\u00edpio de Est\u00e2ncia, ser\u00e1 um dos locais inclu\u00eddos na programa\u00e7\u00e3o do Ver\u00e3o Sergipe. Para o prefeito de Est\u00e2ncia, Gilson Andrade, a iniciativa \u00e9 importante para a promo\u00e7\u00e3o do turismo e para fortalecer a economia local. \u201cQuero parabenizar o governador F\u00e1bio Mitidieri, que tem como uma das suas principais a\u00e7\u00f5es alavancar o turismo em Sergipe, difundindo no cen\u00e1rio nacional as nossas potencialidades, como os nossos festejos juninos, participando de diversas feiras nos diversos segmentos e, agora, a retomada do Ver\u00e3o Sergipe, com muita for\u00e7a. E Est\u00e2ncia est\u00e1 sendo contemplada no Ver\u00e3o Sergipe em pleno carnaval, assim como diversos munic\u00edpios. Ent\u00e3o, \u00e9 uma forma de n\u00f3s alavancarmos o turismo, de fortalecermos a gera\u00e7\u00e3o de emprego e renda nesse momento\u201d, frisou. &nbsp;O Governo do Estado vai continuar com a parceria com a prefeitura de Aracaju, no Projeto Ver\u00e3o 2024, que acontecer\u00e1 nos dias 1\u00ba, 2 e 3 de mar\u00e7o. A programa\u00e7\u00e3o ser\u00e1 anunciada posteriormente. Na ocasi\u00e3o, o prefeito de Aracaju, Edvaldo Nogueira, falou sobre a import\u00e2ncia do projeto para o fomento do turismo no estado. \u201cO Ver\u00e3o Sergipe \u00e9 muito importante, porque vai movimentar a economia do estado inteiro. Durante os meses de janeiro e fevereiro, v\u00e1rias cidades receber\u00e3o o Ver\u00e3o Sergipe. E n\u00f3s encerraremos com a programa\u00e7\u00e3o no Projeto Ver\u00e3o, em Aracaju\u201d, destacou. Campanha \u2018Sinta de perto esse aconchego\u2019 &nbsp;Na campanha \u2018Sinta de perto esse aconchego\u2019, a sergipanidade estar\u00e1 presente em cada experi\u00eancia proporcionada aos visitantes, tornando a viagem \u00fanica e memor\u00e1vel. Segundo o secret\u00e1rio Especial da Comunica\u00e7\u00e3o Social, Cleon Nascimento, o objetivo \u00e9 promover o estado como um destino tur\u00edstico completo, destacando n\u00e3o apenas suas belas praias, mas tamb\u00e9m seus atrativos hist\u00f3ricos, religiosos, culturais, naturais e gastron\u00f4micos. \u201cNosso intuito \u00e9 fazer uma fideliza\u00e7\u00e3o dos<\/p>\n","protected":false},"author":1,"featured_media":1284,"comment_status":"open","ping_status":"open","sticky":false,"template":"","format":"standard","meta":{"footnotes":""},"categories":[32],"tags":[73,76],"class_list":["post-1283","post","type-post","status-publish","format-standard","has-post-thumbnail","hentry","category-sergipe","tag-lazer","tag-verao"],"_links":{"self":[{"href":"https:\/\/resumosergipe.com.br\/index.php?rest_route=\/wp\/v2\/posts\/1283","targetHints":{"allow":["GET"]}}],"collection":[{"href":"https:\/\/resumosergipe.com.br\/index.php?rest_route=\/wp\/v2\/posts"}],"about":[{"href":"https:\/\/resumosergipe.com.br\/index.php?rest_route=\/wp\/v2\/types\/post"}],"author":[{"embeddable":true,"href":"https:\/\/resumosergipe.com.br\/index.php?rest_route=\/wp\/v2\/users\/1"}],"replies":[{"embeddable":true,"href":"https:\/\/resumosergipe.com.br\/index.php?rest_route=%2Fwp%2Fv2%2Fcomments&post=1283"}],"version-history":[{"count":2,"href":"https:\/\/resumosergipe.com.br\/index.php?rest_route=\/wp\/v2\/posts\/1283\/revisions"}],"predecessor-version":[{"id":1286,"href":"https:\/\/resumosergipe.com.br\/index.php?rest_route=\/wp\/v2\/posts\/1283\/revisions\/1286"}],"wp:featuredmedia":[{"embeddable":true,"href":"https:\/\/resumosergipe.com.br\/index.php?rest_route=\/wp\/v2\/media\/1284"}],"wp:attachment":[{"href":"https:\/\/resumosergipe.com.br\/index.php?rest_route=%2Fwp%2Fv2%2Fmedia&parent=1283"}],"wp:term":[{"taxonomy":"category","embeddable":true,"href":"https:\/\/resumosergipe.com.br\/index.php?rest_route=%2Fwp%2Fv2%2Fcategories&post=1283"},{"taxonomy":"post_tag","embeddable":true,"href":"https:\/\/resumosergipe.com.br\/index.php?rest_route=%2Fwp%2Fv2%2Ftags&post=1283"}],"curies":[{"name":"wp","href":"https:\/\/api.w.org\/{rel}","templated":true}]}}