{"id":1299,"date":"2023-11-06T19:24:03","date_gmt":"2023-11-06T22:24:03","guid":{"rendered":"https:\/\/resumosergipe.com.br\/?p=1299"},"modified":"2023-11-06T19:30:39","modified_gmt":"2023-11-06T22:30:39","slug":"padre-paulo-lima-recebe-titulo-de-cidadao-sergipano","status":"publish","type":"post","link":"https:\/\/resumosergipe.com.br\/?p=1299","title":{"rendered":"Padre Paulo Lima recebe T\u00edtulo de Cidad\u00e3o Sergipano"},"content":{"rendered":"\n<p>Foi entregue, nesta segunda-feira (6), o T\u00edtulo de Cidad\u00e3o Sergipano ao Padre Paulo Lima, P\u00e1roco da Par\u00f3quia S\u00e3o Paulo Ap\u00f3stolo e M\u00e1rtir de Frei Paulo. A autoria da propositura \u00e9 do deputado Georgeo Passos (Cidadania).<\/p>\n\n\n\n<p>\u201c\u00c9 um reconhecimento por tudo que Padre Paulo j\u00e1 fez por nosso estado. \u00c9 um alagoano que abra\u00e7ou Sergipe como sua casa e aqui vem fazendo uma grandiosa obra de evangeliza\u00e7\u00e3o, seja na Can\u00e7\u00e3o Nova, seja tamb\u00e9m hoje na cidade de Frei Paulo. Nada mais justo do que a gente reconhecer as pessoas que v\u00eam a Sergipe e aqui fazem transforma\u00e7\u00f5es como essas que Padre Paulo vem fazendo nos \u00faltimos anos que aqui est\u00e1 residindo\u201d, falou o parlamentar.<\/p>\n\n\n\n<p>Padre Paulo Lima \u00e9 alagoano, nasceu na cidade de Penedo e mora em Sergipe h\u00e1 12 anos. Ele iniciou sua vida religiosa em 2008 quando ingressou no Semin\u00e1rio Provincial Nossa Senhora da Assun\u00e7\u00e3o, em Macei\u00f3.<\/p>\n\n\n\n<p>&nbsp;\u201c\u00c9 uma alegria para mim que amo tanto este estado, me identifico demais com o povo sergipano, sobretudo a caracter\u00edstica da f\u00e9 que desponta. \u00c9 um povo de f\u00e9, um povo que me entusiasma muito desde quando cheguei em Sergipe. Sempre quando vinha, tinha a vontade de retornar e, agora, j\u00e1 morando aqui h\u00e1 algum tempo e recebendo este t\u00edtulo, muito me honra e me compromete mais ainda a amar mais Sergipe e a trabalhar mais pelo povo sergipano na evangeliza\u00e7\u00e3o. Este t\u00edtulo me compromete tamb\u00e9m a viver o que eu j\u00e1 vivia, essa sergipanidade que est\u00e1 no meu cora\u00e7\u00e3o h\u00e1 tanto tempo\u201d, declarou.<\/p>\n\n\n\n<p>O Padre foi Vig\u00e1rio Paroquial na Par\u00f3quia de Nossa Senhora do Perp\u00e9tuo Socorro, no Conjunto Orlando Dantas, e P\u00e1roco na Par\u00f3quia Sagrada Fam\u00edlia, no Conjunto Sol Nascente. H\u00e1 12 anos, ele apresenta o programa \u201cIgreja e Voc\u00ea\u201d, na TV Can\u00e7\u00e3o Nova.<\/p>\n\n\n\n<p><em>Fonte: Alese<\/em><\/p>\n","protected":false},"excerpt":{"rendered":"<p>Foi entregue, nesta segunda-feira (6), o T\u00edtulo de Cidad\u00e3o Sergipano ao Padre Paulo Lima, P\u00e1roco da Par\u00f3quia S\u00e3o Paulo Ap\u00f3stolo e M\u00e1rtir de Frei Paulo. A autoria da propositura \u00e9 do deputado Georgeo Passos (Cidadania). \u201c\u00c9 um reconhecimento por tudo que Padre Paulo j\u00e1 fez por nosso estado. \u00c9 um alagoano que abra\u00e7ou Sergipe como sua casa e aqui vem fazendo uma grandiosa obra de evangeliza\u00e7\u00e3o, seja na Can\u00e7\u00e3o Nova, seja tamb\u00e9m hoje na cidade de Frei Paulo. Nada mais justo do que a gente reconhecer as pessoas que v\u00eam a Sergipe e aqui fazem transforma\u00e7\u00f5es como essas que Padre Paulo vem fazendo nos \u00faltimos anos que aqui est\u00e1 residindo\u201d, falou o parlamentar. Padre Paulo Lima \u00e9 alagoano, nasceu na cidade de Penedo e mora em Sergipe h\u00e1 12 anos. Ele iniciou sua vida religiosa em 2008 quando ingressou no Semin\u00e1rio Provincial Nossa Senhora da Assun\u00e7\u00e3o, em Macei\u00f3. &nbsp;\u201c\u00c9 uma alegria para mim que amo tanto este estado, me identifico demais com o povo sergipano, sobretudo a caracter\u00edstica da f\u00e9 que desponta. \u00c9 um povo de f\u00e9, um povo que me entusiasma muito desde quando cheguei em Sergipe. Sempre quando vinha, tinha a vontade de retornar e, agora, j\u00e1 morando aqui h\u00e1 algum tempo e recebendo este t\u00edtulo, muito me honra e me compromete mais ainda a amar mais Sergipe e a trabalhar mais pelo povo sergipano na evangeliza\u00e7\u00e3o. Este t\u00edtulo me compromete tamb\u00e9m a viver o que eu j\u00e1 vivia, essa sergipanidade que est\u00e1 no meu cora\u00e7\u00e3o h\u00e1 tanto tempo\u201d, declarou. O Padre foi Vig\u00e1rio Paroquial na Par\u00f3quia de Nossa Senhora do Perp\u00e9tuo Socorro, no Conjunto Orlando Dantas, e P\u00e1roco na Par\u00f3quia Sagrada Fam\u00edlia, no Conjunto Sol Nascente. H\u00e1 12 anos, ele apresenta o programa \u201cIgreja e Voc\u00ea\u201d, na TV Can\u00e7\u00e3o Nova. Fonte: Alese<\/p>\n","protected":false},"author":1,"featured_media":1300,"comment_status":"open","ping_status":"open","sticky":false,"template":"","format":"standard","meta":{"footnotes":""},"categories":[32],"tags":[38],"class_list":["post-1299","post","type-post","status-publish","format-standard","has-post-thumbnail","hentry","category-sergipe","tag-alese"],"_links":{"self":[{"href":"https:\/\/resumosergipe.com.br\/index.php?rest_route=\/wp\/v2\/posts\/1299","targetHints":{"allow":["GET"]}}],"collection":[{"href":"https:\/\/resumosergipe.com.br\/index.php?rest_route=\/wp\/v2\/posts"}],"about":[{"href":"https:\/\/resumosergipe.com.br\/index.php?rest_route=\/wp\/v2\/types\/post"}],"author":[{"embeddable":true,"href":"https:\/\/resumosergipe.com.br\/index.php?rest_route=\/wp\/v2\/users\/1"}],"replies":[{"embeddable":true,"href":"https:\/\/resumosergipe.com.br\/index.php?rest_route=%2Fwp%2Fv2%2Fcomments&post=1299"}],"version-history":[{"count":2,"href":"https:\/\/resumosergipe.com.br\/index.php?rest_route=\/wp\/v2\/posts\/1299\/revisions"}],"predecessor-version":[{"id":1302,"href":"https:\/\/resumosergipe.com.br\/index.php?rest_route=\/wp\/v2\/posts\/1299\/revisions\/1302"}],"wp:featuredmedia":[{"embeddable":true,"href":"https:\/\/resumosergipe.com.br\/index.php?rest_route=\/wp\/v2\/media\/1300"}],"wp:attachment":[{"href":"https:\/\/resumosergipe.com.br\/index.php?rest_route=%2Fwp%2Fv2%2Fmedia&parent=1299"}],"wp:term":[{"taxonomy":"category","embeddable":true,"href":"https:\/\/resumosergipe.com.br\/index.php?rest_route=%2Fwp%2Fv2%2Fcategories&post=1299"},{"taxonomy":"post_tag","embeddable":true,"href":"https:\/\/resumosergipe.com.br\/index.php?rest_route=%2Fwp%2Fv2%2Ftags&post=1299"}],"curies":[{"name":"wp","href":"https:\/\/api.w.org\/{rel}","templated":true}]}}