{"id":1314,"date":"2023-11-08T06:19:14","date_gmt":"2023-11-08T09:19:14","guid":{"rendered":"https:\/\/resumosergipe.com.br\/?p=1314"},"modified":"2023-11-08T06:19:14","modified_gmt":"2023-11-08T09:19:14","slug":"persistencia-da-nuvem-de-fumaca-causada-por-queimadas-afeta-amazonas-e-preocupa-populacao","status":"publish","type":"post","link":"https:\/\/resumosergipe.com.br\/?p=1314","title":{"rendered":"Persist\u00eancia da nuvem de fuma\u00e7a causada por queimadas afeta Amazonas e preocupa popula\u00e7\u00e3o"},"content":{"rendered":"\n<p>H\u00e1 dois meses, o Amazonas enfrenta uma preocupante persist\u00eancia na nuvem de fuma\u00e7a decorrente das in\u00fameras queimadas, levando a popula\u00e7\u00e3o a retomar o uso de m\u00e1scaras como medida de prote\u00e7\u00e3o. De acordo com o Sistema Eletr\u00f4nico de Vigil\u00e2ncia Ambiental da Universidade do Estado do Amazonas (UEA), a qualidade do ar atingiu sucessivos recordes negativos, gerando press\u00e3o sobre os governos local e federal para a implementa\u00e7\u00e3o de a\u00e7\u00f5es mais efetivas no combate aos inc\u00eandios que assolam a floresta.<\/p>\n\n\n\n<p>A estudante Raely Cardoso, asm\u00e1tica, relata dificuldades enfrentadas durante suas viagens pela rodovia AM-070, destacando crises de sa\u00fade causadas pela densa fuma\u00e7a. A situa\u00e7\u00e3o se tornou t\u00e3o cr\u00edtica que at\u00e9 mesmo profissionais como o psic\u00f3logo esportivo Matheus Vasconcelos, que trabalha com atletas ao ar livre, t\u00eam sentido os impactos da fuma\u00e7a em sua rotina de trabalho.<\/p>\n\n\n\n<p>Profissionais de sa\u00fade, como a m\u00e9dica pneumologista Joyce Matsuda, observam um aumento significativo nos atendimentos relacionados a doen\u00e7as respirat\u00f3rias. Pacientes que antes mantinham condi\u00e7\u00f5es controladas, como asm\u00e1ticos, agora enfrentam crises, indicando uma clara correla\u00e7\u00e3o entre a intensifica\u00e7\u00e3o da fuma\u00e7a e problemas de sa\u00fade na popula\u00e7\u00e3o.<\/p>\n\n\n\n<p>Outro m\u00e9dico pneumologista, Daniel Luniere, alerta para os riscos da exposi\u00e7\u00e3o prolongada \u00e0 fuma\u00e7a das queimadas. Tosse, desconforto tor\u00e1cico, falta de ar e irrita\u00e7\u00e3o na garganta s\u00e3o sintomas comuns, e a irrita\u00e7\u00e3o se estende aos olhos, com lacrimejamento, vermelhid\u00e3o e coceira.<\/p>\n\n\n\n<p>Em outubro, o Amazonas registrou um recorde alarmante de 3.858 focos de inc\u00eandio, a pior marca desde 1998, de acordo com dados do Instituto Nacional de Pesquisas Espaciais (Inpe). As \u00e1reas mais afetadas situam-se nos munic\u00edpios de Careiro e Autazes, na regi\u00e3o metropolitana de Manaus, e no sul do estado, conhecido como &#8216;Arco do Fogo&#8217;, pr\u00f3ximo \u00e0 divisa com Acre, Rond\u00f4nia e Par\u00e1.<\/p>\n\n\n\n<p>O governo do Amazonas atribui parte da fuma\u00e7a proveniente de queimadas no Par\u00e1, evidenciando a abrang\u00eancia e o impacto regional das queimadas. Esfor\u00e7os conjuntos do governo estadual, Ibama e ICMBio envolvem 270 brigadistas em bases avan\u00e7adas nos munic\u00edpios afetados.<\/p>\n\n\n\n<p>Diante dessa crise ambiental, a ministra do Meio Ambiente, Marina Silva, transferiu parte da responsabilidade para o Congresso Nacional, instando a aprova\u00e7\u00e3o urgente do Projeto de Lei 1.818\/2022, que prop\u00f5e a cria\u00e7\u00e3o da Pol\u00edtica Nacional de Manejo Integrado do Fogo. Essa legisla\u00e7\u00e3o visa disciplinar o uso do fogo no meio rural, substituindo gradualmente por outras t\u00e9cnicas e criando inst\u00e2ncias intergovernamentais para gerenciar respostas a inc\u00eandios em vegeta\u00e7\u00f5es. A proposta busca evitar situa\u00e7\u00f5es cr\u00edticas como a atual, refor\u00e7ando a necessidade de medidas preventivas e de enfrentamento a longo prazo.<\/p>\n","protected":false},"excerpt":{"rendered":"<p>H\u00e1 dois meses, o Amazonas enfrenta uma preocupante persist\u00eancia na nuvem de fuma\u00e7a decorrente das in\u00fameras queimadas, levando a popula\u00e7\u00e3o a retomar o uso de m\u00e1scaras como medida de prote\u00e7\u00e3o. De acordo com o Sistema Eletr\u00f4nico de Vigil\u00e2ncia Ambiental da Universidade do Estado do Amazonas (UEA), a qualidade do ar atingiu sucessivos recordes negativos, gerando press\u00e3o sobre os governos local e federal para a implementa\u00e7\u00e3o de a\u00e7\u00f5es mais efetivas no combate aos inc\u00eandios que assolam a floresta. A estudante Raely Cardoso, asm\u00e1tica, relata dificuldades enfrentadas durante suas viagens pela rodovia AM-070, destacando crises de sa\u00fade causadas pela densa fuma\u00e7a. A situa\u00e7\u00e3o se tornou t\u00e3o cr\u00edtica que at\u00e9 mesmo profissionais como o psic\u00f3logo esportivo Matheus Vasconcelos, que trabalha com atletas ao ar livre, t\u00eam sentido os impactos da fuma\u00e7a em sua rotina de trabalho. Profissionais de sa\u00fade, como a m\u00e9dica pneumologista Joyce Matsuda, observam um aumento significativo nos atendimentos relacionados a doen\u00e7as respirat\u00f3rias. Pacientes que antes mantinham condi\u00e7\u00f5es controladas, como asm\u00e1ticos, agora enfrentam crises, indicando uma clara correla\u00e7\u00e3o entre a intensifica\u00e7\u00e3o da fuma\u00e7a e problemas de sa\u00fade na popula\u00e7\u00e3o. Outro m\u00e9dico pneumologista, Daniel Luniere, alerta para os riscos da exposi\u00e7\u00e3o prolongada \u00e0 fuma\u00e7a das queimadas. Tosse, desconforto tor\u00e1cico, falta de ar e irrita\u00e7\u00e3o na garganta s\u00e3o sintomas comuns, e a irrita\u00e7\u00e3o se estende aos olhos, com lacrimejamento, vermelhid\u00e3o e coceira. Em outubro, o Amazonas registrou um recorde alarmante de 3.858 focos de inc\u00eandio, a pior marca desde 1998, de acordo com dados do Instituto Nacional de Pesquisas Espaciais (Inpe). As \u00e1reas mais afetadas situam-se nos munic\u00edpios de Careiro e Autazes, na regi\u00e3o metropolitana de Manaus, e no sul do estado, conhecido como &#8216;Arco do Fogo&#8217;, pr\u00f3ximo \u00e0 divisa com Acre, Rond\u00f4nia e Par\u00e1. O governo do Amazonas atribui parte da fuma\u00e7a proveniente de queimadas no Par\u00e1, evidenciando a abrang\u00eancia e o impacto regional das queimadas. Esfor\u00e7os conjuntos do governo estadual, Ibama e ICMBio envolvem 270 brigadistas em bases avan\u00e7adas nos munic\u00edpios afetados. Diante dessa crise ambiental, a ministra do Meio Ambiente, Marina Silva, transferiu parte da responsabilidade para o Congresso Nacional, instando a aprova\u00e7\u00e3o urgente do Projeto de Lei 1.818\/2022, que prop\u00f5e a cria\u00e7\u00e3o da Pol\u00edtica Nacional de Manejo Integrado do Fogo. Essa legisla\u00e7\u00e3o visa disciplinar o uso do fogo no meio rural, substituindo gradualmente por outras t\u00e9cnicas e criando inst\u00e2ncias intergovernamentais para gerenciar respostas a inc\u00eandios em vegeta\u00e7\u00f5es. A proposta busca evitar situa\u00e7\u00f5es cr\u00edticas como a atual, refor\u00e7ando a necessidade de medidas preventivas e de enfrentamento a longo prazo.<\/p>\n","protected":false},"author":1,"featured_media":1315,"comment_status":"open","ping_status":"open","sticky":false,"template":"","format":"standard","meta":{"footnotes":""},"categories":[66],"tags":[51,78,79],"class_list":["post-1314","post","type-post","status-publish","format-standard","has-post-thumbnail","hentry","category-brasil","tag-amazonas","tag-poluicao","tag-queimadas"],"_links":{"self":[{"href":"https:\/\/resumosergipe.com.br\/index.php?rest_route=\/wp\/v2\/posts\/1314","targetHints":{"allow":["GET"]}}],"collection":[{"href":"https:\/\/resumosergipe.com.br\/index.php?rest_route=\/wp\/v2\/posts"}],"about":[{"href":"https:\/\/resumosergipe.com.br\/index.php?rest_route=\/wp\/v2\/types\/post"}],"author":[{"embeddable":true,"href":"https:\/\/resumosergipe.com.br\/index.php?rest_route=\/wp\/v2\/users\/1"}],"replies":[{"embeddable":true,"href":"https:\/\/resumosergipe.com.br\/index.php?rest_route=%2Fwp%2Fv2%2Fcomments&post=1314"}],"version-history":[{"count":1,"href":"https:\/\/resumosergipe.com.br\/index.php?rest_route=\/wp\/v2\/posts\/1314\/revisions"}],"predecessor-version":[{"id":1316,"href":"https:\/\/resumosergipe.com.br\/index.php?rest_route=\/wp\/v2\/posts\/1314\/revisions\/1316"}],"wp:featuredmedia":[{"embeddable":true,"href":"https:\/\/resumosergipe.com.br\/index.php?rest_route=\/wp\/v2\/media\/1315"}],"wp:attachment":[{"href":"https:\/\/resumosergipe.com.br\/index.php?rest_route=%2Fwp%2Fv2%2Fmedia&parent=1314"}],"wp:term":[{"taxonomy":"category","embeddable":true,"href":"https:\/\/resumosergipe.com.br\/index.php?rest_route=%2Fwp%2Fv2%2Fcategories&post=1314"},{"taxonomy":"post_tag","embeddable":true,"href":"https:\/\/resumosergipe.com.br\/index.php?rest_route=%2Fwp%2Fv2%2Ftags&post=1314"}],"curies":[{"name":"wp","href":"https:\/\/api.w.org\/{rel}","templated":true}]}}