{"id":1320,"date":"2023-11-09T05:54:47","date_gmt":"2023-11-09T08:54:47","guid":{"rendered":"https:\/\/resumosergipe.com.br\/?p=1320"},"modified":"2023-11-09T05:54:47","modified_gmt":"2023-11-09T08:54:47","slug":"parlamentares-de-sergipe-prestigiam-abertura-oficial-de-evento-da-unale","status":"publish","type":"post","link":"https:\/\/resumosergipe.com.br\/?p=1320","title":{"rendered":"Parlamentares de Sergipe prestigiam abertura oficial de evento da Unale"},"content":{"rendered":"\n<p>\u201cEssa \u00e9 uma oportunidade de consolidar nossos esfor\u00e7os e explorarmos nossas perspectivas para o futuro. Temos diante de n\u00f3s, a tarefa crucial de unir avan\u00e7os legislativos com a modernidade de forma \u00e9tica. Teremos a miss\u00e3o de encontrar o equil\u00edbrio entre a tradi\u00e7\u00e3o e a inova\u00e7\u00e3o. Nossos cidad\u00e3os esperam que sejamos capazes de acompanhar as r\u00e1pidas mudan\u00e7as tecnol\u00f3gicas e sociais no mundo em que vivemos\u201d.<\/p>\n\n\n\n<p>A afirma\u00e7\u00e3o foi feita na noite desta quarta-feira (8), pelo presidente da Uni\u00e3o Nacional dos Legisladores e Legislativos Estaduais (Unale), deputado Diogo Moraes (PSB-PE), quando da abertura oficial da 26\u00aa Confer\u00eancia da entidade, no audit\u00f3rio do Centro de Eventos de Fortaleza (CE).<\/p>\n\n\n\n<p>No discurso, ap\u00f3s agradecer a presen\u00e7a dos participantes do evento que acontece no per\u00edodo de 8 a 10 de novembro, o parlamentar destacou que a intelig\u00eancia artificial, a automa\u00e7\u00e3o e as fontes de energia renov\u00e1veis est\u00e3o transformando a maneira como as pessoas vivem e trabalham.<\/p>\n\n\n\n<p>\u201cDevemos abra\u00e7ar essas inova\u00e7\u00f5es e us\u00e1-las ao nosso favor, tornando o nosso legislativo e as informa\u00e7\u00f5es informativas mais eficientes, acess\u00edveis e conectadas com a vida moderna. Temos que pensar no futuro dos nossos filhos e netos; no desenvolvimento socioecon\u00f4mico, da forma ambientalmente equilibrada e pensar na produ\u00e7\u00e3o de leis que incentivem a utiliza\u00e7\u00e3o de matrizes energ\u00e9ticas renov\u00e1veis; ajudando na educa\u00e7\u00e3o e cultura dos nossos jovens e adultos. Teremos que ser catalizadores de mudan\u00e7as positivas e propositivas, promovendo pol\u00edticas que melhorem a qualidade de vida dos cidad\u00e3os. Precisamos encontrar maneiras de tornar o processo legislativo mais transparente e eficiente, garantindo que as vozes de todos n\u00f3s sejam ouvidas e representadas\u201d, enfatiza.<\/p>\n\n\n\n<p>Os deputados estaduais por Sergipe: o vice-presidente da Assembleia Legislativa do estado de Sergipe (Alese), Garibalde Mendon\u00e7a (PDT), a deputada Carminha Paiva (Republicanos), os deputados Georgeo Passos (Cidadania), Luiz\u00e3o Donatrampi (Uni\u00e3o), Cristiano Cavalcante (Uni\u00e3o), Manuel Marcos (PSB), Neto Batalha (PP), Kak\u00e1 Santos (Uni\u00e3o),&nbsp; Paulo J\u00fanior (PV), Pato Maravilha (PL), Ibrain de Valmir (PV), Adailton Martins (PSB) e Marcos Oliveira (PL), participaram da solenidade de abertura da 26\u00aa Confer\u00eancia da Unale.<\/p>\n\n\n\n<p>De acordo com o deputado Paulo J\u00fanior, a participa\u00e7\u00e3o no encontro \u00e9 muito importante para a vida p\u00fablica, \u201cUm evento a n\u00edvel nacional que est\u00e1 debatendo temas importantes da atualidade, a exemplo prerrogativas dos deputados, as mudan\u00e7as clim\u00e1ticas, pol\u00edticas p\u00fablicas para seguran\u00e7a nas escolas; ent\u00e3o \u00e9 um momento muito enriquecedor para o mandato dos deputados de Sergipe, pois a gente precisa se capacitar e p\u00f4r em pr\u00e1tica durante o exerc\u00edcio do nosso mandato\u201d, afirma.<\/p>\n\n\n\n<p>O deputado Marcos Oliveira lembrou que j\u00e1 havia participado do evento como assessor da Alese, \u201cE agora estou voltando como deputado. Quero parabenizar a Assembleia Legislativa na pessoa do presidente Jeferson Andrade, que proporcionou esse momento para que diversos deputados pudessem vir participar. Estivemos na Assembleia Legislativa do Cear\u00e1 compreendendo como funciona e os servi\u00e7os que s\u00e3o prestados e amanh\u00e3 estaremos participando de diversas palestras que v\u00e3o servir de base para nossos mandatos, quando retornarmos para Sergipe. Esses momentos s\u00e3o importantes para compreendermos a magnitude dos problemas do Brasil, que muitas vezes s\u00e3o comuns a todos os estados. A gente se qualifica, o parlamento se qualifica e isso reflete obviamente em proposituras, entendimentos e discuss\u00f5es na Alese\u201d, observa.<\/p>\n\n\n\n<p>O deputado Manuel Marcos, falou sobre a magnitude do encontro de legisladores e legislativos em Fortaleza. \u201cTemos deputados de todo o pa\u00eds e dos Estados Unidos, Canad\u00e1, Argentina, Dinamarca. Aqui n\u00f3s observamos a import\u00e2ncia dos parlamentares para trazer os interesses e as demandas de cada estado. Sem sombra de d\u00favidas o deputado \u00e9 um parlamentar de grande relev\u00e2ncia para defender os seus estados, a economia e sobretudo, a educa\u00e7\u00e3o do nosso povo\u201d, diz.<\/p>\n\n\n\n<p>O deputado Cristiano Cavalcante tamb\u00e9m ressaltou a troca de experi\u00eancia. \u201cEstamos aqui hoje prestigiando a 26\u00aa Confer\u00eancia da Unale e encontrando deputados estaduais de todo o pa\u00eds, discutindo, trocando experi\u00eancias e vendo os cases de sucesso que acontecem nas Casas Legislativas e sem d\u00favida alguma \u00e9 um momento de celebra\u00e7\u00e3o e troca de conhecimento\u201d, reitera.<\/p>\n\n\n\n<p>O deputado Pato Maravilha disse ser muito gratificante estar participando do encontro. \u201c\u00c9 um evento de muita import\u00e2ncia; estamos participando pela primeira vez e estou muito feliz em estar aqui, num evento dessa magnitude juntamente com meus colegas deputados e deputadas n\u00e3o s\u00f3 de Sergipe, mas de todo o pa\u00eds. S\u00f3 tenho que parabenizar a todos os organizadores pela recep\u00e7\u00e3o e organiza\u00e7\u00e3o\u201d, enfatiza.<\/p>\n\n\n\n<p>Participando pela primeira vez, o deputado Kak\u00e1 Santos disse: \u201c\u00c9 muito importante estar aqui nesse encontro da Unale participando juntamente com outros parlamentares, para discutir as prerrogativas do parlamento estadual. Espero levar novas experi\u00eancias para Sergipe\u201d.<\/p>\n\n\n\n<p>Para a deputada Carminha Paiva, a troca de experi\u00eancia com parlamentares de outros estados a visita aos deputados cearenses, \u201cHoje tive a oportunidade de visitar a Assembleia Legislativa do Estado do Cear\u00e1, onde fazem um trabalho muito importante e foi de muito conhecimento e estar participando pela primeira vez da 26\u00aa confer\u00eancia da Unale \u00e9 algo muito importante que eu vou levar para o resto da minha vida. Agrade\u00e7o a todos que me deram a oportunidade de estar aqui hoje\u201d, destaca.<\/p>\n\n\n\n<p>\u201cE principalmente tratar de um interc\u00e2mbio de informa\u00e7\u00f5es entre parlamentares dos diversos estados brasileiros. Isso \u00e9 muito importante porque contribui para que n\u00f3s possamos fazer um mandato melhor, ouvindo e vendo as experi\u00eancias de outros estados para que haja a troca de informa\u00e7\u00f5es. \u00c9 mais um congresso da Unale que tem um significado muito grande para todos n\u00f3s deputados estaduais\u201d, acredita.<\/p>\n\n\n\n<p>O ponto alto do evento foi a palestra do poeta cearense, Br\u00e1ulio Bessa, que fez uma retrospectiva de sua vida, destacando a transpar\u00eancia, a import\u00e2ncia da poesia na vida das pessoas e da valoriza\u00e7\u00e3o dos artistas.<\/p>\n\n\n\n<p><em>Fonte: Alese<\/em><\/p>\n","protected":false},"excerpt":{"rendered":"<p>\u201cEssa \u00e9 uma oportunidade de consolidar nossos esfor\u00e7os e explorarmos nossas perspectivas para o futuro. Temos diante de n\u00f3s, a tarefa crucial de unir avan\u00e7os legislativos com a modernidade de forma \u00e9tica. Teremos a miss\u00e3o de encontrar o equil\u00edbrio entre a tradi\u00e7\u00e3o e a inova\u00e7\u00e3o. Nossos cidad\u00e3os esperam que sejamos capazes de acompanhar as r\u00e1pidas mudan\u00e7as tecnol\u00f3gicas e sociais no mundo em que vivemos\u201d. A afirma\u00e7\u00e3o foi feita na noite desta quarta-feira (8), pelo presidente da Uni\u00e3o Nacional dos Legisladores e Legislativos Estaduais (Unale), deputado Diogo Moraes (PSB-PE), quando da abertura oficial da 26\u00aa Confer\u00eancia da entidade, no audit\u00f3rio do Centro de Eventos de Fortaleza (CE). No discurso, ap\u00f3s agradecer a presen\u00e7a dos participantes do evento que acontece no per\u00edodo de 8 a 10 de novembro, o parlamentar destacou que a intelig\u00eancia artificial, a automa\u00e7\u00e3o e as fontes de energia renov\u00e1veis est\u00e3o transformando a maneira como as pessoas vivem e trabalham. \u201cDevemos abra\u00e7ar essas inova\u00e7\u00f5es e us\u00e1-las ao nosso favor, tornando o nosso legislativo e as informa\u00e7\u00f5es informativas mais eficientes, acess\u00edveis e conectadas com a vida moderna. Temos que pensar no futuro dos nossos filhos e netos; no desenvolvimento socioecon\u00f4mico, da forma ambientalmente equilibrada e pensar na produ\u00e7\u00e3o de leis que incentivem a utiliza\u00e7\u00e3o de matrizes energ\u00e9ticas renov\u00e1veis; ajudando na educa\u00e7\u00e3o e cultura dos nossos jovens e adultos. Teremos que ser catalizadores de mudan\u00e7as positivas e propositivas, promovendo pol\u00edticas que melhorem a qualidade de vida dos cidad\u00e3os. Precisamos encontrar maneiras de tornar o processo legislativo mais transparente e eficiente, garantindo que as vozes de todos n\u00f3s sejam ouvidas e representadas\u201d, enfatiza. Os deputados estaduais por Sergipe: o vice-presidente da Assembleia Legislativa do estado de Sergipe (Alese), Garibalde Mendon\u00e7a (PDT), a deputada Carminha Paiva (Republicanos), os deputados Georgeo Passos (Cidadania), Luiz\u00e3o Donatrampi (Uni\u00e3o), Cristiano Cavalcante (Uni\u00e3o), Manuel Marcos (PSB), Neto Batalha (PP), Kak\u00e1 Santos (Uni\u00e3o),&nbsp; Paulo J\u00fanior (PV), Pato Maravilha (PL), Ibrain de Valmir (PV), Adailton Martins (PSB) e Marcos Oliveira (PL), participaram da solenidade de abertura da 26\u00aa Confer\u00eancia da Unale. De acordo com o deputado Paulo J\u00fanior, a participa\u00e7\u00e3o no encontro \u00e9 muito importante para a vida p\u00fablica, \u201cUm evento a n\u00edvel nacional que est\u00e1 debatendo temas importantes da atualidade, a exemplo prerrogativas dos deputados, as mudan\u00e7as clim\u00e1ticas, pol\u00edticas p\u00fablicas para seguran\u00e7a nas escolas; ent\u00e3o \u00e9 um momento muito enriquecedor para o mandato dos deputados de Sergipe, pois a gente precisa se capacitar e p\u00f4r em pr\u00e1tica durante o exerc\u00edcio do nosso mandato\u201d, afirma. O deputado Marcos Oliveira lembrou que j\u00e1 havia participado do evento como assessor da Alese, \u201cE agora estou voltando como deputado. Quero parabenizar a Assembleia Legislativa na pessoa do presidente Jeferson Andrade, que proporcionou esse momento para que diversos deputados pudessem vir participar. Estivemos na Assembleia Legislativa do Cear\u00e1 compreendendo como funciona e os servi\u00e7os que s\u00e3o prestados e amanh\u00e3 estaremos participando de diversas palestras que v\u00e3o servir de base para nossos mandatos, quando retornarmos para Sergipe. Esses momentos s\u00e3o importantes para compreendermos a magnitude dos problemas do Brasil, que muitas vezes s\u00e3o comuns a todos os estados. A gente se qualifica, o parlamento se qualifica e isso reflete obviamente em proposituras, entendimentos e discuss\u00f5es na Alese\u201d, observa. O deputado Manuel Marcos, falou sobre a magnitude do encontro de legisladores e legislativos em Fortaleza. \u201cTemos deputados de todo o pa\u00eds e dos Estados Unidos, Canad\u00e1, Argentina, Dinamarca. Aqui n\u00f3s observamos a import\u00e2ncia dos parlamentares para trazer os interesses e as demandas de cada estado. Sem sombra de d\u00favidas o deputado \u00e9 um parlamentar de grande relev\u00e2ncia para defender os seus estados, a economia e sobretudo, a educa\u00e7\u00e3o do nosso povo\u201d, diz. O deputado Cristiano Cavalcante tamb\u00e9m ressaltou a troca de experi\u00eancia. \u201cEstamos aqui hoje prestigiando a 26\u00aa Confer\u00eancia da Unale e encontrando deputados estaduais de todo o pa\u00eds, discutindo, trocando experi\u00eancias e vendo os cases de sucesso que acontecem nas Casas Legislativas e sem d\u00favida alguma \u00e9 um momento de celebra\u00e7\u00e3o e troca de conhecimento\u201d, reitera. O deputado Pato Maravilha disse ser muito gratificante estar participando do encontro. \u201c\u00c9 um evento de muita import\u00e2ncia; estamos participando pela primeira vez e estou muito feliz em estar aqui, num evento dessa magnitude juntamente com meus colegas deputados e deputadas n\u00e3o s\u00f3 de Sergipe, mas de todo o pa\u00eds. S\u00f3 tenho que parabenizar a todos os organizadores pela recep\u00e7\u00e3o e organiza\u00e7\u00e3o\u201d, enfatiza. Participando pela primeira vez, o deputado Kak\u00e1 Santos disse: \u201c\u00c9 muito importante estar aqui nesse encontro da Unale participando juntamente com outros parlamentares, para discutir as prerrogativas do parlamento estadual. Espero levar novas experi\u00eancias para Sergipe\u201d. Para a deputada Carminha Paiva, a troca de experi\u00eancia com parlamentares de outros estados a visita aos deputados cearenses, \u201cHoje tive a oportunidade de visitar a Assembleia Legislativa do Estado do Cear\u00e1, onde fazem um trabalho muito importante e foi de muito conhecimento e estar participando pela primeira vez da 26\u00aa confer\u00eancia da Unale \u00e9 algo muito importante que eu vou levar para o resto da minha vida. Agrade\u00e7o a todos que me deram a oportunidade de estar aqui hoje\u201d, destaca. \u201cE principalmente tratar de um interc\u00e2mbio de informa\u00e7\u00f5es entre parlamentares dos diversos estados brasileiros. Isso \u00e9 muito importante porque contribui para que n\u00f3s possamos fazer um mandato melhor, ouvindo e vendo as experi\u00eancias de outros estados para que haja a troca de informa\u00e7\u00f5es. \u00c9 mais um congresso da Unale que tem um significado muito grande para todos n\u00f3s deputados estaduais\u201d, acredita. O ponto alto do evento foi a palestra do poeta cearense, Br\u00e1ulio Bessa, que fez uma retrospectiva de sua vida, destacando a transpar\u00eancia, a import\u00e2ncia da poesia na vida das pessoas e da valoriza\u00e7\u00e3o dos artistas. Fonte: Alese<\/p>\n","protected":false},"author":1,"featured_media":1321,"comment_status":"open","ping_status":"open","sticky":false,"template":"","format":"standard","meta":{"footnotes":""},"categories":[4,32],"tags":[38],"class_list":["post-1320","post","type-post","status-publish","format-standard","has-post-thumbnail","hentry","category-politica","category-sergipe","tag-alese"],"_links":{"self":[{"href":"https:\/\/resumosergipe.com.br\/index.php?rest_route=\/wp\/v2\/posts\/1320","targetHints":{"allow":["GET"]}}],"collection":[{"href":"https:\/\/resumosergipe.com.br\/index.php?rest_route=\/wp\/v2\/posts"}],"about":[{"href":"https:\/\/resumosergipe.com.br\/index.php?rest_route=\/wp\/v2\/types\/post"}],"author":[{"embeddable":true,"href":"https:\/\/resumosergipe.com.br\/index.php?rest_route=\/wp\/v2\/users\/1"}],"replies":[{"embeddable":true,"href":"https:\/\/resumosergipe.com.br\/index.php?rest_route=%2Fwp%2Fv2%2Fcomments&post=1320"}],"version-history":[{"count":2,"href":"https:\/\/resumosergipe.com.br\/index.php?rest_route=\/wp\/v2\/posts\/1320\/revisions"}],"predecessor-version":[{"id":1323,"href":"https:\/\/resumosergipe.com.br\/index.php?rest_route=\/wp\/v2\/posts\/1320\/revisions\/1323"}],"wp:featuredmedia":[{"embeddable":true,"href":"https:\/\/resumosergipe.com.br\/index.php?rest_route=\/wp\/v2\/media\/1321"}],"wp:attachment":[{"href":"https:\/\/resumosergipe.com.br\/index.php?rest_route=%2Fwp%2Fv2%2Fmedia&parent=1320"}],"wp:term":[{"taxonomy":"category","embeddable":true,"href":"https:\/\/resumosergipe.com.br\/index.php?rest_route=%2Fwp%2Fv2%2Fcategories&post=1320"},{"taxonomy":"post_tag","embeddable":true,"href":"https:\/\/resumosergipe.com.br\/index.php?rest_route=%2Fwp%2Fv2%2Ftags&post=1320"}],"curies":[{"name":"wp","href":"https:\/\/api.w.org\/{rel}","templated":true}]}}