{"id":1325,"date":"2023-11-09T06:00:32","date_gmt":"2023-11-09T09:00:32","guid":{"rendered":"https:\/\/resumosergipe.com.br\/?p=1325"},"modified":"2023-11-09T06:00:32","modified_gmt":"2023-11-09T09:00:32","slug":"aju-animal-1a-campanha-de-adocao-do-programa-ocorre-neste-sabado-11","status":"publish","type":"post","link":"https:\/\/resumosergipe.com.br\/?p=1325","title":{"rendered":"Aju Animal: 1\u00aa Campanha de Ado\u00e7\u00e3o do programa ocorre neste s\u00e1bado, 11"},"content":{"rendered":"\n<h6 class=\"wp-block-heading\">Meio Ambiente<\/h6>\n\n\n\n<p>Estimular a ado\u00e7\u00e3o respons\u00e1vel de c\u00e3es e gatos \u00e9 o objetivo que a Prefeitura de Aracaju, por interm\u00e9dio da Secretaria Municipal do Meio Ambiente (Sema), busca ao realizar no pr\u00f3ximo s\u00e1bado, 11, a Primeira Campanha de Ado\u00e7\u00e3o do programa Aju Animal. A iniciativa ser\u00e1 realizada no Parque Augusto Franco, popularmente conhecido como Sementeira, \u00e0s 14h. Na ocasi\u00e3o, ser\u00e3o realizadas consultas, vermifuga\u00e7\u00e3o e sorteio de brindes.<\/p>\n\n\n\n<p>Ao todo, far\u00e3o parte da campanha 30 animais, entre felinos e caninos.&nbsp; Esses pets j\u00e1 est\u00e3o castrados, vermifugados e vacinados. Para esta a\u00e7\u00e3o, a Sema conta com a parceria da Associa\u00e7\u00e3o Defensora dos Animais S\u00e3o Francisco de Assis (Adasfa), da Fraternidade Pet,&nbsp; do Canto Animal, Instituto Safira, al\u00e9m de protetores individuais.<\/p>\n\n\n\n<p>&nbsp;Segundo o secret\u00e1rio do Meio Ambiente de Aracaju, Alan Lemos, essa \u00e9 uma a\u00e7\u00e3o conjunta e tem o objetivo de proporcionar uma vida saud\u00e1vel aos animais. &#8220;A ado\u00e7\u00e3o \u00e9 o ponto culminante do processo de cuidar dos pets, no contexto do programa Aju Animal. Todos merecem ter um lar definitivo onde possam ter carinho, cuidado, prote\u00e7\u00e3o e alimenta\u00e7\u00e3o. O objetivo da campanha \u00e9 justamente proporcionar, junto aos protetores individuais, entidades e empresas que atuam no ramo, uma vida mais saud\u00e1vel a esses animais. Esta ser\u00e1 a primeira. Ano que vem, teremos outras campanhas&#8221;, destacou.<\/p>\n\n\n\n<p>Para a presidente do Instituto Safira, Maria Auxiliadora de Santana, a soma\u00e7\u00e3o de esfor\u00e7os se faz necess\u00e1ria na causa animal. &#8220;\u00c9 importante contar com o apoio da gest\u00e3o municipal. Estamos confiantes e felizes nesse processo. Essa campanha de ado\u00e7\u00e3o vem para aliviar os projetos e proporcionar espa\u00e7o para o resgate de outros animais que est\u00e3o abandonados&#8221;, afirmou.<\/p>\n\n\n\n<p>Aju Animal<\/p>\n\n\n\n<p>O incentivo \u00e0 ado\u00e7\u00e3o \u00e9 um dos eixos do programa, institu\u00eddo pela Lei 5.548, de 22 de dezembro de 2022. Os outros eixos tratam da castra\u00e7\u00e3o de c\u00e3es e gatos para controle populacional, oferta de servi\u00e7os veterin\u00e1rios e incentivo aos lares tempor\u00e1rios nas resid\u00eancias de protetores.<\/p>\n","protected":false},"excerpt":{"rendered":"<p>Meio Ambiente Estimular a ado\u00e7\u00e3o respons\u00e1vel de c\u00e3es e gatos \u00e9 o objetivo que a Prefeitura de Aracaju, por interm\u00e9dio da Secretaria Municipal do Meio Ambiente (Sema), busca ao realizar no pr\u00f3ximo s\u00e1bado, 11, a Primeira Campanha de Ado\u00e7\u00e3o do programa Aju Animal. A iniciativa ser\u00e1 realizada no Parque Augusto Franco, popularmente conhecido como Sementeira, \u00e0s 14h. Na ocasi\u00e3o, ser\u00e3o realizadas consultas, vermifuga\u00e7\u00e3o e sorteio de brindes. Ao todo, far\u00e3o parte da campanha 30 animais, entre felinos e caninos.&nbsp; Esses pets j\u00e1 est\u00e3o castrados, vermifugados e vacinados. Para esta a\u00e7\u00e3o, a Sema conta com a parceria da Associa\u00e7\u00e3o Defensora dos Animais S\u00e3o Francisco de Assis (Adasfa), da Fraternidade Pet,&nbsp; do Canto Animal, Instituto Safira, al\u00e9m de protetores individuais. &nbsp;Segundo o secret\u00e1rio do Meio Ambiente de Aracaju, Alan Lemos, essa \u00e9 uma a\u00e7\u00e3o conjunta e tem o objetivo de proporcionar uma vida saud\u00e1vel aos animais. &#8220;A ado\u00e7\u00e3o \u00e9 o ponto culminante do processo de cuidar dos pets, no contexto do programa Aju Animal. Todos merecem ter um lar definitivo onde possam ter carinho, cuidado, prote\u00e7\u00e3o e alimenta\u00e7\u00e3o. O objetivo da campanha \u00e9 justamente proporcionar, junto aos protetores individuais, entidades e empresas que atuam no ramo, uma vida mais saud\u00e1vel a esses animais. Esta ser\u00e1 a primeira. Ano que vem, teremos outras campanhas&#8221;, destacou. Para a presidente do Instituto Safira, Maria Auxiliadora de Santana, a soma\u00e7\u00e3o de esfor\u00e7os se faz necess\u00e1ria na causa animal. &#8220;\u00c9 importante contar com o apoio da gest\u00e3o municipal. Estamos confiantes e felizes nesse processo. Essa campanha de ado\u00e7\u00e3o vem para aliviar os projetos e proporcionar espa\u00e7o para o resgate de outros animais que est\u00e3o abandonados&#8221;, afirmou. Aju Animal O incentivo \u00e0 ado\u00e7\u00e3o \u00e9 um dos eixos do programa, institu\u00eddo pela Lei 5.548, de 22 de dezembro de 2022. Os outros eixos tratam da castra\u00e7\u00e3o de c\u00e3es e gatos para controle populacional, oferta de servi\u00e7os veterin\u00e1rios e incentivo aos lares tempor\u00e1rios nas resid\u00eancias de protetores.<\/p>\n","protected":false},"author":1,"featured_media":1326,"comment_status":"open","ping_status":"open","sticky":false,"template":"","format":"standard","meta":{"footnotes":""},"categories":[61],"tags":[82,81],"class_list":["post-1325","post","type-post","status-publish","format-standard","has-post-thumbnail","hentry","category-aracaju","tag-adocao","tag-pet"],"_links":{"self":[{"href":"https:\/\/resumosergipe.com.br\/index.php?rest_route=\/wp\/v2\/posts\/1325","targetHints":{"allow":["GET"]}}],"collection":[{"href":"https:\/\/resumosergipe.com.br\/index.php?rest_route=\/wp\/v2\/posts"}],"about":[{"href":"https:\/\/resumosergipe.com.br\/index.php?rest_route=\/wp\/v2\/types\/post"}],"author":[{"embeddable":true,"href":"https:\/\/resumosergipe.com.br\/index.php?rest_route=\/wp\/v2\/users\/1"}],"replies":[{"embeddable":true,"href":"https:\/\/resumosergipe.com.br\/index.php?rest_route=%2Fwp%2Fv2%2Fcomments&post=1325"}],"version-history":[{"count":1,"href":"https:\/\/resumosergipe.com.br\/index.php?rest_route=\/wp\/v2\/posts\/1325\/revisions"}],"predecessor-version":[{"id":1327,"href":"https:\/\/resumosergipe.com.br\/index.php?rest_route=\/wp\/v2\/posts\/1325\/revisions\/1327"}],"wp:featuredmedia":[{"embeddable":true,"href":"https:\/\/resumosergipe.com.br\/index.php?rest_route=\/wp\/v2\/media\/1326"}],"wp:attachment":[{"href":"https:\/\/resumosergipe.com.br\/index.php?rest_route=%2Fwp%2Fv2%2Fmedia&parent=1325"}],"wp:term":[{"taxonomy":"category","embeddable":true,"href":"https:\/\/resumosergipe.com.br\/index.php?rest_route=%2Fwp%2Fv2%2Fcategories&post=1325"},{"taxonomy":"post_tag","embeddable":true,"href":"https:\/\/resumosergipe.com.br\/index.php?rest_route=%2Fwp%2Fv2%2Ftags&post=1325"}],"curies":[{"name":"wp","href":"https:\/\/api.w.org\/{rel}","templated":true}]}}