{"id":1341,"date":"2023-11-14T06:03:53","date_gmt":"2023-11-14T09:03:53","guid":{"rendered":"https:\/\/resumosergipe.com.br\/?p=1341"},"modified":"2023-11-14T06:04:37","modified_gmt":"2023-11-14T09:04:37","slug":"adema-e-mpse-orientam-consorcios-de-residuos-solidos-sobre-os-planos-de-recuperacao-de-areas-degradadas-para-encerramento-dos-lixoes-em-sergipe","status":"publish","type":"post","link":"https:\/\/resumosergipe.com.br\/?p=1341","title":{"rendered":"Adema e MPSE orientam Cons\u00f3rcios de Res\u00edduos S\u00f3lidos sobre os Planos de Recupera\u00e7\u00e3o de \u00c1reas Degradadas para encerramento dos lix\u00f5es em Sergipe"},"content":{"rendered":"\n<p>A Administra\u00e7\u00e3o Estadual do Meio Ambiente (Adema), em parceria com o Minist\u00e9rio P\u00fablico de Sergipe (MPSE), reuniu os Cons\u00f3rcios P\u00fablicos em Res\u00edduos S\u00f3lidos do Estado de Sergipe nesta segunda-feira, 13, para orientar e dialogar sobre a elabora\u00e7\u00e3o dos Planos de Recupera\u00e7\u00e3o de \u00c1reas Degradadas (PRADs) para encerramento dos lix\u00f5es no estado.<\/p>\n\n\n\n<p>Na ocasi\u00e3o, a Adema apresentou minutas de dois Termos de Refer\u00eancia, nos quais os munic\u00edpios poder\u00e3o se espelhar para licenciar os PRADs e os P\u00e1tios de Compostagem, que dever\u00e3o ser implantados como importantes unidades estrat\u00e9gicas para diminuir a quantidade de res\u00edduos s\u00f3lidos produzidos pelos munic\u00edpios e baratear os custos de transporte e destina\u00e7\u00e3o final dos res\u00edduos s\u00f3lidos urbanos.<\/p>\n\n\n\n<p>Estiveram presentes representantes do Cons\u00f3rcio de Saneamento B\u00e1sico do Baixo S\u00e3o Francisco Sergipano (Conbasf), do Cons\u00f3rcio P\u00fablico de Saneamento B\u00e1sico Grande Aracaju (Consbaju), do Cons\u00f3rcio P\u00fablico do Agreste Central (CPAC) e do Cons\u00f3rcio P\u00fablico de Saneamento B\u00e1sico e Res\u00edduos S\u00f3lidos do Sul e Centro Sul Sergipano (Conscensul), t\u00e9cnicos da Adema e da Secretaria de Estado do Meio Ambiente (Semac), acompanhando a secret\u00e1ria do Meio Ambiente, Deborah Dias, que tamb\u00e9m participou da discuss\u00e3o.<\/p>\n\n\n\n<p>De acordo com o presidente da Adema, George Trindade, o objetivo \u00e9 tornar mais simples e c\u00e9lere o processo de licenciamento que envolve a quest\u00e3o do encerramento dos lix\u00f5es. \u201cSens\u00edvel \u00e0s dificuldades que os munic\u00edpios v\u00eam relatando na elabora\u00e7\u00e3o desses PRADs, o governador F\u00e1bio Mitidieri orientou que fiz\u00e9ssemos o poss\u00edvel para auxili\u00e1-los. Ent\u00e3o buscamos reunir os cons\u00f3rcios para apresentar minuta do Termo de Refer\u00eancia e ouvi-los sobre isso, para que compreendam a Adema como aliada no sentido do cumprimento da legisla\u00e7\u00e3o e do prazo final de encerramento dos lix\u00f5es, que \u00e9 agosto de 2024. A constru\u00e7\u00e3o coletiva \u00e9 sempre o melhor caminho. Receberemos sugest\u00f5es at\u00e9 o dia 17 e publicaremos a vers\u00e3o final at\u00e9 o dia 24\u201d, afirmou o gestor.<\/p>\n\n\n\n<p>Diretora do Centro de Apoio Operacional do Meio Ambiente e Urbanismo do Minist\u00e9rio P\u00fablico Estadual, a promotora de Justi\u00e7a Aldeleine Melhor Barbosa ressaltou que a iniciativa da Adema em promover a reuni\u00e3o representa uma aproxima\u00e7\u00e3o do \u00f3rg\u00e3o ambiental com os munic\u00edpios. \u201cA Adema, de uma forma muito democr\u00e1tica, se abriu para a participa\u00e7\u00e3o dos Cons\u00f3rcios, do pr\u00f3prio Minist\u00e9rio P\u00fablico e da Semac, que tamb\u00e9m se fez presente, para a gente discutir, debater esse Termo de Refer\u00eancia. Ainda foi aberto um prazo de uma semana para que a gente possa enviar sugest\u00f5es. Ent\u00e3o \u00e9 um momento \u00edmpar, em que a gente consegue uma aproxima\u00e7\u00e3o, um di\u00e1logo, um debate com o \u00f3rg\u00e3o de fiscaliza\u00e7\u00e3o e, nesse aspecto, o atual presidente est\u00e1 de parab\u00e9ns pela iniciativa\u201d, destacou a promotora.<\/p>\n\n\n\n<p>Evanilson Santana, superintendente do CPAC, avaliou como proveitosa a reuni\u00e3o. \u201cPudemos rever algumas coisas que estavam impedindo o procedimento dos estudos dos PRADs dos munic\u00edpios, e hoje foi uma oportunidade de a gente tirar d\u00favidas. Alguns lix\u00f5es j\u00e1 foram fechados no agreste, mas t\u00ednhamos muita dificuldade para tentar o licenciamento desses PRADs, e com esse Termo de Refer\u00eancia que foi apresentado hoje foi poss\u00edvel destravar algumas coisas. Tamb\u00e9m foi importante o Termo de Refer\u00eancia para licenciamento dos p\u00e1tios compostagem, que a gente sabe que ser\u00e1 necess\u00e1rio implantar em alguns munic\u00edpios com o fechamento dos lix\u00f5es\u201d, avaliou.&nbsp;<\/p>\n\n\n\n<p>Valdir Calazans, superintendente do Consbaju, tamb\u00e9m avaliou positivamente a reuni\u00e3o. \u201cFoi um grande passo. Est\u00e3o todos de parab\u00e9ns. Espero que a gente tenha bons resultados e, claro, sempre ajudando o meio ambiente\u201d, pontuou.<\/p>\n\n\n\n<p>Segundo Lucimara Passos, diretora t\u00e9cnica da Adema que, juntamente \u00e0 t\u00e9cnica Ana Consuelo Fontenele, apresentou as minutas dos termos de refer\u00eancia para os presentes, as sugest\u00f5es que ser\u00e3o recebidas dever\u00e3o ser analisadas e, possivelmente, incorporadas. \u201cNossa inten\u00e7\u00e3o \u00e9 justamente buscar, coletivamente, de forma participativa, solu\u00e7\u00f5es para res\u00edduos de compostagem para as \u00e1reas de lix\u00e3o que foram e ser\u00e3o encerrados. Um momento muito importante e produtivo que, sem sombra de d\u00favida, veio trazer um cen\u00e1rio de di\u00e1logo franco e aberto entre todas as partes. As contribui\u00e7\u00f5es ser\u00e3o analisadas e o novo documento que surgir\u00e1 trar\u00e1 ainda mais benef\u00edcios para o estado\u201d, finalizou.<\/p>\n\n\n\n<p><em>Fonte: Governo de Sergipe<\/em><\/p>\n","protected":false},"excerpt":{"rendered":"<p>A Administra\u00e7\u00e3o Estadual do Meio Ambiente (Adema), em parceria com o Minist\u00e9rio P\u00fablico de Sergipe (MPSE), reuniu os Cons\u00f3rcios P\u00fablicos em Res\u00edduos S\u00f3lidos do Estado de Sergipe nesta segunda-feira, 13, para orientar e dialogar sobre a elabora\u00e7\u00e3o dos Planos de Recupera\u00e7\u00e3o de \u00c1reas Degradadas (PRADs) para encerramento dos lix\u00f5es no estado. Na ocasi\u00e3o, a Adema apresentou minutas de dois Termos de Refer\u00eancia, nos quais os munic\u00edpios poder\u00e3o se espelhar para licenciar os PRADs e os P\u00e1tios de Compostagem, que dever\u00e3o ser implantados como importantes unidades estrat\u00e9gicas para diminuir a quantidade de res\u00edduos s\u00f3lidos produzidos pelos munic\u00edpios e baratear os custos de transporte e destina\u00e7\u00e3o final dos res\u00edduos s\u00f3lidos urbanos. Estiveram presentes representantes do Cons\u00f3rcio de Saneamento B\u00e1sico do Baixo S\u00e3o Francisco Sergipano (Conbasf), do Cons\u00f3rcio P\u00fablico de Saneamento B\u00e1sico Grande Aracaju (Consbaju), do Cons\u00f3rcio P\u00fablico do Agreste Central (CPAC) e do Cons\u00f3rcio P\u00fablico de Saneamento B\u00e1sico e Res\u00edduos S\u00f3lidos do Sul e Centro Sul Sergipano (Conscensul), t\u00e9cnicos da Adema e da Secretaria de Estado do Meio Ambiente (Semac), acompanhando a secret\u00e1ria do Meio Ambiente, Deborah Dias, que tamb\u00e9m participou da discuss\u00e3o. De acordo com o presidente da Adema, George Trindade, o objetivo \u00e9 tornar mais simples e c\u00e9lere o processo de licenciamento que envolve a quest\u00e3o do encerramento dos lix\u00f5es. \u201cSens\u00edvel \u00e0s dificuldades que os munic\u00edpios v\u00eam relatando na elabora\u00e7\u00e3o desses PRADs, o governador F\u00e1bio Mitidieri orientou que fiz\u00e9ssemos o poss\u00edvel para auxili\u00e1-los. Ent\u00e3o buscamos reunir os cons\u00f3rcios para apresentar minuta do Termo de Refer\u00eancia e ouvi-los sobre isso, para que compreendam a Adema como aliada no sentido do cumprimento da legisla\u00e7\u00e3o e do prazo final de encerramento dos lix\u00f5es, que \u00e9 agosto de 2024. A constru\u00e7\u00e3o coletiva \u00e9 sempre o melhor caminho. Receberemos sugest\u00f5es at\u00e9 o dia 17 e publicaremos a vers\u00e3o final at\u00e9 o dia 24\u201d, afirmou o gestor. Diretora do Centro de Apoio Operacional do Meio Ambiente e Urbanismo do Minist\u00e9rio P\u00fablico Estadual, a promotora de Justi\u00e7a Aldeleine Melhor Barbosa ressaltou que a iniciativa da Adema em promover a reuni\u00e3o representa uma aproxima\u00e7\u00e3o do \u00f3rg\u00e3o ambiental com os munic\u00edpios. \u201cA Adema, de uma forma muito democr\u00e1tica, se abriu para a participa\u00e7\u00e3o dos Cons\u00f3rcios, do pr\u00f3prio Minist\u00e9rio P\u00fablico e da Semac, que tamb\u00e9m se fez presente, para a gente discutir, debater esse Termo de Refer\u00eancia. Ainda foi aberto um prazo de uma semana para que a gente possa enviar sugest\u00f5es. Ent\u00e3o \u00e9 um momento \u00edmpar, em que a gente consegue uma aproxima\u00e7\u00e3o, um di\u00e1logo, um debate com o \u00f3rg\u00e3o de fiscaliza\u00e7\u00e3o e, nesse aspecto, o atual presidente est\u00e1 de parab\u00e9ns pela iniciativa\u201d, destacou a promotora. Evanilson Santana, superintendente do CPAC, avaliou como proveitosa a reuni\u00e3o. \u201cPudemos rever algumas coisas que estavam impedindo o procedimento dos estudos dos PRADs dos munic\u00edpios, e hoje foi uma oportunidade de a gente tirar d\u00favidas. Alguns lix\u00f5es j\u00e1 foram fechados no agreste, mas t\u00ednhamos muita dificuldade para tentar o licenciamento desses PRADs, e com esse Termo de Refer\u00eancia que foi apresentado hoje foi poss\u00edvel destravar algumas coisas. Tamb\u00e9m foi importante o Termo de Refer\u00eancia para licenciamento dos p\u00e1tios compostagem, que a gente sabe que ser\u00e1 necess\u00e1rio implantar em alguns munic\u00edpios com o fechamento dos lix\u00f5es\u201d, avaliou.&nbsp; Valdir Calazans, superintendente do Consbaju, tamb\u00e9m avaliou positivamente a reuni\u00e3o. \u201cFoi um grande passo. Est\u00e3o todos de parab\u00e9ns. Espero que a gente tenha bons resultados e, claro, sempre ajudando o meio ambiente\u201d, pontuou. Segundo Lucimara Passos, diretora t\u00e9cnica da Adema que, juntamente \u00e0 t\u00e9cnica Ana Consuelo Fontenele, apresentou as minutas dos termos de refer\u00eancia para os presentes, as sugest\u00f5es que ser\u00e3o recebidas dever\u00e3o ser analisadas e, possivelmente, incorporadas. \u201cNossa inten\u00e7\u00e3o \u00e9 justamente buscar, coletivamente, de forma participativa, solu\u00e7\u00f5es para res\u00edduos de compostagem para as \u00e1reas de lix\u00e3o que foram e ser\u00e3o encerrados. Um momento muito importante e produtivo que, sem sombra de d\u00favida, veio trazer um cen\u00e1rio de di\u00e1logo franco e aberto entre todas as partes. As contribui\u00e7\u00f5es ser\u00e3o analisadas e o novo documento que surgir\u00e1 trar\u00e1 ainda mais benef\u00edcios para o estado\u201d, finalizou. Fonte: Governo de Sergipe<\/p>\n","protected":false},"author":1,"featured_media":1342,"comment_status":"open","ping_status":"open","sticky":false,"template":"","format":"standard","meta":{"footnotes":""},"categories":[32],"tags":[65],"class_list":["post-1341","post","type-post","status-publish","format-standard","has-post-thumbnail","hentry","category-sergipe","tag-meio-ambiente"],"_links":{"self":[{"href":"https:\/\/resumosergipe.com.br\/index.php?rest_route=\/wp\/v2\/posts\/1341","targetHints":{"allow":["GET"]}}],"collection":[{"href":"https:\/\/resumosergipe.com.br\/index.php?rest_route=\/wp\/v2\/posts"}],"about":[{"href":"https:\/\/resumosergipe.com.br\/index.php?rest_route=\/wp\/v2\/types\/post"}],"author":[{"embeddable":true,"href":"https:\/\/resumosergipe.com.br\/index.php?rest_route=\/wp\/v2\/users\/1"}],"replies":[{"embeddable":true,"href":"https:\/\/resumosergipe.com.br\/index.php?rest_route=%2Fwp%2Fv2%2Fcomments&post=1341"}],"version-history":[{"count":2,"href":"https:\/\/resumosergipe.com.br\/index.php?rest_route=\/wp\/v2\/posts\/1341\/revisions"}],"predecessor-version":[{"id":1344,"href":"https:\/\/resumosergipe.com.br\/index.php?rest_route=\/wp\/v2\/posts\/1341\/revisions\/1344"}],"wp:featuredmedia":[{"embeddable":true,"href":"https:\/\/resumosergipe.com.br\/index.php?rest_route=\/wp\/v2\/media\/1342"}],"wp:attachment":[{"href":"https:\/\/resumosergipe.com.br\/index.php?rest_route=%2Fwp%2Fv2%2Fmedia&parent=1341"}],"wp:term":[{"taxonomy":"category","embeddable":true,"href":"https:\/\/resumosergipe.com.br\/index.php?rest_route=%2Fwp%2Fv2%2Fcategories&post=1341"},{"taxonomy":"post_tag","embeddable":true,"href":"https:\/\/resumosergipe.com.br\/index.php?rest_route=%2Fwp%2Fv2%2Ftags&post=1341"}],"curies":[{"name":"wp","href":"https:\/\/api.w.org\/{rel}","templated":true}]}}