{"id":1345,"date":"2023-11-14T06:13:06","date_gmt":"2023-11-14T09:13:06","guid":{"rendered":"https:\/\/resumosergipe.com.br\/?p=1345"},"modified":"2023-11-14T06:13:23","modified_gmt":"2023-11-14T09:13:23","slug":"prefeito-edvaldo-a-instalacao-do-consorcio-do-transporte-coletivo-e-uma-grande-vitoria","status":"publish","type":"post","link":"https:\/\/resumosergipe.com.br\/?p=1345","title":{"rendered":"Prefeito Edvaldo: &#8220;a instala\u00e7\u00e3o do cons\u00f3rcio do transporte coletivo \u00e9 uma grande vit\u00f3ria&#8221;"},"content":{"rendered":"\n<p>Os prefeitos Edvaldo Nogueira (Aracaju), Padre Inaldo (Nossa Senhora do Socorro), Marcos Santana (S\u00e3o Crist\u00f3v\u00e3o) e Alberto Macedo (Barra dos Coqueiros) e o governador F\u00e1bio Mitidieri realizaram, nesta segunda-feira, 13, a instala\u00e7\u00e3o do cons\u00f3rcio metropolitano do transporte p\u00fablico coletivo da Grande Aracaju. Reunidos na sede da Prefeitura de Aracaju, os gestores promoveram a assembleia inaugural da autarquia, que visa assegurar a melhoria do transporte p\u00fablico na capital e na regi\u00e3o metropolitana.<\/p>\n\n\n\n<p>O cons\u00f3rcio, que \u00e9 formado pelos quatro munic\u00edpios e pelo Governo de Sergipe, levar\u00e1 \u00e0 cria\u00e7\u00e3o de uma entidade p\u00fablica que definir\u00e1 o formato do sistema de transporte coletivo da regi\u00e3o metropolitana de Aracaju e as obriga\u00e7\u00f5es de cada ente na gest\u00e3o do servi\u00e7o. A administra\u00e7\u00e3o ser\u00e1 de compet\u00eancia da Prefeitura de Aracaju, por ser a capital e a mais populosa entre as quatro cidades, e todas as discuss\u00f5es ser\u00e3o conduzidas de forma coletiva. Criado o cons\u00f3rcio, ser\u00e1 publicado, em breve, o edital para a licita\u00e7\u00e3o do transporte coletivo, instrumento que representa um importante avan\u00e7o para esses quatro munic\u00edpios, como destacou o prefeito Edvaldo.<\/p>\n\n\n\n<p>\u201cEssa \u00e9 uma grande vit\u00f3ria. Estamos instalando, oficialmente, o cons\u00f3rcio do transporte coletivo da Grande Aracaju e, a partir dele, tomaremos medidas muito importantes que trar\u00e3o resultados para o presente e futuro do transporte coletivo das nossas cidades. Nesta primeira assembleia, discutimos as quest\u00f5es, as defici\u00eancias, os problemas existentes no sistema e marcamos uma nova reuni\u00e3o extraordin\u00e1ria j\u00e1 para o dia 22 de novembro, \u00e0s 17 horas, para que possamos apresentar as primeiras solu\u00e7\u00f5es mais imediatas. Ser\u00e1 nesta reuni\u00e3o que oficializaremos as propostas para a melhoria do transporte p\u00fablico da regi\u00e3o metropolitana\u201d, afirmou o prefeito da capital.<\/p>\n\n\n\n<p>Ao pontuar o que foi discutido na assembleia inaugural do cons\u00f3rcio, Edvaldo detalhou como se deu a nomea\u00e7\u00e3o dos membros que comp\u00f5em o \u00f3rg\u00e3o. Como prefeito da maior cidade, o gestor de Aracaju assume a presid\u00eancia do cons\u00f3rcio e o superintendente de Transportes e Tr\u00e2nsito de Aracaju, Renato Telles, a Diretoria Executiva. \u201cO governador F\u00e1bio Mitidieri e os demais prefeitos das cidades da Grande Aracaju tamb\u00e9m ter\u00e3o participa\u00e7\u00e3o efetiva. Nossa ideia \u00e9 j\u00e1 na pr\u00f3xima reuni\u00e3o apresentar resultados imediatos, com base nas discuss\u00f5es em torno da primeira parte do estudo, que foi realizado a partir da consultoria com a ANTP, e do relat\u00f3rio completo que ser\u00e1 apresentado e debatido neste segundo encontro\u201d, reiterou.<\/p>\n\n\n\n<p>O prefeito informou ainda que, com a cria\u00e7\u00e3o do cons\u00f3rcio metropolitano, todas as decis\u00f5es sobre o sistema de transporte coletivo ser\u00e3o tomadas coletivamente. \u201cSeja do ponto de vista da fiscaliza\u00e7\u00e3o, seja sobre as discuss\u00f5es das linhas, entre outros pontos, tudo ser\u00e1 submetido a esta autarquia que ter\u00e1 uma sede pr\u00f3pria, estatuto, regulamento. \u00c9 um momento novo, uma institui\u00e7\u00e3o nova que estamos colocando em funcionamento e que, com certeza, ir\u00e1 enfrentar, com base t\u00e9cnica e pol\u00edtica, todos os problemas do transporte p\u00fablico para que a popula\u00e7\u00e3o tenha acesso a um servi\u00e7o eficaz\u201d, completou.<\/p>\n\n\n\n<p>Para o governador F\u00e1bio Mitidieri, a instala\u00e7\u00e3o do cons\u00f3rcio representa \u201cum momento hist\u00f3rico\u201d. \u201cEstamos, efetivamente, colocando o cons\u00f3rcio para funcionar, com a participa\u00e7\u00e3o do Governo do Estado, que possui voz ativa no \u00f3rg\u00e3o, e dos representantes das quatro cidades. J\u00e1 iniciamos os trabalhos com delibera\u00e7\u00f5es importantes. Temos um sistema sucateado, uma passagem defasada, que n\u00e3o sustenta o sistema, mas que pesa no bolso do usu\u00e1rio, e o que n\u00f3s buscaremos s\u00e3o as alternativas e solu\u00e7\u00f5es para essas problem\u00e1ticas\u201d, afirmou.<\/p>\n\n\n\n<p>O governador acrescentou ainda que o cons\u00f3rcio \u201cser\u00e1 um instrumento em que trabalharemos juntos pela melhoria deste servi\u00e7o\u201d. \u201cInclusive, debatendo sobre a quest\u00e3o de subs\u00eddio, como seria a proporcionalidade, j\u00e1 que tudo isso tem um impacto. Temos uma preocupa\u00e7\u00e3o com a frota, mas temos, tamb\u00e9m, uma preocupa\u00e7\u00e3o com as contas p\u00fablicas dos munic\u00edpios que precisam fechar. Ent\u00e3o, envolvemos todas as \u00e1reas para que possamos apresentar solu\u00e7\u00f5es concretas e imediatas para a popula\u00e7\u00e3o que anseia por um transporte p\u00fablico de qualidade\u201d, refor\u00e7ou.<\/p>\n\n\n\n<p>Prefeito de Nossa Senhora do Socorro, Padre Inaldo definiu a primeira reuni\u00e3o do cons\u00f3rcio como \u201cextremamente positiva\u201d. \u201cEste \u00e9 um momento que esperamos bastante, que temos trabalhado para que se torne concreto desde 2017. Com a instala\u00e7\u00e3o do cons\u00f3rcio, algumas preocupa\u00e7\u00f5es j\u00e1 se amarram para que, na pr\u00f3xima reuni\u00e3o, marcada para o dia 22, possamos apresentar \u00e0 nossa popula\u00e7\u00e3o algo imediato no que diz respeito \u00e0 melhoria do transporte p\u00fablico na regi\u00e3o metropolitana\u201d, declarou.<\/p>\n\n\n\n<p>De acordo com o prefeito de S\u00e3o Crist\u00f3v\u00e3o, Marcos Santana, a instala\u00e7\u00e3o do cons\u00f3rcio \u201c\u00e9 um avan\u00e7o significativo\u201d para o sistema de transporte coletivo da Grande Aracaju. \u201cV\u00ednhamos h\u00e1 muito tempo colocando de maneira bastante contundente a necessidade de instala\u00e7\u00e3o imediata do cons\u00f3rcio, que foi criado em 2015. A reuni\u00e3o foi muito importante, j\u00e1 deliberamos sobre algumas coisas, sobretudo do ponto de vista administrativo, mas tamb\u00e9m da atividade-fim do cons\u00f3rcio, que \u00e9 garantir um transporte seguro e de qualidade, e um sistema que tenha sustentabilidade\u201d, disse.<\/p>\n\n\n\n<p>Prefeito da Barra dos Coqueiros, Alberto Macedo tamb\u00e9m avaliou a reuni\u00e3o inaugural do cons\u00f3rcio como \u201cmuito positiva\u201d. Conforme ressaltou, na pr\u00f3xima reuni\u00e3o, marcada para o pr\u00f3ximo dia 22 de novembro, j\u00e1 ser\u00e3o apresentadas solu\u00e7\u00f5es concretas para o sistema de transporte coletivo da regi\u00e3o metropolitana. \u201cN\u00e3o tenho d\u00favida de que esse cons\u00f3rcio vai trazer um benef\u00edcio muito grande para as popula\u00e7\u00f5es dos munic\u00edpios da Grande Aracaju, porque democratiza os problemas, pois todos os munic\u00edpios far\u00e3o parte dessa gest\u00e3o\u201d, frisou.<\/p>\n\n\n\n<p>Para o superintendente de Transportes e Tr\u00e2nsito de Aracaju, Renato Telles, que assumir\u00e1 a Diretoria-Executiva do cons\u00f3rcio, o momento agora \u00e9 de \u201cavan\u00e7armos ainda mais, com decis\u00f5es compartilhadas entre os prefeitos\u201d. Ele explicou que, por for\u00e7a da lei, Aracaju continua sendo respons\u00e1vel pelo sistema, mas salientou que, \u201co prefeito Edvaldo se posicionou perante o governador e os demais prefeitos de que as discuss\u00f5es ser\u00e3o levadas ao cons\u00f3rcio, para que juntos busquem alternativas para apresentar mais qualidade ao transporte, para que isso possa desaguar no edital da licita\u00e7\u00e3o\u201d.<\/p>\n\n\n\n<p>Cons\u00f3rcio metropolitano<\/p>\n\n\n\n<p>As discuss\u00f5es para a instala\u00e7\u00e3o do cons\u00f3rcio foram iniciadas ainda em 2018, quando o prefeito Edvaldo anunciou o in\u00edcio do processo e promoveu a primeira reuni\u00e3o entre os prefeitos das quatro cidades que integram a Grande Aracaju, originando, entre as medidas estabelecidas, a forma\u00e7\u00e3o de uma comiss\u00e3o com representantes dos munic\u00edpios para o estudo das leis existentes, com a finalidade de se chegar a um resultado que fosse ben\u00e9fico \u00e0s quatro cidades.<\/p>\n\n\n\n<p>Ao longo de 2019, o grupo voltou a se reunir, por diversas vezes, para avan\u00e7ar nas discuss\u00f5es para a instala\u00e7\u00e3o do cons\u00f3rcio. Em 2020, contudo, em virtude da pandemia do novo Corona v\u00edrus, as discuss\u00f5es precisaram ser suspensas para o enfrentamento ao per\u00edodo pand\u00eamico.<\/p>\n\n\n\n<p>Passada a fase de combate \u00e0 pandemia, em 2022, a Prefeitura de Aracaju, que lidera o processo, contratou a Associa\u00e7\u00e3o Nacional de Transporte Coletivo (ANTP) para a presta\u00e7\u00e3o de consultoria especializada, com a finalidade tra\u00e7ar um diagn\u00f3stico preciso do sistema de transporte p\u00fablico que abrange a Grande Aracaju. Para a contrata\u00e7\u00e3o dessa consultoria, a gest\u00e3o da capital investiu R$1,9 milh\u00e3o.<\/p>\n\n\n\n<p>No \u00faltimo dia 9 de outubro, os gestores de Aracaju, S\u00e3o Crist\u00f3v\u00e3o, Barra dos Coqueiros e Nossa Senhora do Socorro voltaram a se reunir para estabelecer um cronograma de agendas. E j\u00e1 no dia 11 daquele m\u00eas, os prefeitos da Grande Aracaju, a convite do prefeito Edvaldo Nogueira, participaram de um uma nova reuni\u00e3o, na qual foram apresentados os resultados da consultoria realizada pela ANTP.<\/p>\n\n\n\n<p><em>Fonte: PMA<\/em><\/p>\n","protected":false},"excerpt":{"rendered":"<p>Os prefeitos Edvaldo Nogueira (Aracaju), Padre Inaldo (Nossa Senhora do Socorro), Marcos Santana (S\u00e3o Crist\u00f3v\u00e3o) e Alberto Macedo (Barra dos Coqueiros) e o governador F\u00e1bio Mitidieri realizaram, nesta segunda-feira, 13, a instala\u00e7\u00e3o do cons\u00f3rcio metropolitano do transporte p\u00fablico coletivo da Grande Aracaju. Reunidos na sede da Prefeitura de Aracaju, os gestores promoveram a assembleia inaugural da autarquia, que visa assegurar a melhoria do transporte p\u00fablico na capital e na regi\u00e3o metropolitana. O cons\u00f3rcio, que \u00e9 formado pelos quatro munic\u00edpios e pelo Governo de Sergipe, levar\u00e1 \u00e0 cria\u00e7\u00e3o de uma entidade p\u00fablica que definir\u00e1 o formato do sistema de transporte coletivo da regi\u00e3o metropolitana de Aracaju e as obriga\u00e7\u00f5es de cada ente na gest\u00e3o do servi\u00e7o. A administra\u00e7\u00e3o ser\u00e1 de compet\u00eancia da Prefeitura de Aracaju, por ser a capital e a mais populosa entre as quatro cidades, e todas as discuss\u00f5es ser\u00e3o conduzidas de forma coletiva. Criado o cons\u00f3rcio, ser\u00e1 publicado, em breve, o edital para a licita\u00e7\u00e3o do transporte coletivo, instrumento que representa um importante avan\u00e7o para esses quatro munic\u00edpios, como destacou o prefeito Edvaldo. \u201cEssa \u00e9 uma grande vit\u00f3ria. Estamos instalando, oficialmente, o cons\u00f3rcio do transporte coletivo da Grande Aracaju e, a partir dele, tomaremos medidas muito importantes que trar\u00e3o resultados para o presente e futuro do transporte coletivo das nossas cidades. Nesta primeira assembleia, discutimos as quest\u00f5es, as defici\u00eancias, os problemas existentes no sistema e marcamos uma nova reuni\u00e3o extraordin\u00e1ria j\u00e1 para o dia 22 de novembro, \u00e0s 17 horas, para que possamos apresentar as primeiras solu\u00e7\u00f5es mais imediatas. Ser\u00e1 nesta reuni\u00e3o que oficializaremos as propostas para a melhoria do transporte p\u00fablico da regi\u00e3o metropolitana\u201d, afirmou o prefeito da capital. Ao pontuar o que foi discutido na assembleia inaugural do cons\u00f3rcio, Edvaldo detalhou como se deu a nomea\u00e7\u00e3o dos membros que comp\u00f5em o \u00f3rg\u00e3o. Como prefeito da maior cidade, o gestor de Aracaju assume a presid\u00eancia do cons\u00f3rcio e o superintendente de Transportes e Tr\u00e2nsito de Aracaju, Renato Telles, a Diretoria Executiva. \u201cO governador F\u00e1bio Mitidieri e os demais prefeitos das cidades da Grande Aracaju tamb\u00e9m ter\u00e3o participa\u00e7\u00e3o efetiva. Nossa ideia \u00e9 j\u00e1 na pr\u00f3xima reuni\u00e3o apresentar resultados imediatos, com base nas discuss\u00f5es em torno da primeira parte do estudo, que foi realizado a partir da consultoria com a ANTP, e do relat\u00f3rio completo que ser\u00e1 apresentado e debatido neste segundo encontro\u201d, reiterou. O prefeito informou ainda que, com a cria\u00e7\u00e3o do cons\u00f3rcio metropolitano, todas as decis\u00f5es sobre o sistema de transporte coletivo ser\u00e3o tomadas coletivamente. \u201cSeja do ponto de vista da fiscaliza\u00e7\u00e3o, seja sobre as discuss\u00f5es das linhas, entre outros pontos, tudo ser\u00e1 submetido a esta autarquia que ter\u00e1 uma sede pr\u00f3pria, estatuto, regulamento. \u00c9 um momento novo, uma institui\u00e7\u00e3o nova que estamos colocando em funcionamento e que, com certeza, ir\u00e1 enfrentar, com base t\u00e9cnica e pol\u00edtica, todos os problemas do transporte p\u00fablico para que a popula\u00e7\u00e3o tenha acesso a um servi\u00e7o eficaz\u201d, completou. Para o governador F\u00e1bio Mitidieri, a instala\u00e7\u00e3o do cons\u00f3rcio representa \u201cum momento hist\u00f3rico\u201d. \u201cEstamos, efetivamente, colocando o cons\u00f3rcio para funcionar, com a participa\u00e7\u00e3o do Governo do Estado, que possui voz ativa no \u00f3rg\u00e3o, e dos representantes das quatro cidades. J\u00e1 iniciamos os trabalhos com delibera\u00e7\u00f5es importantes. Temos um sistema sucateado, uma passagem defasada, que n\u00e3o sustenta o sistema, mas que pesa no bolso do usu\u00e1rio, e o que n\u00f3s buscaremos s\u00e3o as alternativas e solu\u00e7\u00f5es para essas problem\u00e1ticas\u201d, afirmou. O governador acrescentou ainda que o cons\u00f3rcio \u201cser\u00e1 um instrumento em que trabalharemos juntos pela melhoria deste servi\u00e7o\u201d. \u201cInclusive, debatendo sobre a quest\u00e3o de subs\u00eddio, como seria a proporcionalidade, j\u00e1 que tudo isso tem um impacto. Temos uma preocupa\u00e7\u00e3o com a frota, mas temos, tamb\u00e9m, uma preocupa\u00e7\u00e3o com as contas p\u00fablicas dos munic\u00edpios que precisam fechar. Ent\u00e3o, envolvemos todas as \u00e1reas para que possamos apresentar solu\u00e7\u00f5es concretas e imediatas para a popula\u00e7\u00e3o que anseia por um transporte p\u00fablico de qualidade\u201d, refor\u00e7ou. Prefeito de Nossa Senhora do Socorro, Padre Inaldo definiu a primeira reuni\u00e3o do cons\u00f3rcio como \u201cextremamente positiva\u201d. \u201cEste \u00e9 um momento que esperamos bastante, que temos trabalhado para que se torne concreto desde 2017. Com a instala\u00e7\u00e3o do cons\u00f3rcio, algumas preocupa\u00e7\u00f5es j\u00e1 se amarram para que, na pr\u00f3xima reuni\u00e3o, marcada para o dia 22, possamos apresentar \u00e0 nossa popula\u00e7\u00e3o algo imediato no que diz respeito \u00e0 melhoria do transporte p\u00fablico na regi\u00e3o metropolitana\u201d, declarou. De acordo com o prefeito de S\u00e3o Crist\u00f3v\u00e3o, Marcos Santana, a instala\u00e7\u00e3o do cons\u00f3rcio \u201c\u00e9 um avan\u00e7o significativo\u201d para o sistema de transporte coletivo da Grande Aracaju. \u201cV\u00ednhamos h\u00e1 muito tempo colocando de maneira bastante contundente a necessidade de instala\u00e7\u00e3o imediata do cons\u00f3rcio, que foi criado em 2015. A reuni\u00e3o foi muito importante, j\u00e1 deliberamos sobre algumas coisas, sobretudo do ponto de vista administrativo, mas tamb\u00e9m da atividade-fim do cons\u00f3rcio, que \u00e9 garantir um transporte seguro e de qualidade, e um sistema que tenha sustentabilidade\u201d, disse. Prefeito da Barra dos Coqueiros, Alberto Macedo tamb\u00e9m avaliou a reuni\u00e3o inaugural do cons\u00f3rcio como \u201cmuito positiva\u201d. Conforme ressaltou, na pr\u00f3xima reuni\u00e3o, marcada para o pr\u00f3ximo dia 22 de novembro, j\u00e1 ser\u00e3o apresentadas solu\u00e7\u00f5es concretas para o sistema de transporte coletivo da regi\u00e3o metropolitana. \u201cN\u00e3o tenho d\u00favida de que esse cons\u00f3rcio vai trazer um benef\u00edcio muito grande para as popula\u00e7\u00f5es dos munic\u00edpios da Grande Aracaju, porque democratiza os problemas, pois todos os munic\u00edpios far\u00e3o parte dessa gest\u00e3o\u201d, frisou. Para o superintendente de Transportes e Tr\u00e2nsito de Aracaju, Renato Telles, que assumir\u00e1 a Diretoria-Executiva do cons\u00f3rcio, o momento agora \u00e9 de \u201cavan\u00e7armos ainda mais, com decis\u00f5es compartilhadas entre os prefeitos\u201d. Ele explicou que, por for\u00e7a da lei, Aracaju continua sendo respons\u00e1vel pelo sistema, mas salientou que, \u201co prefeito Edvaldo se posicionou perante o governador e os demais prefeitos de que as discuss\u00f5es ser\u00e3o levadas ao cons\u00f3rcio, para que juntos busquem alternativas para apresentar mais qualidade ao transporte, para que isso possa desaguar no edital da licita\u00e7\u00e3o\u201d. Cons\u00f3rcio metropolitano As discuss\u00f5es para a instala\u00e7\u00e3o do cons\u00f3rcio foram iniciadas ainda em 2018, quando o prefeito Edvaldo anunciou o in\u00edcio do processo e promoveu a primeira reuni\u00e3o entre os prefeitos das quatro cidades que integram a<\/p>\n","protected":false},"author":1,"featured_media":1346,"comment_status":"open","ping_status":"open","sticky":false,"template":"","format":"standard","meta":{"footnotes":""},"categories":[61,32],"tags":[84],"class_list":["post-1345","post","type-post","status-publish","format-standard","has-post-thumbnail","hentry","category-aracaju","category-sergipe","tag-transporte"],"_links":{"self":[{"href":"https:\/\/resumosergipe.com.br\/index.php?rest_route=\/wp\/v2\/posts\/1345","targetHints":{"allow":["GET"]}}],"collection":[{"href":"https:\/\/resumosergipe.com.br\/index.php?rest_route=\/wp\/v2\/posts"}],"about":[{"href":"https:\/\/resumosergipe.com.br\/index.php?rest_route=\/wp\/v2\/types\/post"}],"author":[{"embeddable":true,"href":"https:\/\/resumosergipe.com.br\/index.php?rest_route=\/wp\/v2\/users\/1"}],"replies":[{"embeddable":true,"href":"https:\/\/resumosergipe.com.br\/index.php?rest_route=%2Fwp%2Fv2%2Fcomments&post=1345"}],"version-history":[{"count":2,"href":"https:\/\/resumosergipe.com.br\/index.php?rest_route=\/wp\/v2\/posts\/1345\/revisions"}],"predecessor-version":[{"id":1348,"href":"https:\/\/resumosergipe.com.br\/index.php?rest_route=\/wp\/v2\/posts\/1345\/revisions\/1348"}],"wp:featuredmedia":[{"embeddable":true,"href":"https:\/\/resumosergipe.com.br\/index.php?rest_route=\/wp\/v2\/media\/1346"}],"wp:attachment":[{"href":"https:\/\/resumosergipe.com.br\/index.php?rest_route=%2Fwp%2Fv2%2Fmedia&parent=1345"}],"wp:term":[{"taxonomy":"category","embeddable":true,"href":"https:\/\/resumosergipe.com.br\/index.php?rest_route=%2Fwp%2Fv2%2Fcategories&post=1345"},{"taxonomy":"post_tag","embeddable":true,"href":"https:\/\/resumosergipe.com.br\/index.php?rest_route=%2Fwp%2Fv2%2Ftags&post=1345"}],"curies":[{"name":"wp","href":"https:\/\/api.w.org\/{rel}","templated":true}]}}