{"id":1352,"date":"2023-11-15T21:13:44","date_gmt":"2023-11-16T00:13:44","guid":{"rendered":"https:\/\/resumosergipe.com.br\/?p=1352"},"modified":"2023-11-15T21:13:44","modified_gmt":"2023-11-16T00:13:44","slug":"prefeito-edvaldo-o-natal-iluminado-acende-em-nossos-coracoes-a-esperanca-por-dias-melhores","status":"publish","type":"post","link":"https:\/\/resumosergipe.com.br\/?p=1352","title":{"rendered":"Prefeito Edvaldo: o Natal Iluminado acende em nossos cora\u00e7\u00f5es a esperan\u00e7a por dias melhores"},"content":{"rendered":"\n<p>As luzes da decora\u00e7\u00e3o do Natal Iluminado de Aracaju 2023, no Centro, foram acesas, nesta ter\u00e7a-feira, 14, pelo prefeito Edvaldo Nogueira, pelo vice-governador Zezinho Sobral e pelo presidente da Federa\u00e7\u00e3o do Com\u00e9rcio de Bens, Servi\u00e7os e Turismo de Sergipe (Fecom\u00e9rcio\/SE), Marcos Andrade. Em sua s\u00e9tima edi\u00e7\u00e3o, o projeto leva a magia natalina \u00e0s pra\u00e7as Fausto Cardoso, Almirante Barroso e Ol\u00edmpio Campos at\u00e9 o pr\u00f3ximo dia 6 de janeiro, com uma programa\u00e7\u00e3o que inclui apresenta\u00e7\u00f5es culturais com artistas sergipanos, orquestras e corais.<\/p>\n\n\n\n<p>\u201c\u00c9 com felicidade que acendemos, mais uma vez, as luzes do Natal Iluminado. Esta \u00e9 uma iniciativa fundamental para a nossa cidade por tr\u00eas aspectos: primeiro, porque celebramos o nascimento de Jesus, mantendo essa tradi\u00e7\u00e3o; segundo, porque projeta a capital para o pa\u00eds, atraindo turistas \u00e0 nossa cidade; e, terceiro, porque contribui para o desenvolvimento econ\u00f4mico do munic\u00edpio, gerando mais emprego e renda. Estamos come\u00e7ando hoje, dando o pontap\u00e9 inicial, depois acenderemos as luzes do Parque da Sementeira, da Orla da Atalaia e de outros pontos da capital, criando um circuito natalino em Aracaju\u201d, destacou o prefeito.<\/p>\n\n\n\n<p>Ao dar in\u00edcio \u00e0 programa\u00e7\u00e3o natalina na cidade, Edvaldo lembrou que o projeto foi retomado em 2017, cumprindo um compromisso firmado com os aracajuanos. \u201cQuando chegamos \u00e0 Prefeitura, o Natal Iluminado estava esquecido. Fomos atr\u00e1s de parcerias e encontramos na Fecom\u00e9rcio a ajuda de que precis\u00e1vamos para que a capital voltasse a viver essa magia. Retomamos de forma t\u00edmida, fomos crescendo e, hoje, entregamos \u00e0 popula\u00e7\u00e3o essa decora\u00e7\u00e3o linda e que acende em nossos cora\u00e7\u00f5es a esperan\u00e7a por dias melhores\u201d, reiterou o prefeito, agradecendo aos parceiros que se somaram \u00e0 iniciativa.<\/p>\n\n\n\n<p>Da mesma forma, o presidente da Fecom\u00e9rcio-SE, Marcos Andrade, enalteceu o papel da Prefeitura de Aracaju para a realiza\u00e7\u00e3o do Natal Iluminado. \u201cAl\u00e9m de executar diversos servi\u00e7os, atrav\u00e9s dos \u00f3rg\u00e3os municipais, a gest\u00e3o assegura todo o apoio log\u00edstico necess\u00e1rio para que o evento aconte\u00e7a com seguran\u00e7a. \u00c9 a partir desta soma\u00e7\u00e3o de esfor\u00e7os que trabalhamos para que o Natal Iluminado cres\u00e7a, se consolidando como o maior evento natalino de Sergipe. Ent\u00e3o, quero agradecer ao prefeito Edvaldo Nogueira\u201d, afirmou.<\/p>\n\n\n\n<p>Representando o governador F\u00e1bio Mitidieri, o vice-governador Zezinho Sobral disse que o Natal Iluminado representa \u201co territ\u00f3rio da equidade\u201d. \u201cTodos, efetivamente, podem participar, confraternizar, com suas fam\u00edlias, experienciando o verdadeiro sentimento do Natal. Que essa luz possa chegar aos lares de todos os sergipanos e que possamos ter um Natal de paz, de b\u00ean\u00e7\u00e3os, e um Ano Novo de prosperidade\u201d, frisou.<\/p>\n\n\n\n<figure class=\"wp-block-image size-full\"><img fetchpriority=\"high\" decoding=\"async\" width=\"1024\" height=\"682\" src=\"https:\/\/resumosergipe.com.br\/wp-content\/uploads\/2023\/11\/NatalIluminado2.jpg\" alt=\"\" class=\"wp-image-1354\" srcset=\"https:\/\/resumosergipe.com.br\/wp-content\/uploads\/2023\/11\/NatalIluminado2.jpg 1024w, https:\/\/resumosergipe.com.br\/wp-content\/uploads\/2023\/11\/NatalIluminado2-300x200.jpg 300w, https:\/\/resumosergipe.com.br\/wp-content\/uploads\/2023\/11\/NatalIluminado2-768x512.jpg 768w\" sizes=\"(max-width: 1024px) 100vw, 1024px\" \/><\/figure>\n\n\n\n<p>O Natal Iluminado no Centro \u00e9 uma realiza\u00e7\u00e3o da Prefeitura de Aracaju, Fecom\u00e9rcio e Governo de Sergipe, com patroc\u00ednio da construtora Celi e dos grupos Energisa e Marat\u00e1. Este ano, o projeto conta com o dobro de pontos de luz da edi\u00e7\u00e3o passada: s\u00e3o mais de 12 milh\u00f5es de l\u00e2mpadas coloridas, espalhadas nas tr\u00eas pra\u00e7as da regi\u00e3o central, consolidando a edi\u00e7\u00e3o de 2023 como a maior j\u00e1 realizada.<\/p>\n\n\n\n<p>Entre os atrativos que contagiar\u00e3o o p\u00fablico, pelos pr\u00f3ximos 54 dias, est\u00e3o a \u00e1rvore interativa, de 38 metros de altura, que permitir\u00e1 \u00e0s pessoas o acesso interno por meio de um t\u00fanel iluminado; carrossel, novas pe\u00e7as decorativas, como bolas, estrelas, sinos e anjos; al\u00e9m do desfile \u201cUm Sonho de Natal\u201d, com 15 alegorias e performance de artistas.<\/p>\n\n\n\n<p>Al\u00e9m do acendimento das luzes do projeto decorativo, a abertura do Natal Iluminado, nesta ter\u00e7a-feira, foi marcada pelas apresenta\u00e7\u00f5es do coral Arcanjo e do cantor J\u00fanior do Cavaco, e pelo lan\u00e7amento da sexta edi\u00e7\u00e3o do Natal com Mobilidade, uma iniciativa da Superintend\u00eancia Municipal de Transportes e Tr\u00e2nsito de Aracaju (SMTT) e Sindicato das Empresas de Transporte de Passageiros de Aracaju (Setransp), em parceria com a Federa\u00e7\u00e3o das Empresas de Transporte de Passageiros dos Estados de Alagoas e Sergipe (Fetralse) e o Sest Senat, que visa levar as luzes do Natal pelas ruas da cidade, com \u00f4nibus ornamentados, e incentivar a doa\u00e7\u00e3o de sangue.<\/p>\n\n\n\n<p><em>Fonte: PMA<\/em><\/p>\n","protected":false},"excerpt":{"rendered":"<p>As luzes da decora\u00e7\u00e3o do Natal Iluminado de Aracaju 2023, no Centro, foram acesas, nesta ter\u00e7a-feira, 14, pelo prefeito Edvaldo Nogueira, pelo vice-governador Zezinho Sobral e pelo presidente da Federa\u00e7\u00e3o do Com\u00e9rcio de Bens, Servi\u00e7os e Turismo de Sergipe (Fecom\u00e9rcio\/SE), Marcos Andrade. Em sua s\u00e9tima edi\u00e7\u00e3o, o projeto leva a magia natalina \u00e0s pra\u00e7as Fausto Cardoso, Almirante Barroso e Ol\u00edmpio Campos at\u00e9 o pr\u00f3ximo dia 6 de janeiro, com uma programa\u00e7\u00e3o que inclui apresenta\u00e7\u00f5es culturais com artistas sergipanos, orquestras e corais. \u201c\u00c9 com felicidade que acendemos, mais uma vez, as luzes do Natal Iluminado. Esta \u00e9 uma iniciativa fundamental para a nossa cidade por tr\u00eas aspectos: primeiro, porque celebramos o nascimento de Jesus, mantendo essa tradi\u00e7\u00e3o; segundo, porque projeta a capital para o pa\u00eds, atraindo turistas \u00e0 nossa cidade; e, terceiro, porque contribui para o desenvolvimento econ\u00f4mico do munic\u00edpio, gerando mais emprego e renda. Estamos come\u00e7ando hoje, dando o pontap\u00e9 inicial, depois acenderemos as luzes do Parque da Sementeira, da Orla da Atalaia e de outros pontos da capital, criando um circuito natalino em Aracaju\u201d, destacou o prefeito. Ao dar in\u00edcio \u00e0 programa\u00e7\u00e3o natalina na cidade, Edvaldo lembrou que o projeto foi retomado em 2017, cumprindo um compromisso firmado com os aracajuanos. \u201cQuando chegamos \u00e0 Prefeitura, o Natal Iluminado estava esquecido. Fomos atr\u00e1s de parcerias e encontramos na Fecom\u00e9rcio a ajuda de que precis\u00e1vamos para que a capital voltasse a viver essa magia. Retomamos de forma t\u00edmida, fomos crescendo e, hoje, entregamos \u00e0 popula\u00e7\u00e3o essa decora\u00e7\u00e3o linda e que acende em nossos cora\u00e7\u00f5es a esperan\u00e7a por dias melhores\u201d, reiterou o prefeito, agradecendo aos parceiros que se somaram \u00e0 iniciativa. Da mesma forma, o presidente da Fecom\u00e9rcio-SE, Marcos Andrade, enalteceu o papel da Prefeitura de Aracaju para a realiza\u00e7\u00e3o do Natal Iluminado. \u201cAl\u00e9m de executar diversos servi\u00e7os, atrav\u00e9s dos \u00f3rg\u00e3os municipais, a gest\u00e3o assegura todo o apoio log\u00edstico necess\u00e1rio para que o evento aconte\u00e7a com seguran\u00e7a. \u00c9 a partir desta soma\u00e7\u00e3o de esfor\u00e7os que trabalhamos para que o Natal Iluminado cres\u00e7a, se consolidando como o maior evento natalino de Sergipe. Ent\u00e3o, quero agradecer ao prefeito Edvaldo Nogueira\u201d, afirmou. Representando o governador F\u00e1bio Mitidieri, o vice-governador Zezinho Sobral disse que o Natal Iluminado representa \u201co territ\u00f3rio da equidade\u201d. \u201cTodos, efetivamente, podem participar, confraternizar, com suas fam\u00edlias, experienciando o verdadeiro sentimento do Natal. Que essa luz possa chegar aos lares de todos os sergipanos e que possamos ter um Natal de paz, de b\u00ean\u00e7\u00e3os, e um Ano Novo de prosperidade\u201d, frisou. O Natal Iluminado no Centro \u00e9 uma realiza\u00e7\u00e3o da Prefeitura de Aracaju, Fecom\u00e9rcio e Governo de Sergipe, com patroc\u00ednio da construtora Celi e dos grupos Energisa e Marat\u00e1. Este ano, o projeto conta com o dobro de pontos de luz da edi\u00e7\u00e3o passada: s\u00e3o mais de 12 milh\u00f5es de l\u00e2mpadas coloridas, espalhadas nas tr\u00eas pra\u00e7as da regi\u00e3o central, consolidando a edi\u00e7\u00e3o de 2023 como a maior j\u00e1 realizada. Entre os atrativos que contagiar\u00e3o o p\u00fablico, pelos pr\u00f3ximos 54 dias, est\u00e3o a \u00e1rvore interativa, de 38 metros de altura, que permitir\u00e1 \u00e0s pessoas o acesso interno por meio de um t\u00fanel iluminado; carrossel, novas pe\u00e7as decorativas, como bolas, estrelas, sinos e anjos; al\u00e9m do desfile \u201cUm Sonho de Natal\u201d, com 15 alegorias e performance de artistas. Al\u00e9m do acendimento das luzes do projeto decorativo, a abertura do Natal Iluminado, nesta ter\u00e7a-feira, foi marcada pelas apresenta\u00e7\u00f5es do coral Arcanjo e do cantor J\u00fanior do Cavaco, e pelo lan\u00e7amento da sexta edi\u00e7\u00e3o do Natal com Mobilidade, uma iniciativa da Superintend\u00eancia Municipal de Transportes e Tr\u00e2nsito de Aracaju (SMTT) e Sindicato das Empresas de Transporte de Passageiros de Aracaju (Setransp), em parceria com a Federa\u00e7\u00e3o das Empresas de Transporte de Passageiros dos Estados de Alagoas e Sergipe (Fetralse) e o Sest Senat, que visa levar as luzes do Natal pelas ruas da cidade, com \u00f4nibus ornamentados, e incentivar a doa\u00e7\u00e3o de sangue. Fonte: PMA<\/p>\n","protected":false},"author":1,"featured_media":1353,"comment_status":"open","ping_status":"open","sticky":false,"template":"","format":"standard","meta":{"footnotes":""},"categories":[61],"tags":[85],"class_list":["post-1352","post","type-post","status-publish","format-standard","has-post-thumbnail","hentry","category-aracaju","tag-natal"],"_links":{"self":[{"href":"https:\/\/resumosergipe.com.br\/index.php?rest_route=\/wp\/v2\/posts\/1352","targetHints":{"allow":["GET"]}}],"collection":[{"href":"https:\/\/resumosergipe.com.br\/index.php?rest_route=\/wp\/v2\/posts"}],"about":[{"href":"https:\/\/resumosergipe.com.br\/index.php?rest_route=\/wp\/v2\/types\/post"}],"author":[{"embeddable":true,"href":"https:\/\/resumosergipe.com.br\/index.php?rest_route=\/wp\/v2\/users\/1"}],"replies":[{"embeddable":true,"href":"https:\/\/resumosergipe.com.br\/index.php?rest_route=%2Fwp%2Fv2%2Fcomments&post=1352"}],"version-history":[{"count":1,"href":"https:\/\/resumosergipe.com.br\/index.php?rest_route=\/wp\/v2\/posts\/1352\/revisions"}],"predecessor-version":[{"id":1355,"href":"https:\/\/resumosergipe.com.br\/index.php?rest_route=\/wp\/v2\/posts\/1352\/revisions\/1355"}],"wp:featuredmedia":[{"embeddable":true,"href":"https:\/\/resumosergipe.com.br\/index.php?rest_route=\/wp\/v2\/media\/1353"}],"wp:attachment":[{"href":"https:\/\/resumosergipe.com.br\/index.php?rest_route=%2Fwp%2Fv2%2Fmedia&parent=1352"}],"wp:term":[{"taxonomy":"category","embeddable":true,"href":"https:\/\/resumosergipe.com.br\/index.php?rest_route=%2Fwp%2Fv2%2Fcategories&post=1352"},{"taxonomy":"post_tag","embeddable":true,"href":"https:\/\/resumosergipe.com.br\/index.php?rest_route=%2Fwp%2Fv2%2Ftags&post=1352"}],"curies":[{"name":"wp","href":"https:\/\/api.w.org\/{rel}","templated":true}]}}