{"id":1374,"date":"2023-11-20T06:12:52","date_gmt":"2023-11-20T09:12:52","guid":{"rendered":"https:\/\/resumosergipe.com.br\/?p=1374"},"modified":"2023-11-20T06:12:52","modified_gmt":"2023-11-20T09:12:52","slug":"deputados-prestigiam-15a-edicao-do-sergipe-e-aqui-em-tobias-barreto","status":"publish","type":"post","link":"https:\/\/resumosergipe.com.br\/?p=1374","title":{"rendered":"Deputados prestigiam 15\u00aa edi\u00e7\u00e3o do \u2018Sergipe \u00e9 Aqui\u2019, em Tobias Barreto"},"content":{"rendered":"\n<p>Criado com a perspectiva de impulsionar a oferta de servi\u00e7os p\u00fablicos em todos os 75 munic\u00edpios sergipanos, nesta sexta-feira, 17, o programa \u201cSergipe \u00e9 Aqui\u2019, foi realizado no munic\u00edpio de Tobias Barreto, na regi\u00e3o Centro-Sul. De autoria do Poder Executivo Estadual, por interm\u00e9dio direto da Secretaria de Estado da Casa Civil, nesta 15\u00aa edi\u00e7\u00e3o foram ofertados mais de 150 servi\u00e7os desenvolvidos por diversos \u00f3rg\u00e3os e secretarias da administra\u00e7\u00e3o estadual, os quais, normalmente, ficam centralizados na capital, Aracaju. Conforme previamente anunciado pela organiza\u00e7\u00e3o do evento, a novidade desta edi\u00e7\u00e3o fica por conta da parceria firmada com os Correios. Durante o dia foram disponibilizadas consultas, atualiza\u00e7\u00e3o e emiss\u00e3o de CPF.<\/p>\n\n\n\n<p>Presente na atividade, o presidente da Assembleia Legislativa do Estado de Sergipe (Alese), deputado Jeferson Andrade (PSD), enalteceu a import\u00e2ncia de multiplicar os servi\u00e7os ofertados para a popula\u00e7\u00e3o sergipana, bem como desfrutar da possibilidade de ouvir os contribuintes e trabalhar para atender aos pleitos que s\u00e3o apresentados. \u201cEstamos mais uma vez diante de um evento que foi criado com um prop\u00f3sito, que \u00e9 estender a oferta de servi\u00e7os p\u00fablicos, e que, ao longo destes oito meses, mostrou o quanto se trata de uma a\u00e7\u00e3o acertada por parte do Governo do Estado. N\u00f3s, deputados estaduais, seguimos acompanhado com o objetivo central de contribuir para o progresso do nosso estado, atendendo sempre aos anseios da popula\u00e7\u00e3o\u201d, destacou. As atividades foram realizadas no Col\u00e9gio Estadual Abelardo Barreto do Ros\u00e1rio.<\/p>\n\n\n\n<p>A edi\u00e7\u00e3o pioneira do Governo itinerante aconteceu no dia 27 de fevereiro deste ano, tendo como a primeira parada o munic\u00edpio de Boquim. Desde ent\u00e3o, recepcionaram as caravanas as cidades de: Porto da Folha, Propri\u00e1, Nossa Senhora das Dores, Itabaianinha, Est\u00e2ncia, Frei Paulo, Itaporanga d\u2019Ajuda, Capela, Carm\u00f3polis, Santo Amaro das Brotas, Ilha das Flores, Riachuelo e Campo do Brito, contabilizando uma m\u00e9dia de cinco mil atendimentos por edi\u00e7\u00e3o. A perspectiva por parte da administra\u00e7\u00e3o estadual \u00e9 que at\u00e9 o ano de 2026 todos os munic\u00edpios sejam contemplados com a a\u00e7\u00e3o unificada. Cidad\u00e3o tobiense, o deputado Kak\u00e1 Santos (Uni\u00e3o), parabenizou a organiza\u00e7\u00e3o do evento e enalteceu \u2013 em mais uma oportunidade \u2013, que a popula\u00e7\u00e3o aguardava ansiosa pelo programa na cidade.<\/p>\n\n\n\n<p>O parlamentar destacou como marco desta edi\u00e7\u00e3o a inaugura\u00e7\u00e3o da Delegacia da Mulher, al\u00e9m da conclus\u00e3o da obra sobre a ponte Rio Jabiberi, cuja ordem de servi\u00e7o foi assinada no dia 13 de mar\u00e7o deste ano pelo governador F\u00e1bio Mitidieri. \u201cSou testemunha do quanto a popula\u00e7\u00e3o da cidade de Tobias Barreto aguardava por este momento. Al\u00e9m destas inaugura\u00e7\u00f5es muito importantes, temos aqui hoje um quantitativo maior de profissionais da Sa\u00fade, Seguran\u00e7a P\u00fablica, Saneamento, Assist\u00eancia Social, enfim, quem estava precisando de algum acolhimento tenho certeza que n\u00e3o saiu sem ser atendido. Esse programa \u00e9 um sucesso, e n\u00f3s deputados estaduais, assim como acontece desde o primeiro momento, precisamos seguir acompanhando cada edi\u00e7\u00e3o na busca pelos avan\u00e7os de cada munic\u00edpio e do nosso estado em geral\u201d, avaliou.<\/p>\n\n\n\n<p>Acompanhado de secret\u00e1rios, assessores administrativos e gestores da cidade anfitri\u00e3, o governador F\u00e1bio Mitidieri avaliou o programa como positivo e garantiu que a meta de realiza-lo em todas as cidades sergipanas ser\u00e1 alcan\u00e7ada. A perspectiva por parte do chefe do Poder Executivo Estadual \u00e9 que, a cada nova edi\u00e7\u00e3o, a oferta de servi\u00e7os possa se multiplicar. \u201c\u00c9 natural que um projeto desta magnitude, ao longo do seu percurso, sofra de forma positiva amplia\u00e7\u00e3o no quadro de profissionais envolvidos e de servi\u00e7os prestados. A cada nova edi\u00e7\u00e3o a certeza que fica \u00e9 que o evento jamais deve deixar de existir. Seguimos caminhado pelo nosso estado e levando o progresso para cada canto, assim como o povo sergipano decidiu apostar no nosso projeto, e que nos cobra todos os dias por estes avan\u00e7os\u201d, afirmou.<\/p>\n\n\n\n<p>Al\u00e9m dos parlamentares Jeferson Andrade e Kak\u00e1 Santos, prestigiaram a 15\u00aa edi\u00e7\u00e3o do Sergipe \u00e9 Aqui, os deputados: Manuel Marcos (PSD), Netinho Guimar\u00e3es (PL), Pato Maravilha (PL), Carminha Paiva (Republicanos) e \u00c1urea Ribeiro (Republicanos). \u00a0A pr\u00f3xima edi\u00e7\u00e3o acontece na quinta-feira, 23, na cidade de Po\u00e7o Verde e concluindo a programa\u00e7\u00e3o deste ano, no m\u00eas de dezembro recebem o Sergipe \u00e9 Aqui as cidades de Nossa Senhora da Gl\u00f3ria, e Nossa Senhora das Dores.<\/p>\n\n\n\n<p><em>Fonte: Alese<\/em><\/p>\n","protected":false},"excerpt":{"rendered":"<p>Criado com a perspectiva de impulsionar a oferta de servi\u00e7os p\u00fablicos em todos os 75 munic\u00edpios sergipanos, nesta sexta-feira, 17, o programa \u201cSergipe \u00e9 Aqui\u2019, foi realizado no munic\u00edpio de Tobias Barreto, na regi\u00e3o Centro-Sul. De autoria do Poder Executivo Estadual, por interm\u00e9dio direto da Secretaria de Estado da Casa Civil, nesta 15\u00aa edi\u00e7\u00e3o foram ofertados mais de 150 servi\u00e7os desenvolvidos por diversos \u00f3rg\u00e3os e secretarias da administra\u00e7\u00e3o estadual, os quais, normalmente, ficam centralizados na capital, Aracaju. Conforme previamente anunciado pela organiza\u00e7\u00e3o do evento, a novidade desta edi\u00e7\u00e3o fica por conta da parceria firmada com os Correios. Durante o dia foram disponibilizadas consultas, atualiza\u00e7\u00e3o e emiss\u00e3o de CPF. Presente na atividade, o presidente da Assembleia Legislativa do Estado de Sergipe (Alese), deputado Jeferson Andrade (PSD), enalteceu a import\u00e2ncia de multiplicar os servi\u00e7os ofertados para a popula\u00e7\u00e3o sergipana, bem como desfrutar da possibilidade de ouvir os contribuintes e trabalhar para atender aos pleitos que s\u00e3o apresentados. \u201cEstamos mais uma vez diante de um evento que foi criado com um prop\u00f3sito, que \u00e9 estender a oferta de servi\u00e7os p\u00fablicos, e que, ao longo destes oito meses, mostrou o quanto se trata de uma a\u00e7\u00e3o acertada por parte do Governo do Estado. N\u00f3s, deputados estaduais, seguimos acompanhado com o objetivo central de contribuir para o progresso do nosso estado, atendendo sempre aos anseios da popula\u00e7\u00e3o\u201d, destacou. As atividades foram realizadas no Col\u00e9gio Estadual Abelardo Barreto do Ros\u00e1rio. A edi\u00e7\u00e3o pioneira do Governo itinerante aconteceu no dia 27 de fevereiro deste ano, tendo como a primeira parada o munic\u00edpio de Boquim. Desde ent\u00e3o, recepcionaram as caravanas as cidades de: Porto da Folha, Propri\u00e1, Nossa Senhora das Dores, Itabaianinha, Est\u00e2ncia, Frei Paulo, Itaporanga d\u2019Ajuda, Capela, Carm\u00f3polis, Santo Amaro das Brotas, Ilha das Flores, Riachuelo e Campo do Brito, contabilizando uma m\u00e9dia de cinco mil atendimentos por edi\u00e7\u00e3o. A perspectiva por parte da administra\u00e7\u00e3o estadual \u00e9 que at\u00e9 o ano de 2026 todos os munic\u00edpios sejam contemplados com a a\u00e7\u00e3o unificada. Cidad\u00e3o tobiense, o deputado Kak\u00e1 Santos (Uni\u00e3o), parabenizou a organiza\u00e7\u00e3o do evento e enalteceu \u2013 em mais uma oportunidade \u2013, que a popula\u00e7\u00e3o aguardava ansiosa pelo programa na cidade. O parlamentar destacou como marco desta edi\u00e7\u00e3o a inaugura\u00e7\u00e3o da Delegacia da Mulher, al\u00e9m da conclus\u00e3o da obra sobre a ponte Rio Jabiberi, cuja ordem de servi\u00e7o foi assinada no dia 13 de mar\u00e7o deste ano pelo governador F\u00e1bio Mitidieri. \u201cSou testemunha do quanto a popula\u00e7\u00e3o da cidade de Tobias Barreto aguardava por este momento. Al\u00e9m destas inaugura\u00e7\u00f5es muito importantes, temos aqui hoje um quantitativo maior de profissionais da Sa\u00fade, Seguran\u00e7a P\u00fablica, Saneamento, Assist\u00eancia Social, enfim, quem estava precisando de algum acolhimento tenho certeza que n\u00e3o saiu sem ser atendido. Esse programa \u00e9 um sucesso, e n\u00f3s deputados estaduais, assim como acontece desde o primeiro momento, precisamos seguir acompanhando cada edi\u00e7\u00e3o na busca pelos avan\u00e7os de cada munic\u00edpio e do nosso estado em geral\u201d, avaliou. Acompanhado de secret\u00e1rios, assessores administrativos e gestores da cidade anfitri\u00e3, o governador F\u00e1bio Mitidieri avaliou o programa como positivo e garantiu que a meta de realiza-lo em todas as cidades sergipanas ser\u00e1 alcan\u00e7ada. A perspectiva por parte do chefe do Poder Executivo Estadual \u00e9 que, a cada nova edi\u00e7\u00e3o, a oferta de servi\u00e7os possa se multiplicar. \u201c\u00c9 natural que um projeto desta magnitude, ao longo do seu percurso, sofra de forma positiva amplia\u00e7\u00e3o no quadro de profissionais envolvidos e de servi\u00e7os prestados. A cada nova edi\u00e7\u00e3o a certeza que fica \u00e9 que o evento jamais deve deixar de existir. Seguimos caminhado pelo nosso estado e levando o progresso para cada canto, assim como o povo sergipano decidiu apostar no nosso projeto, e que nos cobra todos os dias por estes avan\u00e7os\u201d, afirmou. Al\u00e9m dos parlamentares Jeferson Andrade e Kak\u00e1 Santos, prestigiaram a 15\u00aa edi\u00e7\u00e3o do Sergipe \u00e9 Aqui, os deputados: Manuel Marcos (PSD), Netinho Guimar\u00e3es (PL), Pato Maravilha (PL), Carminha Paiva (Republicanos) e \u00c1urea Ribeiro (Republicanos). \u00a0A pr\u00f3xima edi\u00e7\u00e3o acontece na quinta-feira, 23, na cidade de Po\u00e7o Verde e concluindo a programa\u00e7\u00e3o deste ano, no m\u00eas de dezembro recebem o Sergipe \u00e9 Aqui as cidades de Nossa Senhora da Gl\u00f3ria, e Nossa Senhora das Dores. Fonte: Alese<\/p>\n","protected":false},"author":1,"featured_media":1375,"comment_status":"open","ping_status":"open","sticky":false,"template":"","format":"standard","meta":{"footnotes":""},"categories":[32],"tags":[38],"class_list":["post-1374","post","type-post","status-publish","format-standard","has-post-thumbnail","hentry","category-sergipe","tag-alese"],"_links":{"self":[{"href":"https:\/\/resumosergipe.com.br\/index.php?rest_route=\/wp\/v2\/posts\/1374","targetHints":{"allow":["GET"]}}],"collection":[{"href":"https:\/\/resumosergipe.com.br\/index.php?rest_route=\/wp\/v2\/posts"}],"about":[{"href":"https:\/\/resumosergipe.com.br\/index.php?rest_route=\/wp\/v2\/types\/post"}],"author":[{"embeddable":true,"href":"https:\/\/resumosergipe.com.br\/index.php?rest_route=\/wp\/v2\/users\/1"}],"replies":[{"embeddable":true,"href":"https:\/\/resumosergipe.com.br\/index.php?rest_route=%2Fwp%2Fv2%2Fcomments&post=1374"}],"version-history":[{"count":1,"href":"https:\/\/resumosergipe.com.br\/index.php?rest_route=\/wp\/v2\/posts\/1374\/revisions"}],"predecessor-version":[{"id":1376,"href":"https:\/\/resumosergipe.com.br\/index.php?rest_route=\/wp\/v2\/posts\/1374\/revisions\/1376"}],"wp:featuredmedia":[{"embeddable":true,"href":"https:\/\/resumosergipe.com.br\/index.php?rest_route=\/wp\/v2\/media\/1375"}],"wp:attachment":[{"href":"https:\/\/resumosergipe.com.br\/index.php?rest_route=%2Fwp%2Fv2%2Fmedia&parent=1374"}],"wp:term":[{"taxonomy":"category","embeddable":true,"href":"https:\/\/resumosergipe.com.br\/index.php?rest_route=%2Fwp%2Fv2%2Fcategories&post=1374"},{"taxonomy":"post_tag","embeddable":true,"href":"https:\/\/resumosergipe.com.br\/index.php?rest_route=%2Fwp%2Fv2%2Ftags&post=1374"}],"curies":[{"name":"wp","href":"https:\/\/api.w.org\/{rel}","templated":true}]}}