{"id":1380,"date":"2023-11-22T05:44:20","date_gmt":"2023-11-22T08:44:20","guid":{"rendered":"https:\/\/resumosergipe.com.br\/?p=1380"},"modified":"2023-11-22T05:44:20","modified_gmt":"2023-11-22T08:44:20","slug":"governo-do-estado-e-bancada-dialogam-sobre-emendas-federais-para-sergipe","status":"publish","type":"post","link":"https:\/\/resumosergipe.com.br\/?p=1380","title":{"rendered":"Governo do Estado e bancada dialogam sobre emendas federais para Sergipe"},"content":{"rendered":"\n<p>O governador de Sergipe, F\u00e1bio Mitidieri, foi recebido pela bancada federal do estado no Congresso Nacional, nesta ter\u00e7a-feira, 21, em Bras\u00edlia, para apresentar o Portf\u00f3lio de Projetos do Governo. O documento apresenta planos e a\u00e7\u00f5es em diversas \u00e1reas &#8211; como educa\u00e7\u00e3o, sa\u00fade, infraestrutura, agricultura, assist\u00eancia social e seguran\u00e7a -, a fim de subsidiar os senadores e deputados federais sergipanos nos debates acerca de emendas individuais e coletivas para o estado.<\/p>\n\n\n\n<p>Exemplo das pol\u00edticas p\u00fablicas inclu\u00eddas no caderno de capta\u00e7\u00e3o de recursos \u00e9 o programa \u2018Opera Sergipe\u2019, que j\u00e1 realizou mais de quatro mil cirurgias entre julho e novembro. \u201cQueremos o apoio da nossa bancada para fazermos muito mais em 2024\u201d, frisou F\u00e1bio Mitidieri.<\/p>\n\n\n\n<p>Segundo o governador, Sergipe vive um momento de retomada do crescimento econ\u00f4mico e social, o qual demanda a amplia\u00e7\u00e3o da capacidade financeira do Estado para otimizar servi\u00e7os e a execu\u00e7\u00e3o do planejamento estrat\u00e9gico da gest\u00e3o, focado na gera\u00e7\u00e3o de emprego, de renda e no combate \u00e0 fome.<\/p>\n\n\n\n<p>\u201cEntendemos que a aloca\u00e7\u00e3o de recursos do Or\u00e7amento Geral da Uni\u00e3o para Sergipe \u00e9 uma das alternativas para a administra\u00e7\u00e3o estadual captar e otimizar o desenvolvimento de importantes iniciativas para a popula\u00e7\u00e3o sergipana. Dessa forma, se faz necess\u00e1ria a atua\u00e7\u00e3o conjunta e colaborativa dos nossos deputados federais e senadores, defendendo os interesses do estado\u201d, refor\u00e7ou o chefe do Executivo estadual.<\/p>\n\n\n\n<p>Ainda de acordo com Mitidieri, o governo est\u00e1 comprometido em trabalhar em parceria com os parlamentares para garantir que os recursos de bancada sejam utilizados de forma respons\u00e1vel e estrat\u00e9gica, visando sempre o desenvolvimento sustent\u00e1vel e o progresso do estado. \u201cAcreditamos que a emenda de bancada \u00e9 uma ferramenta essencial para impulsionar o crescimento e a prosperidade da nossa regi\u00e3o, e estamos empenhados em aproveit\u00e1-la ao m\u00e1ximo para o benef\u00edcio de todos os nossos cidad\u00e3os\u201d, registrou. A reuni\u00e3o foi realizada no gabinete do coordenador da bancada de Sergipe, senador Alessandro Vieira, e contou com as presen\u00e7as do senador La\u00e9rcio Oliveira, dos deputados federais Thiago de Joaldo, \u00cdcaro de Valmir, Gustinho Ribeiro e Rodrigo Valadares, de representantes dos deputados Katarina Feitoza e F\u00e1bio Reis e do senador Rog\u00e9rio Carvalho, e dos secret\u00e1rios de Estado da Casa Civil, Jorginho Araujo, e de Representa\u00e7\u00e3o, S\u00e9rgio Reis.<\/p>\n\n\n\n<p><em>Fonte: Governo de Sergipe<\/em><\/p>\n","protected":false},"excerpt":{"rendered":"<p>O governador de Sergipe, F\u00e1bio Mitidieri, foi recebido pela bancada federal do estado no Congresso Nacional, nesta ter\u00e7a-feira, 21, em Bras\u00edlia, para apresentar o Portf\u00f3lio de Projetos do Governo. O documento apresenta planos e a\u00e7\u00f5es em diversas \u00e1reas &#8211; como educa\u00e7\u00e3o, sa\u00fade, infraestrutura, agricultura, assist\u00eancia social e seguran\u00e7a -, a fim de subsidiar os senadores e deputados federais sergipanos nos debates acerca de emendas individuais e coletivas para o estado. Exemplo das pol\u00edticas p\u00fablicas inclu\u00eddas no caderno de capta\u00e7\u00e3o de recursos \u00e9 o programa \u2018Opera Sergipe\u2019, que j\u00e1 realizou mais de quatro mil cirurgias entre julho e novembro. \u201cQueremos o apoio da nossa bancada para fazermos muito mais em 2024\u201d, frisou F\u00e1bio Mitidieri. Segundo o governador, Sergipe vive um momento de retomada do crescimento econ\u00f4mico e social, o qual demanda a amplia\u00e7\u00e3o da capacidade financeira do Estado para otimizar servi\u00e7os e a execu\u00e7\u00e3o do planejamento estrat\u00e9gico da gest\u00e3o, focado na gera\u00e7\u00e3o de emprego, de renda e no combate \u00e0 fome. \u201cEntendemos que a aloca\u00e7\u00e3o de recursos do Or\u00e7amento Geral da Uni\u00e3o para Sergipe \u00e9 uma das alternativas para a administra\u00e7\u00e3o estadual captar e otimizar o desenvolvimento de importantes iniciativas para a popula\u00e7\u00e3o sergipana. Dessa forma, se faz necess\u00e1ria a atua\u00e7\u00e3o conjunta e colaborativa dos nossos deputados federais e senadores, defendendo os interesses do estado\u201d, refor\u00e7ou o chefe do Executivo estadual. Ainda de acordo com Mitidieri, o governo est\u00e1 comprometido em trabalhar em parceria com os parlamentares para garantir que os recursos de bancada sejam utilizados de forma respons\u00e1vel e estrat\u00e9gica, visando sempre o desenvolvimento sustent\u00e1vel e o progresso do estado. \u201cAcreditamos que a emenda de bancada \u00e9 uma ferramenta essencial para impulsionar o crescimento e a prosperidade da nossa regi\u00e3o, e estamos empenhados em aproveit\u00e1-la ao m\u00e1ximo para o benef\u00edcio de todos os nossos cidad\u00e3os\u201d, registrou. A reuni\u00e3o foi realizada no gabinete do coordenador da bancada de Sergipe, senador Alessandro Vieira, e contou com as presen\u00e7as do senador La\u00e9rcio Oliveira, dos deputados federais Thiago de Joaldo, \u00cdcaro de Valmir, Gustinho Ribeiro e Rodrigo Valadares, de representantes dos deputados Katarina Feitoza e F\u00e1bio Reis e do senador Rog\u00e9rio Carvalho, e dos secret\u00e1rios de Estado da Casa Civil, Jorginho Araujo, e de Representa\u00e7\u00e3o, S\u00e9rgio Reis. Fonte: Governo de Sergipe<\/p>\n","protected":false},"author":1,"featured_media":1381,"comment_status":"open","ping_status":"open","sticky":false,"template":"","format":"standard","meta":{"footnotes":""},"categories":[4,32],"tags":[],"class_list":["post-1380","post","type-post","status-publish","format-standard","has-post-thumbnail","hentry","category-politica","category-sergipe"],"_links":{"self":[{"href":"https:\/\/resumosergipe.com.br\/index.php?rest_route=\/wp\/v2\/posts\/1380","targetHints":{"allow":["GET"]}}],"collection":[{"href":"https:\/\/resumosergipe.com.br\/index.php?rest_route=\/wp\/v2\/posts"}],"about":[{"href":"https:\/\/resumosergipe.com.br\/index.php?rest_route=\/wp\/v2\/types\/post"}],"author":[{"embeddable":true,"href":"https:\/\/resumosergipe.com.br\/index.php?rest_route=\/wp\/v2\/users\/1"}],"replies":[{"embeddable":true,"href":"https:\/\/resumosergipe.com.br\/index.php?rest_route=%2Fwp%2Fv2%2Fcomments&post=1380"}],"version-history":[{"count":1,"href":"https:\/\/resumosergipe.com.br\/index.php?rest_route=\/wp\/v2\/posts\/1380\/revisions"}],"predecessor-version":[{"id":1382,"href":"https:\/\/resumosergipe.com.br\/index.php?rest_route=\/wp\/v2\/posts\/1380\/revisions\/1382"}],"wp:featuredmedia":[{"embeddable":true,"href":"https:\/\/resumosergipe.com.br\/index.php?rest_route=\/wp\/v2\/media\/1381"}],"wp:attachment":[{"href":"https:\/\/resumosergipe.com.br\/index.php?rest_route=%2Fwp%2Fv2%2Fmedia&parent=1380"}],"wp:term":[{"taxonomy":"category","embeddable":true,"href":"https:\/\/resumosergipe.com.br\/index.php?rest_route=%2Fwp%2Fv2%2Fcategories&post=1380"},{"taxonomy":"post_tag","embeddable":true,"href":"https:\/\/resumosergipe.com.br\/index.php?rest_route=%2Fwp%2Fv2%2Ftags&post=1380"}],"curies":[{"name":"wp","href":"https:\/\/api.w.org\/{rel}","templated":true}]}}