{"id":1428,"date":"2023-11-30T21:36:36","date_gmt":"2023-12-01T00:36:36","guid":{"rendered":"https:\/\/resumosergipe.com.br\/?p=1428"},"modified":"2023-11-30T21:36:36","modified_gmt":"2023-12-01T00:36:36","slug":"governador-de-sergipe-faz-vistoria-em-vila-do-natal-iluminado","status":"publish","type":"post","link":"https:\/\/resumosergipe.com.br\/?p=1428","title":{"rendered":"Governador de Sergipe faz vistoria em Vila do Natal Iluminado"},"content":{"rendered":"\n<p>Com data marcada para come\u00e7ar a funcionar neste s\u00e1bado, dia 2 de dezembro, a Vila do Natal Iluminado passou por vistoria t\u00e9cnica nesta quinta-feira, 30. Na ocasi\u00e3o, o governador F\u00e1bio Mitidieri, ao lado de representantes da Pol\u00edcia Militar, Defesa Civil, Corpo de Bombeiros e Secretaria da Sa\u00fade, apresentou o planejamento de trabalho do evento, que promete encantar sergipanos e turistas.<\/p>\n\n\n\n<p>Realizada pela primeira vez, a Vila do Natal Iluminado est\u00e1 localizada na Pra\u00e7a de Eventos da Orla da Atalaia, em Aracaju. Ser\u00e3o 30 dias de programa\u00e7\u00e3o, de 2 de dezembro a 2 de janeiro de 2024, em um espa\u00e7o tem\u00e1tico, com ambienta\u00e7\u00e3o voltada aos festejos natalinos. O evento contar\u00e1 com programa\u00e7\u00e3o art\u00edstica e cultural e equipamentos de lazer, como pista de patina\u00e7\u00e3o no gelo, e funcionar\u00e1 no hor\u00e1rio das 17 horas \u00e0 meia-noite.<\/p>\n\n\n\n<p>A Vila do Natal Iluminado tem por objetivo movimentar e fomentar o turismo e a economia e, com isso, contribuir para a gera\u00e7\u00e3o de renda em v\u00e1rios segmentos, por meio da amplia\u00e7\u00e3o das op\u00e7\u00f5es de Natal para as fam\u00edlias em Sergipe. A estrutura da Vila do Natal Iluminado conta com investimento de R$ 3,5 milh\u00f5es, sendo R$ 2,5 milh\u00f5es do Governo do Estado e cerca de R$1 milh\u00e3o da Federa\u00e7\u00e3o do Com\u00e9rcio de Bens, Servi\u00e7os e Turismo do Estado de Sergipe (Fecom\u00e9rcio-SE).<\/p>\n\n\n\n<p>Durante a vistoria, o governador agradeceu a toda equipe e secretarias que trabalharam e se envolveram direta ou indiretamente na realiza\u00e7\u00e3o da Vila do Natal Iluminado. Ele tamb\u00e9m aproveitou para convidar a todos para participar dessa programa\u00e7\u00e3o especial preparada pelo Governo de Sergipe para os sergipanos e turistas.<\/p>\n\n\n\n<p>\u201cIniciamos nosso Natal neste s\u00e1bado, dia 2 de dezembro, \u00e0s 18 horas, e vamos at\u00e9 2 de janeiro. Ser\u00e3o 30 dias do nosso Natal iluminado aqui na Orla de Aracaju. Convido todos para virem se divertir. Aqui teremos roda gigante, pista de patina\u00e7\u00e3o no gelo, artesanato, bares, restaurantes, a presen\u00e7a do Papai Noel aqui tamb\u00e9m, \u00e1rvore de Natal bel\u00edssima, um pres\u00e9pio lindo, um local para onde voc\u00ea pode trazer seus filhos e sua fam\u00edlia para brincar e se divertir com muita seguran\u00e7a. S\u00e3o 150 policiais trabalhando todas as noites para garantir a tranquilidade de todos no melhor Natal do Brasil. Al\u00e9m disso, a Vila do Natal Iluminado abre portas para gera\u00e7\u00e3o de emprego e renda e para o fortalecimento do turismo sergipano\u201d, ressaltou o governador.<\/p>\n\n\n\n<p>O secret\u00e1rio Especial da Comunica\u00e7\u00e3o, Cleon Menezes, explicou que este \u00e9 mais um grande projeto que o Governo de Sergipe tem desenvolvido pensando em gerar ainda mais emprego e renda, fortalecer o turismo e movimentar a economia. \u201cA Vila do Natal Iluminado d\u00e1 a possibilidade de a cidade ter mais um atrativo durante o per\u00edodo de f\u00e9rias, fomentando o turismo interno e tamb\u00e9m externo, fazendo com que consigamos, ao longo desses 30 dias de evento com diversas atra\u00e7\u00f5es, proporcionar ao sergipano que ele conhe\u00e7a ainda mais o seu pr\u00f3prio estado, fazendo com que a economia local gire. Nosso foco \u00e9 fazer com que Sergipe se reconhe\u00e7a nas suas potencialidades, gerando cada vez mais para nosso estado uma economia ativa e desenvolvida e fazendo com que tenhamos grandes eventos em nosso estado\u201d, refor\u00e7ou.<\/p>\n\n\n\n<p>Para garantir a seguran\u00e7a e a tranquilidade de sergipanos e turistas durante os dias em que ser\u00e1 realizada a Vila do Natal Iluminado, na Orla de Atalaia, a Pol\u00edcia Militar estabeleceu um planejamento operacional estrat\u00e9gico, al\u00e9m do policiamento j\u00e1 desempenhado diariamente. Em cada dia do evento, haver\u00e1 refor\u00e7o de mais de 30 policiais militares.<\/p>\n\n\n\n<p>De acordo com o tenente-coronel Thiago Costa, chefe do estado maior do Comando do Policiamento Militar da Capital, em virtude das festas de fim de ano, a corpora\u00e7\u00e3o j\u00e1 vem refor\u00e7ando a atua\u00e7\u00e3o nas \u00e1reas de maior movimenta\u00e7\u00e3o de Aracaju. \u201cSer\u00e1 aplicado um refor\u00e7o no policiamento ordin\u00e1rio, bem como de efetivo extra. Contaremos com unidades especializadas como bases m\u00f3veis da Radiopatrulha, do Grupamento Especial T\u00e1tico de Motos (Getam) e do Batalh\u00e3o de Policiamento de Tr\u00e2nsito (BPTran), tudo isso para que as pessoas se preocupem apenas em comemorar\u201d, detalhou.<\/p>\n\n\n\n<p>J\u00e1 o Corpo de Bombeiros Militar de Sergipe, por meio do 2\u00ba Grupamento, localizado na Orla da Atalaia, estar\u00e1 com o efetivo di\u00e1rio de prontid\u00e3o durante os dias de realiza\u00e7\u00e3o da Vila do Natal Iluminado, assim como o Grupamento Mar\u00edtimo da corpora\u00e7\u00e3o. \u201cDurante esse per\u00edodo da Vila do Natal que estar\u00e1 sendo visitada pela sociedade, nossa equipe estar\u00e1 atuando com&nbsp; a preven\u00e7\u00e3o operacional com a ambul\u00e2ncia de atendimento pr\u00e9-hospitalar e\/ou com a viatura de combate a inc\u00eandio, a depender da demanda de p\u00fablico. Se houver aumento de fluxo de pessoas, aumentaremos nosso poder operacional\u201d, explicou o comandante do Corpo de Bombeiros, coronel F\u00e1bio Cardoso.<\/p>\n\n\n\n<p>Equipes da Secretaria de Estado da Sa\u00fade (SES) tamb\u00e9m atuar\u00e3o durante os dias da Vila do Natal Iluminado, com a participa\u00e7\u00e3o do Servi\u00e7o de Atendimento M\u00f3vel de Urg\u00eancia (Samu), presente com uma dupla de motol\u00e2ncias e a Central de Regula\u00e7\u00e3o em canal priorit\u00e1rio. J\u00e1 a Vigil\u00e2ncia Sanit\u00e1ria far\u00e1 um trabalho preventivo com a fiscaliza\u00e7\u00e3o de bares, restaurantes e vendedores ambulantes.<\/p>\n\n\n\n<p>De acordo com a representante do Samu, C\u00edntia Guerra, o servi\u00e7o deve atuar de forma preventiva, com dois socorristas presentes nos hor\u00e1rios de abertura da Vila, das 17h \u00e0s 22h. Al\u00e9m disso, em dias determinados, haver\u00e1 apoio de viatura de suporte b\u00e1sica. \u201cNo dia da inaugura\u00e7\u00e3o, por conta do grande fluxo, teremos uma viatura do suporte, e nos demais dias enviaremos uma dupla de moto socorristas que d\u00e3o o primeiro atendimento e, caso seja necess\u00e1ria remo\u00e7\u00e3o ou alguma ocorr\u00eancia mais grave, a equipe de moto possui r\u00e1dio comunica\u00e7\u00e3o e pode acionar as nossas viaturas. Dessa forma, a nossa central de regula\u00e7\u00e3o fica de canal priorit\u00e1rio para o evento e para acionamento caso necess\u00e1rio, e nossos socorristas ficam com a moto\u201d, explicou.<\/p>\n\n\n\n<p>E a popula\u00e7\u00e3o sergipana j\u00e1 aprova a iniciativa. Para Vanessa Ferreira, os mais de 30 dias da Vila do Natal Iluminado devem valorizar a Orla de Atalaia, que \u00e9 um dos principais cart\u00f5es postais de Aracaju e de Sergipe. \u201cEu achei uma ideia muito legal. Est\u00e1 muito bonito e atrativo. Eu j\u00e1 estou encantada com tudo. Vai ser lindo viver essa experi\u00eancia natalina aqui na Orla. Vai valorizar o turismo e a nossa cidade\u201d, considerou.<\/p>\n\n\n\n<p><em>Fonte: Governo de Sergipe<\/em><\/p>\n","protected":false},"excerpt":{"rendered":"<p>Com data marcada para come\u00e7ar a funcionar neste s\u00e1bado, dia 2 de dezembro, a Vila do Natal Iluminado passou por vistoria t\u00e9cnica nesta quinta-feira, 30. Na ocasi\u00e3o, o governador F\u00e1bio Mitidieri, ao lado de representantes da Pol\u00edcia Militar, Defesa Civil, Corpo de Bombeiros e Secretaria da Sa\u00fade, apresentou o planejamento de trabalho do evento, que promete encantar sergipanos e turistas. Realizada pela primeira vez, a Vila do Natal Iluminado est\u00e1 localizada na Pra\u00e7a de Eventos da Orla da Atalaia, em Aracaju. Ser\u00e3o 30 dias de programa\u00e7\u00e3o, de 2 de dezembro a 2 de janeiro de 2024, em um espa\u00e7o tem\u00e1tico, com ambienta\u00e7\u00e3o voltada aos festejos natalinos. O evento contar\u00e1 com programa\u00e7\u00e3o art\u00edstica e cultural e equipamentos de lazer, como pista de patina\u00e7\u00e3o no gelo, e funcionar\u00e1 no hor\u00e1rio das 17 horas \u00e0 meia-noite. A Vila do Natal Iluminado tem por objetivo movimentar e fomentar o turismo e a economia e, com isso, contribuir para a gera\u00e7\u00e3o de renda em v\u00e1rios segmentos, por meio da amplia\u00e7\u00e3o das op\u00e7\u00f5es de Natal para as fam\u00edlias em Sergipe. A estrutura da Vila do Natal Iluminado conta com investimento de R$ 3,5 milh\u00f5es, sendo R$ 2,5 milh\u00f5es do Governo do Estado e cerca de R$1 milh\u00e3o da Federa\u00e7\u00e3o do Com\u00e9rcio de Bens, Servi\u00e7os e Turismo do Estado de Sergipe (Fecom\u00e9rcio-SE). Durante a vistoria, o governador agradeceu a toda equipe e secretarias que trabalharam e se envolveram direta ou indiretamente na realiza\u00e7\u00e3o da Vila do Natal Iluminado. Ele tamb\u00e9m aproveitou para convidar a todos para participar dessa programa\u00e7\u00e3o especial preparada pelo Governo de Sergipe para os sergipanos e turistas. \u201cIniciamos nosso Natal neste s\u00e1bado, dia 2 de dezembro, \u00e0s 18 horas, e vamos at\u00e9 2 de janeiro. Ser\u00e3o 30 dias do nosso Natal iluminado aqui na Orla de Aracaju. Convido todos para virem se divertir. Aqui teremos roda gigante, pista de patina\u00e7\u00e3o no gelo, artesanato, bares, restaurantes, a presen\u00e7a do Papai Noel aqui tamb\u00e9m, \u00e1rvore de Natal bel\u00edssima, um pres\u00e9pio lindo, um local para onde voc\u00ea pode trazer seus filhos e sua fam\u00edlia para brincar e se divertir com muita seguran\u00e7a. S\u00e3o 150 policiais trabalhando todas as noites para garantir a tranquilidade de todos no melhor Natal do Brasil. Al\u00e9m disso, a Vila do Natal Iluminado abre portas para gera\u00e7\u00e3o de emprego e renda e para o fortalecimento do turismo sergipano\u201d, ressaltou o governador. O secret\u00e1rio Especial da Comunica\u00e7\u00e3o, Cleon Menezes, explicou que este \u00e9 mais um grande projeto que o Governo de Sergipe tem desenvolvido pensando em gerar ainda mais emprego e renda, fortalecer o turismo e movimentar a economia. \u201cA Vila do Natal Iluminado d\u00e1 a possibilidade de a cidade ter mais um atrativo durante o per\u00edodo de f\u00e9rias, fomentando o turismo interno e tamb\u00e9m externo, fazendo com que consigamos, ao longo desses 30 dias de evento com diversas atra\u00e7\u00f5es, proporcionar ao sergipano que ele conhe\u00e7a ainda mais o seu pr\u00f3prio estado, fazendo com que a economia local gire. Nosso foco \u00e9 fazer com que Sergipe se reconhe\u00e7a nas suas potencialidades, gerando cada vez mais para nosso estado uma economia ativa e desenvolvida e fazendo com que tenhamos grandes eventos em nosso estado\u201d, refor\u00e7ou. Para garantir a seguran\u00e7a e a tranquilidade de sergipanos e turistas durante os dias em que ser\u00e1 realizada a Vila do Natal Iluminado, na Orla de Atalaia, a Pol\u00edcia Militar estabeleceu um planejamento operacional estrat\u00e9gico, al\u00e9m do policiamento j\u00e1 desempenhado diariamente. Em cada dia do evento, haver\u00e1 refor\u00e7o de mais de 30 policiais militares. De acordo com o tenente-coronel Thiago Costa, chefe do estado maior do Comando do Policiamento Militar da Capital, em virtude das festas de fim de ano, a corpora\u00e7\u00e3o j\u00e1 vem refor\u00e7ando a atua\u00e7\u00e3o nas \u00e1reas de maior movimenta\u00e7\u00e3o de Aracaju. \u201cSer\u00e1 aplicado um refor\u00e7o no policiamento ordin\u00e1rio, bem como de efetivo extra. Contaremos com unidades especializadas como bases m\u00f3veis da Radiopatrulha, do Grupamento Especial T\u00e1tico de Motos (Getam) e do Batalh\u00e3o de Policiamento de Tr\u00e2nsito (BPTran), tudo isso para que as pessoas se preocupem apenas em comemorar\u201d, detalhou. J\u00e1 o Corpo de Bombeiros Militar de Sergipe, por meio do 2\u00ba Grupamento, localizado na Orla da Atalaia, estar\u00e1 com o efetivo di\u00e1rio de prontid\u00e3o durante os dias de realiza\u00e7\u00e3o da Vila do Natal Iluminado, assim como o Grupamento Mar\u00edtimo da corpora\u00e7\u00e3o. \u201cDurante esse per\u00edodo da Vila do Natal que estar\u00e1 sendo visitada pela sociedade, nossa equipe estar\u00e1 atuando com&nbsp; a preven\u00e7\u00e3o operacional com a ambul\u00e2ncia de atendimento pr\u00e9-hospitalar e\/ou com a viatura de combate a inc\u00eandio, a depender da demanda de p\u00fablico. Se houver aumento de fluxo de pessoas, aumentaremos nosso poder operacional\u201d, explicou o comandante do Corpo de Bombeiros, coronel F\u00e1bio Cardoso. Equipes da Secretaria de Estado da Sa\u00fade (SES) tamb\u00e9m atuar\u00e3o durante os dias da Vila do Natal Iluminado, com a participa\u00e7\u00e3o do Servi\u00e7o de Atendimento M\u00f3vel de Urg\u00eancia (Samu), presente com uma dupla de motol\u00e2ncias e a Central de Regula\u00e7\u00e3o em canal priorit\u00e1rio. J\u00e1 a Vigil\u00e2ncia Sanit\u00e1ria far\u00e1 um trabalho preventivo com a fiscaliza\u00e7\u00e3o de bares, restaurantes e vendedores ambulantes. De acordo com a representante do Samu, C\u00edntia Guerra, o servi\u00e7o deve atuar de forma preventiva, com dois socorristas presentes nos hor\u00e1rios de abertura da Vila, das 17h \u00e0s 22h. Al\u00e9m disso, em dias determinados, haver\u00e1 apoio de viatura de suporte b\u00e1sica. \u201cNo dia da inaugura\u00e7\u00e3o, por conta do grande fluxo, teremos uma viatura do suporte, e nos demais dias enviaremos uma dupla de moto socorristas que d\u00e3o o primeiro atendimento e, caso seja necess\u00e1ria remo\u00e7\u00e3o ou alguma ocorr\u00eancia mais grave, a equipe de moto possui r\u00e1dio comunica\u00e7\u00e3o e pode acionar as nossas viaturas. Dessa forma, a nossa central de regula\u00e7\u00e3o fica de canal priorit\u00e1rio para o evento e para acionamento caso necess\u00e1rio, e nossos socorristas ficam com a moto\u201d, explicou. E a popula\u00e7\u00e3o sergipana j\u00e1 aprova a iniciativa. Para Vanessa Ferreira, os mais de 30 dias da Vila do Natal Iluminado devem valorizar a Orla de Atalaia, que \u00e9 um dos principais cart\u00f5es postais de Aracaju e de Sergipe. \u201cEu achei uma ideia muito legal. Est\u00e1 muito bonito e atrativo. Eu j\u00e1<\/p>\n","protected":false},"author":1,"featured_media":1429,"comment_status":"open","ping_status":"open","sticky":false,"template":"","format":"standard","meta":{"footnotes":""},"categories":[32],"tags":[85],"class_list":["post-1428","post","type-post","status-publish","format-standard","has-post-thumbnail","hentry","category-sergipe","tag-natal"],"_links":{"self":[{"href":"https:\/\/resumosergipe.com.br\/index.php?rest_route=\/wp\/v2\/posts\/1428","targetHints":{"allow":["GET"]}}],"collection":[{"href":"https:\/\/resumosergipe.com.br\/index.php?rest_route=\/wp\/v2\/posts"}],"about":[{"href":"https:\/\/resumosergipe.com.br\/index.php?rest_route=\/wp\/v2\/types\/post"}],"author":[{"embeddable":true,"href":"https:\/\/resumosergipe.com.br\/index.php?rest_route=\/wp\/v2\/users\/1"}],"replies":[{"embeddable":true,"href":"https:\/\/resumosergipe.com.br\/index.php?rest_route=%2Fwp%2Fv2%2Fcomments&post=1428"}],"version-history":[{"count":1,"href":"https:\/\/resumosergipe.com.br\/index.php?rest_route=\/wp\/v2\/posts\/1428\/revisions"}],"predecessor-version":[{"id":1430,"href":"https:\/\/resumosergipe.com.br\/index.php?rest_route=\/wp\/v2\/posts\/1428\/revisions\/1430"}],"wp:featuredmedia":[{"embeddable":true,"href":"https:\/\/resumosergipe.com.br\/index.php?rest_route=\/wp\/v2\/media\/1429"}],"wp:attachment":[{"href":"https:\/\/resumosergipe.com.br\/index.php?rest_route=%2Fwp%2Fv2%2Fmedia&parent=1428"}],"wp:term":[{"taxonomy":"category","embeddable":true,"href":"https:\/\/resumosergipe.com.br\/index.php?rest_route=%2Fwp%2Fv2%2Fcategories&post=1428"},{"taxonomy":"post_tag","embeddable":true,"href":"https:\/\/resumosergipe.com.br\/index.php?rest_route=%2Fwp%2Fv2%2Ftags&post=1428"}],"curies":[{"name":"wp","href":"https:\/\/api.w.org\/{rel}","templated":true}]}}