{"id":1465,"date":"2023-12-08T16:20:19","date_gmt":"2023-12-08T19:20:19","guid":{"rendered":"https:\/\/resumosergipe.com.br\/?p=1465"},"modified":"2023-12-08T16:20:19","modified_gmt":"2023-12-08T19:20:19","slug":"pl-do-dep-luciano-pimentel-declara-obra-do-cantor-jose-augusto-sergipano-como-bem-de-interesse-cultural","status":"publish","type":"post","link":"https:\/\/resumosergipe.com.br\/?p=1465","title":{"rendered":"PL do Dep Luciano Pimentel declara obra do cantor Jos\u00e9 Augusto Sergipano como Bem de Interesse Cultural"},"content":{"rendered":"\n<p>Foi aprovado nesta quinta-feira, 7, o Projeto de Lei n\u00ba 531\/2023, de autoria do deputado estadual Luciano Pimentel (Progressistas), que declara a obra do cantor Jos\u00e9 Augusto Sergipano, do munic\u00edpio de Aquidab\u00e3, como Bem de Interesse Cultural.<\/p>\n\n\n\n<p>De acordo com o parlamentar, o objetivo da propositura \u00e9 reconhecer a import\u00e2ncia cultural e social do artista aquidab\u00e3ense, considerado um dos principais nomes da m\u00fasica sergipana, que faleceu aos 45 anos, v\u00edtima de um grave acidente automobil\u00edstico.<\/p>\n\n\n\n<p>\u201cJos\u00e9 Augusto escreveu seu nome na hist\u00f3ria da m\u00fasica brasileira, construindo uma carreira brilhante, que serviu de inspira\u00e7\u00e3o para tantos artistas sergipanos. Nos anos 60, ele chegou a ocupar as primeiras posi\u00e7\u00f5es nas paradas de sucesso, ao lado de Roberto Carlos e da banda inglesa Beatles. A sua voz ficou registrada em mais de 200 m\u00fasicas, em 22 discos gravados\u201d, destaca Luciano Pimentel.<\/p>\n\n\n\n<p>Natural de Aquidab\u00e3, Jos\u00e9 Augusto Costa nasceu no dia 3 de outubro de 1936. Filho de Maria Adolfina Costa e de Janu\u00e1rio Bispo dos Santos, era o ca\u00e7ula de seis irm\u00e3os e descobriu sua voca\u00e7\u00e3o para a m\u00fasica ainda na juventude, cantando nas festinhas escolares e de anivers\u00e1rio. Jos\u00e9 Augusto faleceu de um acidente de carro pr\u00f3ximo \u00e0 cidade de Feira de Santana\/BA.<\/p>\n\n\n\n<p><em>Fonte: Alese<\/em><\/p>\n\n\n\n<p>Link da mat\u00e9ria <a href=\"https:\/\/al.se.leg.br\/pl-de-luciano-pimentel-declara-obra-do-cantor-jose-augusto-sergipano-como-bem-de-interesse-cultural\/\" target=\"_blank\" rel=\"noreferrer noopener\">aqui<\/a><\/p>\n\n\n\n<p><\/p>\n","protected":false},"excerpt":{"rendered":"<p>Foi aprovado nesta quinta-feira, 7, o Projeto de Lei n\u00ba 531\/2023, de autoria do deputado estadual Luciano Pimentel (Progressistas), que declara a obra do cantor Jos\u00e9 Augusto Sergipano, do munic\u00edpio de Aquidab\u00e3, como Bem de Interesse Cultural. De acordo com o parlamentar, o objetivo da propositura \u00e9 reconhecer a import\u00e2ncia cultural e social do artista aquidab\u00e3ense, considerado um dos principais nomes da m\u00fasica sergipana, que faleceu aos 45 anos, v\u00edtima de um grave acidente automobil\u00edstico. \u201cJos\u00e9 Augusto escreveu seu nome na hist\u00f3ria da m\u00fasica brasileira, construindo uma carreira brilhante, que serviu de inspira\u00e7\u00e3o para tantos artistas sergipanos. Nos anos 60, ele chegou a ocupar as primeiras posi\u00e7\u00f5es nas paradas de sucesso, ao lado de Roberto Carlos e da banda inglesa Beatles. A sua voz ficou registrada em mais de 200 m\u00fasicas, em 22 discos gravados\u201d, destaca Luciano Pimentel. Natural de Aquidab\u00e3, Jos\u00e9 Augusto Costa nasceu no dia 3 de outubro de 1936. Filho de Maria Adolfina Costa e de Janu\u00e1rio Bispo dos Santos, era o ca\u00e7ula de seis irm\u00e3os e descobriu sua voca\u00e7\u00e3o para a m\u00fasica ainda na juventude, cantando nas festinhas escolares e de anivers\u00e1rio. Jos\u00e9 Augusto faleceu de um acidente de carro pr\u00f3ximo \u00e0 cidade de Feira de Santana\/BA. Fonte: Alese Link da mat\u00e9ria aqui<\/p>\n","protected":false},"author":1,"featured_media":1466,"comment_status":"open","ping_status":"open","sticky":false,"template":"","format":"standard","meta":{"footnotes":""},"categories":[32],"tags":[80],"class_list":["post-1465","post","type-post","status-publish","format-standard","has-post-thumbnail","hentry","category-sergipe","tag-cultura"],"_links":{"self":[{"href":"https:\/\/resumosergipe.com.br\/index.php?rest_route=\/wp\/v2\/posts\/1465","targetHints":{"allow":["GET"]}}],"collection":[{"href":"https:\/\/resumosergipe.com.br\/index.php?rest_route=\/wp\/v2\/posts"}],"about":[{"href":"https:\/\/resumosergipe.com.br\/index.php?rest_route=\/wp\/v2\/types\/post"}],"author":[{"embeddable":true,"href":"https:\/\/resumosergipe.com.br\/index.php?rest_route=\/wp\/v2\/users\/1"}],"replies":[{"embeddable":true,"href":"https:\/\/resumosergipe.com.br\/index.php?rest_route=%2Fwp%2Fv2%2Fcomments&post=1465"}],"version-history":[{"count":1,"href":"https:\/\/resumosergipe.com.br\/index.php?rest_route=\/wp\/v2\/posts\/1465\/revisions"}],"predecessor-version":[{"id":1467,"href":"https:\/\/resumosergipe.com.br\/index.php?rest_route=\/wp\/v2\/posts\/1465\/revisions\/1467"}],"wp:featuredmedia":[{"embeddable":true,"href":"https:\/\/resumosergipe.com.br\/index.php?rest_route=\/wp\/v2\/media\/1466"}],"wp:attachment":[{"href":"https:\/\/resumosergipe.com.br\/index.php?rest_route=%2Fwp%2Fv2%2Fmedia&parent=1465"}],"wp:term":[{"taxonomy":"category","embeddable":true,"href":"https:\/\/resumosergipe.com.br\/index.php?rest_route=%2Fwp%2Fv2%2Fcategories&post=1465"},{"taxonomy":"post_tag","embeddable":true,"href":"https:\/\/resumosergipe.com.br\/index.php?rest_route=%2Fwp%2Fv2%2Ftags&post=1465"}],"curies":[{"name":"wp","href":"https:\/\/api.w.org\/{rel}","templated":true}]}}