{"id":1477,"date":"2023-12-11T16:08:40","date_gmt":"2023-12-11T19:08:40","guid":{"rendered":"https:\/\/resumosergipe.com.br\/?p=1477"},"modified":"2023-12-11T16:08:40","modified_gmt":"2023-12-11T19:08:40","slug":"governo-de-sergipe-lanca-programa-ser-crianca-e-fortalece-acoes-com-foco-na-primeira-infancia","status":"publish","type":"post","link":"https:\/\/resumosergipe.com.br\/?p=1477","title":{"rendered":"Governo de Sergipe lan\u00e7a programa Ser Crian\u00e7a e fortalece a\u00e7\u00f5es com foco na primeira inf\u00e2ncia"},"content":{"rendered":"\n<p>Com o objetivo de fortalecer as a\u00e7\u00f5es voltadas \u00e0 primeira inf\u00e2ncia e de colocar as crian\u00e7as na centralidade das iniciativas de gest\u00e3o, foi lan\u00e7ada nesta segunda-feira, 11, a Pol\u00edtica Estadual de Aten\u00e7\u00e3o Integrada \u00e0 Primeira Inf\u00e2ncia &#8211; Programa Ser Crian\u00e7a. Com a medida, o Governo de Sergipe d\u00e1 mais um passo rumo ao prop\u00f3sito de promover o desenvolvimento infantil de forma intersetorial, trazendo suporte \u00e0 parentalidade em ambiente seguro para a conviv\u00eancia comunit\u00e1ria e ambiental das crian\u00e7as.<\/p>\n\n\n\n<p>O programa, que tem \u00e0 frente a Secretaria de Estado da Assist\u00eancia Social e Cidadania (Seasc), como previsto na Lei 9.313, de 16 de novembro de 2023, sancionada pelo o governador de Sergipe, F\u00e1bio Mitidieri, teve o projeto de lei aprovado por unanimidade na Assembleia Legislativa de Sergipe (Alese) no dia 26 de outubro. De acordo com o governador, o lan\u00e7amento simboliza o compromisso da administra\u00e7\u00e3o estadual com o bem-estar das crian\u00e7as, visando o futuro da gera\u00e7\u00e3o. \u201cEsse instrumento \u00e9 fundamental para que a pol\u00edtica p\u00fablica estadual saia da letra fria da lei e ganhe as ruas, com a\u00e7\u00f5es concretas. N\u00e3o h\u00e1 como pensar o futuro sem pensar naqueles que ser\u00e3o, de fato, esse futuro, que s\u00e3o as nossas crian\u00e7as. A gente precisa acolher, dar conforto e seguran\u00e7a alimentar, dar sa\u00fade e educa\u00e7\u00e3o, para que tenhamos uma gera\u00e7\u00e3o vencedora\u201d, salientou o governador. Na oportunidade, F\u00e1bio Mitidieri anunciou a constru\u00e7\u00e3o de 75 creches de ensino integral, com capacidade para 100 a 300 crian\u00e7as. O investimento \u00e9 de R$ 400 milh\u00f5es, ao longo dos pr\u00f3ximos tr\u00eas anos em todos os munic\u00edpios do estado.<\/p>\n\n\n\n<p>Para a secret\u00e1ria da Seasc e primeira-dama, \u00c9rica Mitidieri, a pol\u00edtica acaba beneficiando a todos os entes familiares ao trazer as crian\u00e7as como foco. &#8220;Que hoje seja um marco de melhoria para nossos sergipaninhos e sergipaninhas. Trabalhamos incansavelmente, fazendo escutas infantis em todo o estado, desenvolvendo materiais did\u00e1ticos, pensando o Plano Estadual da Primeira Inf\u00e2ncia. E nosso prop\u00f3sito \u00e9 estimular o desenvolvimento de nossas crian\u00e7as, que n\u00e3o devem ser invisibilizadas nem negligenciadas. Precisamos, juntos, fiscalizar e zelar por elas&#8221;, manifestou.<\/p>\n\n\n\n<p><em>Fonte: Governo de Sergipe<\/em><\/p>\n\n\n\n<p>Link da mat\u00e9ria <a href=\"https:\/\/www.se.gov.br\/noticias\/governo\/governo_de_sergipe_lanca_programa_ser_crianca_e_fortalece_acoes_com_foco_na_primeira_infancia\" target=\"_blank\" rel=\"noreferrer noopener\">aqui<\/a><\/p>\n","protected":false},"excerpt":{"rendered":"<p>Com o objetivo de fortalecer as a\u00e7\u00f5es voltadas \u00e0 primeira inf\u00e2ncia e de colocar as crian\u00e7as na centralidade das iniciativas de gest\u00e3o, foi lan\u00e7ada nesta segunda-feira, 11, a Pol\u00edtica Estadual de Aten\u00e7\u00e3o Integrada \u00e0 Primeira Inf\u00e2ncia &#8211; Programa Ser Crian\u00e7a. Com a medida, o Governo de Sergipe d\u00e1 mais um passo rumo ao prop\u00f3sito de promover o desenvolvimento infantil de forma intersetorial, trazendo suporte \u00e0 parentalidade em ambiente seguro para a conviv\u00eancia comunit\u00e1ria e ambiental das crian\u00e7as. O programa, que tem \u00e0 frente a Secretaria de Estado da Assist\u00eancia Social e Cidadania (Seasc), como previsto na Lei 9.313, de 16 de novembro de 2023, sancionada pelo o governador de Sergipe, F\u00e1bio Mitidieri, teve o projeto de lei aprovado por unanimidade na Assembleia Legislativa de Sergipe (Alese) no dia 26 de outubro. De acordo com o governador, o lan\u00e7amento simboliza o compromisso da administra\u00e7\u00e3o estadual com o bem-estar das crian\u00e7as, visando o futuro da gera\u00e7\u00e3o. \u201cEsse instrumento \u00e9 fundamental para que a pol\u00edtica p\u00fablica estadual saia da letra fria da lei e ganhe as ruas, com a\u00e7\u00f5es concretas. N\u00e3o h\u00e1 como pensar o futuro sem pensar naqueles que ser\u00e3o, de fato, esse futuro, que s\u00e3o as nossas crian\u00e7as. A gente precisa acolher, dar conforto e seguran\u00e7a alimentar, dar sa\u00fade e educa\u00e7\u00e3o, para que tenhamos uma gera\u00e7\u00e3o vencedora\u201d, salientou o governador. Na oportunidade, F\u00e1bio Mitidieri anunciou a constru\u00e7\u00e3o de 75 creches de ensino integral, com capacidade para 100 a 300 crian\u00e7as. O investimento \u00e9 de R$ 400 milh\u00f5es, ao longo dos pr\u00f3ximos tr\u00eas anos em todos os munic\u00edpios do estado. Para a secret\u00e1ria da Seasc e primeira-dama, \u00c9rica Mitidieri, a pol\u00edtica acaba beneficiando a todos os entes familiares ao trazer as crian\u00e7as como foco. &#8220;Que hoje seja um marco de melhoria para nossos sergipaninhos e sergipaninhas. Trabalhamos incansavelmente, fazendo escutas infantis em todo o estado, desenvolvendo materiais did\u00e1ticos, pensando o Plano Estadual da Primeira Inf\u00e2ncia. E nosso prop\u00f3sito \u00e9 estimular o desenvolvimento de nossas crian\u00e7as, que n\u00e3o devem ser invisibilizadas nem negligenciadas. Precisamos, juntos, fiscalizar e zelar por elas&#8221;, manifestou. Fonte: Governo de Sergipe Link da mat\u00e9ria aqui<\/p>\n","protected":false},"author":1,"featured_media":1478,"comment_status":"open","ping_status":"open","sticky":false,"template":"","format":"standard","meta":{"footnotes":""},"categories":[32],"tags":[99],"class_list":["post-1477","post","type-post","status-publish","format-standard","has-post-thumbnail","hentry","category-sergipe","tag-social"],"_links":{"self":[{"href":"https:\/\/resumosergipe.com.br\/index.php?rest_route=\/wp\/v2\/posts\/1477","targetHints":{"allow":["GET"]}}],"collection":[{"href":"https:\/\/resumosergipe.com.br\/index.php?rest_route=\/wp\/v2\/posts"}],"about":[{"href":"https:\/\/resumosergipe.com.br\/index.php?rest_route=\/wp\/v2\/types\/post"}],"author":[{"embeddable":true,"href":"https:\/\/resumosergipe.com.br\/index.php?rest_route=\/wp\/v2\/users\/1"}],"replies":[{"embeddable":true,"href":"https:\/\/resumosergipe.com.br\/index.php?rest_route=%2Fwp%2Fv2%2Fcomments&post=1477"}],"version-history":[{"count":1,"href":"https:\/\/resumosergipe.com.br\/index.php?rest_route=\/wp\/v2\/posts\/1477\/revisions"}],"predecessor-version":[{"id":1479,"href":"https:\/\/resumosergipe.com.br\/index.php?rest_route=\/wp\/v2\/posts\/1477\/revisions\/1479"}],"wp:featuredmedia":[{"embeddable":true,"href":"https:\/\/resumosergipe.com.br\/index.php?rest_route=\/wp\/v2\/media\/1478"}],"wp:attachment":[{"href":"https:\/\/resumosergipe.com.br\/index.php?rest_route=%2Fwp%2Fv2%2Fmedia&parent=1477"}],"wp:term":[{"taxonomy":"category","embeddable":true,"href":"https:\/\/resumosergipe.com.br\/index.php?rest_route=%2Fwp%2Fv2%2Fcategories&post=1477"},{"taxonomy":"post_tag","embeddable":true,"href":"https:\/\/resumosergipe.com.br\/index.php?rest_route=%2Fwp%2Fv2%2Ftags&post=1477"}],"curies":[{"name":"wp","href":"https:\/\/api.w.org\/{rel}","templated":true}]}}