{"id":1488,"date":"2023-12-13T16:39:20","date_gmt":"2023-12-13T19:39:20","guid":{"rendered":"https:\/\/resumosergipe.com.br\/?p=1488"},"modified":"2023-12-13T16:39:20","modified_gmt":"2023-12-13T19:39:20","slug":"laranjeiras-recebe-ultima-edicao-do-sergipe-e-aqui-em-2023","status":"publish","type":"post","link":"https:\/\/resumosergipe.com.br\/?p=1488","title":{"rendered":"Laranjeiras recebe \u00faltima edi\u00e7\u00e3o do \u2018Sergipe \u00e9 aqui\u2019\u00a0em 2023"},"content":{"rendered":"\n<p>O programa \u2018Sergipe \u00e9 aqui\u2019 chega \u00e0 sua 18\u00aa edi\u00e7\u00e3o no munic\u00edpio de Laranjeiras, localizado na regi\u00e3o da Grande Aracaju, na pr\u00f3xima sexta-feira, 15. A a\u00e7\u00e3o do Governo do Estado \u00e9 coordenada pela Secretaria de Estado da Casa Civil e foi criada com a finalidade de aproximar a gest\u00e3o estadual da popula\u00e7\u00e3o do interior do estado, e disponibiliza \u00e0 popula\u00e7\u00e3o local mais de 170 servi\u00e7os prestados por secretarias, \u00f3rg\u00e3os e autarquias da administra\u00e7\u00e3o p\u00fablica estadual.<\/p>\n\n\n\n<p>Para o secret\u00e1rio de Estado da Casa Civil, Jorginho Araujo, a recep\u00e7\u00e3o e avalia\u00e7\u00e3o por parte da popula\u00e7\u00e3o, por onde o programa tem passado, mostra que o governador F\u00e1bio Mitidieri acertou na escolha, no formato e na organiza\u00e7\u00e3o do &#8216;Sergipe \u00e9 aqui&#8217;. \u201cNeste primeiro ano de governo, conseguimos chegar \u00e0 18\u00aa edi\u00e7\u00e3o, passando por munic\u00edpios de diversas regi\u00f5es de nosso estado, do litoral ao sert\u00e3o, possibilitando o acesso da popula\u00e7\u00e3o do interior a servi\u00e7os que, em muitos casos, s\u00e3o ofertados apenas na capital. Mas n\u00e3o s\u00e3o apenas servi\u00e7os. Quando o governador vai ao munic\u00edpio, ele tamb\u00e9m leva um pacote de importantes investimentos voltados ao bem-estar e \u00e0 melhoria da qualidade de vida da popula\u00e7\u00e3o, a exemplo de investimentos em pavimenta\u00e7\u00e3o, estradas, escolas, entrega de kits e sementes para agricultores, entre outros benef\u00edcios\u201d, afirmou.<\/p>\n\n\n\n<p>Durante todo o dia, Laranjeiras ser\u00e1 a capital do estado. Desta vez, as a\u00e7\u00f5es estar\u00e3o concentradas no Col\u00e9gio Estadual C\u00f4nego Filadelfo Oliveira, onde servi\u00e7os, como exames m\u00e9dicos, odontol\u00f3gicos, emiss\u00e3o de documentos, castra\u00e7\u00e3o de animais dom\u00e9sticos e orienta\u00e7\u00e3o jur\u00eddica, atender\u00e3o a demanda da popula\u00e7\u00e3o local. O evento n\u00e3o apenas refor\u00e7a a presen\u00e7a do Governo de Sergipe em diferentes regi\u00f5es do estado, mas tamb\u00e9m representa um compromisso com a promo\u00e7\u00e3o do bem-estar e o atendimento das necessidades da popula\u00e7\u00e3o.<\/p>\n\n\n\n<p><em>Fonte: Governo de Sergipe<\/em><\/p>\n\n\n\n<p>Link da mat\u00e9ria <a href=\"https:\/\/www.se.gov.br\/noticias\/governo\/municipio_de_laranjeiras_recebe_ultima_edicao_do_sergipe_e_aqui_em_2023\" target=\"_blank\" rel=\"noreferrer noopener\">aqui<\/a><\/p>\n","protected":false},"excerpt":{"rendered":"<p>O programa \u2018Sergipe \u00e9 aqui\u2019 chega \u00e0 sua 18\u00aa edi\u00e7\u00e3o no munic\u00edpio de Laranjeiras, localizado na regi\u00e3o da Grande Aracaju, na pr\u00f3xima sexta-feira, 15. A a\u00e7\u00e3o do Governo do Estado \u00e9 coordenada pela Secretaria de Estado da Casa Civil e foi criada com a finalidade de aproximar a gest\u00e3o estadual da popula\u00e7\u00e3o do interior do estado, e disponibiliza \u00e0 popula\u00e7\u00e3o local mais de 170 servi\u00e7os prestados por secretarias, \u00f3rg\u00e3os e autarquias da administra\u00e7\u00e3o p\u00fablica estadual. Para o secret\u00e1rio de Estado da Casa Civil, Jorginho Araujo, a recep\u00e7\u00e3o e avalia\u00e7\u00e3o por parte da popula\u00e7\u00e3o, por onde o programa tem passado, mostra que o governador F\u00e1bio Mitidieri acertou na escolha, no formato e na organiza\u00e7\u00e3o do &#8216;Sergipe \u00e9 aqui&#8217;. \u201cNeste primeiro ano de governo, conseguimos chegar \u00e0 18\u00aa edi\u00e7\u00e3o, passando por munic\u00edpios de diversas regi\u00f5es de nosso estado, do litoral ao sert\u00e3o, possibilitando o acesso da popula\u00e7\u00e3o do interior a servi\u00e7os que, em muitos casos, s\u00e3o ofertados apenas na capital. Mas n\u00e3o s\u00e3o apenas servi\u00e7os. Quando o governador vai ao munic\u00edpio, ele tamb\u00e9m leva um pacote de importantes investimentos voltados ao bem-estar e \u00e0 melhoria da qualidade de vida da popula\u00e7\u00e3o, a exemplo de investimentos em pavimenta\u00e7\u00e3o, estradas, escolas, entrega de kits e sementes para agricultores, entre outros benef\u00edcios\u201d, afirmou. Durante todo o dia, Laranjeiras ser\u00e1 a capital do estado. Desta vez, as a\u00e7\u00f5es estar\u00e3o concentradas no Col\u00e9gio Estadual C\u00f4nego Filadelfo Oliveira, onde servi\u00e7os, como exames m\u00e9dicos, odontol\u00f3gicos, emiss\u00e3o de documentos, castra\u00e7\u00e3o de animais dom\u00e9sticos e orienta\u00e7\u00e3o jur\u00eddica, atender\u00e3o a demanda da popula\u00e7\u00e3o local. O evento n\u00e3o apenas refor\u00e7a a presen\u00e7a do Governo de Sergipe em diferentes regi\u00f5es do estado, mas tamb\u00e9m representa um compromisso com a promo\u00e7\u00e3o do bem-estar e o atendimento das necessidades da popula\u00e7\u00e3o. Fonte: Governo de Sergipe Link da mat\u00e9ria aqui<\/p>\n","protected":false},"author":1,"featured_media":1489,"comment_status":"open","ping_status":"open","sticky":false,"template":"","format":"standard","meta":{"footnotes":""},"categories":[32],"tags":[100],"class_list":["post-1488","post","type-post","status-publish","format-standard","has-post-thumbnail","hentry","category-sergipe","tag-laranjeiras"],"_links":{"self":[{"href":"https:\/\/resumosergipe.com.br\/index.php?rest_route=\/wp\/v2\/posts\/1488","targetHints":{"allow":["GET"]}}],"collection":[{"href":"https:\/\/resumosergipe.com.br\/index.php?rest_route=\/wp\/v2\/posts"}],"about":[{"href":"https:\/\/resumosergipe.com.br\/index.php?rest_route=\/wp\/v2\/types\/post"}],"author":[{"embeddable":true,"href":"https:\/\/resumosergipe.com.br\/index.php?rest_route=\/wp\/v2\/users\/1"}],"replies":[{"embeddable":true,"href":"https:\/\/resumosergipe.com.br\/index.php?rest_route=%2Fwp%2Fv2%2Fcomments&post=1488"}],"version-history":[{"count":2,"href":"https:\/\/resumosergipe.com.br\/index.php?rest_route=\/wp\/v2\/posts\/1488\/revisions"}],"predecessor-version":[{"id":1491,"href":"https:\/\/resumosergipe.com.br\/index.php?rest_route=\/wp\/v2\/posts\/1488\/revisions\/1491"}],"wp:featuredmedia":[{"embeddable":true,"href":"https:\/\/resumosergipe.com.br\/index.php?rest_route=\/wp\/v2\/media\/1489"}],"wp:attachment":[{"href":"https:\/\/resumosergipe.com.br\/index.php?rest_route=%2Fwp%2Fv2%2Fmedia&parent=1488"}],"wp:term":[{"taxonomy":"category","embeddable":true,"href":"https:\/\/resumosergipe.com.br\/index.php?rest_route=%2Fwp%2Fv2%2Fcategories&post=1488"},{"taxonomy":"post_tag","embeddable":true,"href":"https:\/\/resumosergipe.com.br\/index.php?rest_route=%2Fwp%2Fv2%2Ftags&post=1488"}],"curies":[{"name":"wp","href":"https:\/\/api.w.org\/{rel}","templated":true}]}}