{"id":1546,"date":"2023-12-27T18:40:42","date_gmt":"2023-12-27T21:40:42","guid":{"rendered":"https:\/\/resumosergipe.com.br\/?p=1546"},"modified":"2023-12-27T18:40:42","modified_gmt":"2023-12-27T21:40:42","slug":"salario-minimo-aumenta-valor-para-r-1-412-a-partir-de-1o-de-janeiro","status":"publish","type":"post","link":"https:\/\/resumosergipe.com.br\/?p=1546","title":{"rendered":"Sal\u00e1rio m\u00ednimo aumenta valor para R$ 1.412 a partir de 1\u00ba de janeiro"},"content":{"rendered":"\n<p>O presidente Luiz In\u00e1cio Lula da Silva deixou assinado um decreto que aumenta o sal\u00e1rio m\u00ednimo para R$ 1.412 a partir de 1.\u00ba de janeiro de 2024. O texto, segundo informa\u00e7\u00f5es do Pal\u00e1cio do Planalto, deve ser publicado em edi\u00e7\u00e3o extra do Di\u00e1rio Oficial da Uni\u00e3o ainda nesta quarta-feira, 27.<\/p>\n\n\n\n<p>O valor \u00e9 R$ 92 superior ao montante vigente hoje, de R$ 1.320, mas inferior ao inicialmente previsto pelo governo no Projeto de Lei Or\u00e7ament\u00e1ria Anual, a PLOA, que previa a cifra de R$ 1.421. Isso porque a infla\u00e7\u00e3o usada no c\u00e1lculo ficou abaixo das proje\u00e7\u00f5es.<\/p>\n\n\n\n<p>Essa diferen\u00e7a, segundo as consultorias t\u00e9cnicas do Congresso, dar\u00e1 um al\u00edvio de R$ 6,3 bilh\u00f5es nos gastos obrigat\u00f3rios do governo no ano que vem, j\u00e1 que uma s\u00e9rie de despesas s\u00e3o atreladas ao m\u00ednimo.<\/p>\n\n\n\n<p>Dentre elas, est\u00e3o seguro-desemprego, abono salarial e benef\u00edcios previdenci\u00e1rios. Segundo o Departamento Intersindical de Estat\u00edstica e Estudos Socioecon\u00f4micos (Dieese), um quarto da popula\u00e7\u00e3o do Pa\u00eds, o equivalente a 54 milh\u00f5es de pessoas, \u00e9 impactada pelo m\u00ednimo.<\/p>\n\n\n\n<p>Essa \u201csobra\u201d de R$ 6,3 bilh\u00f5es, por\u00e9m, j\u00e1 foi remanejada dentro do Or\u00e7amento. Ela ser\u00e1 usada para recompor parte do corte feito pelo Congresso no Programa de Acelera\u00e7\u00e3o do Crescimento (PAC) &#8211; uma das bandeiras do presidente Lula, que acabou desidratada com o objetivo de engordar as emendas parlamentares, as quais ter\u00e3o valor recorde em 2024 em meio ao poder crescente do Legislativo.<\/p>\n\n\n\n<p>Fonte: Estad\u00e3o<\/p>\n\n\n\n<p>Foto: Imagem de <a href=\"https:\/\/pixabay.com\/pt\/users\/mktgraccia-5706064\/?utm_source=link-attribution&amp;utm_medium=referral&amp;utm_campaign=image&amp;utm_content=2431110\">mktgraccia<\/a> por <a href=\"https:\/\/pixabay.com\/pt\/\/?utm_source=link-attribution&amp;utm_medium=referral&amp;utm_campaign=image&amp;utm_content=2431110\">Pixabay<\/a><\/p>\n","protected":false},"excerpt":{"rendered":"<p>O presidente Luiz In\u00e1cio Lula da Silva deixou assinado um decreto que aumenta o sal\u00e1rio m\u00ednimo para R$ 1.412 a partir de 1.\u00ba de janeiro de 2024. O texto, segundo informa\u00e7\u00f5es do Pal\u00e1cio do Planalto, deve ser publicado em edi\u00e7\u00e3o extra do Di\u00e1rio Oficial da Uni\u00e3o ainda nesta quarta-feira, 27. O valor \u00e9 R$ 92 superior ao montante vigente hoje, de R$ 1.320, mas inferior ao inicialmente previsto pelo governo no Projeto de Lei Or\u00e7ament\u00e1ria Anual, a PLOA, que previa a cifra de R$ 1.421. Isso porque a infla\u00e7\u00e3o usada no c\u00e1lculo ficou abaixo das proje\u00e7\u00f5es. Essa diferen\u00e7a, segundo as consultorias t\u00e9cnicas do Congresso, dar\u00e1 um al\u00edvio de R$ 6,3 bilh\u00f5es nos gastos obrigat\u00f3rios do governo no ano que vem, j\u00e1 que uma s\u00e9rie de despesas s\u00e3o atreladas ao m\u00ednimo. Dentre elas, est\u00e3o seguro-desemprego, abono salarial e benef\u00edcios previdenci\u00e1rios. Segundo o Departamento Intersindical de Estat\u00edstica e Estudos Socioecon\u00f4micos (Dieese), um quarto da popula\u00e7\u00e3o do Pa\u00eds, o equivalente a 54 milh\u00f5es de pessoas, \u00e9 impactada pelo m\u00ednimo. Essa \u201csobra\u201d de R$ 6,3 bilh\u00f5es, por\u00e9m, j\u00e1 foi remanejada dentro do Or\u00e7amento. Ela ser\u00e1 usada para recompor parte do corte feito pelo Congresso no Programa de Acelera\u00e7\u00e3o do Crescimento (PAC) &#8211; uma das bandeiras do presidente Lula, que acabou desidratada com o objetivo de engordar as emendas parlamentares, as quais ter\u00e3o valor recorde em 2024 em meio ao poder crescente do Legislativo. Fonte: Estad\u00e3o Foto: Imagem de mktgraccia por Pixabay<\/p>\n","protected":false},"author":1,"featured_media":1547,"comment_status":"open","ping_status":"open","sticky":false,"template":"","format":"standard","meta":{"footnotes":""},"categories":[66,25],"tags":[108],"class_list":["post-1546","post","type-post","status-publish","format-standard","has-post-thumbnail","hentry","category-brasil","category-economia","tag-salario-minimo"],"_links":{"self":[{"href":"https:\/\/resumosergipe.com.br\/index.php?rest_route=\/wp\/v2\/posts\/1546","targetHints":{"allow":["GET"]}}],"collection":[{"href":"https:\/\/resumosergipe.com.br\/index.php?rest_route=\/wp\/v2\/posts"}],"about":[{"href":"https:\/\/resumosergipe.com.br\/index.php?rest_route=\/wp\/v2\/types\/post"}],"author":[{"embeddable":true,"href":"https:\/\/resumosergipe.com.br\/index.php?rest_route=\/wp\/v2\/users\/1"}],"replies":[{"embeddable":true,"href":"https:\/\/resumosergipe.com.br\/index.php?rest_route=%2Fwp%2Fv2%2Fcomments&post=1546"}],"version-history":[{"count":1,"href":"https:\/\/resumosergipe.com.br\/index.php?rest_route=\/wp\/v2\/posts\/1546\/revisions"}],"predecessor-version":[{"id":1548,"href":"https:\/\/resumosergipe.com.br\/index.php?rest_route=\/wp\/v2\/posts\/1546\/revisions\/1548"}],"wp:featuredmedia":[{"embeddable":true,"href":"https:\/\/resumosergipe.com.br\/index.php?rest_route=\/wp\/v2\/media\/1547"}],"wp:attachment":[{"href":"https:\/\/resumosergipe.com.br\/index.php?rest_route=%2Fwp%2Fv2%2Fmedia&parent=1546"}],"wp:term":[{"taxonomy":"category","embeddable":true,"href":"https:\/\/resumosergipe.com.br\/index.php?rest_route=%2Fwp%2Fv2%2Fcategories&post=1546"},{"taxonomy":"post_tag","embeddable":true,"href":"https:\/\/resumosergipe.com.br\/index.php?rest_route=%2Fwp%2Fv2%2Ftags&post=1546"}],"curies":[{"name":"wp","href":"https:\/\/api.w.org\/{rel}","templated":true}]}}