{"id":1555,"date":"2024-01-02T05:41:57","date_gmt":"2024-01-02T08:41:57","guid":{"rendered":"https:\/\/resumosergipe.com.br\/?p=1555"},"modified":"2024-01-02T05:41:57","modified_gmt":"2024-01-02T08:41:57","slug":"pl-institui-dia-estadual-de-valorizacao-da-familia","status":"publish","type":"post","link":"https:\/\/resumosergipe.com.br\/?p=1555","title":{"rendered":"PL institui Dia Estadual de Valoriza\u00e7\u00e3o da Fam\u00edlia"},"content":{"rendered":"\n<p>Ser\u00e1 institu\u00eddo, o \u2018Dia Estadual de Valoriza\u00e7\u00e3o da Fam\u00edlia\u2019. \u00c9 o que prev\u00ea o Projeto de Lei N\u00ba 242\/2023, de autoria do deputado Doutor Samuel Carvalho (Cidadania), aprovado na Assembleia Legislativa de Sergipe.<\/p>\n\n\n\n<p>A comemora\u00e7\u00e3o ser\u00e1 realizada anualmente no dia 21 de outubro e ser\u00e1 inserida no Calend\u00e1rio Oficial de Eventos. \u201cCelebrar esse dia no calend\u00e1rio civil \u00e9 oportunidade de ressaltar o papel fundamental da fam\u00edlia como n\u00facleo vital da sociedade e ambiente privilegiado para o desenvolvimento humano. \u00c9 na fam\u00edlia que valores como igualdade, toler\u00e2ncia e responsabilidade s\u00e3o mais naturalmente adquiridos e onde se aprendem ideais como reciprocidade, coopera\u00e7\u00e3o e solidariedade, t\u00e3o necess\u00e1rios \u00e0 forma\u00e7\u00e3o individual e \u00e0 conviv\u00eancia social\u201d, afirmou o parlamentar na justificativa.<\/p>\n\n\n\n<p>O deputado falou que a ideia \u00e9 criar momentos de reflex\u00e3o para chamar a aten\u00e7\u00e3o da sociedade, de governos e respons\u00e1veis por pol\u00edticas locais para a import\u00e2ncia da fam\u00edlia como institui\u00e7\u00e3o fundamental para o desenvolvimento humano. Ele acrescentou que essa reflex\u00e3o deve levar ao investimento em pol\u00edticas p\u00fablicas que promovam, entre tantas car\u00eancias familiares, a igualdade de posi\u00e7\u00e3o entre os c\u00f4njuges; assist\u00eancia social \u00e0 inf\u00e2ncia e juventude; resolu\u00e7\u00e3o dos problemas do desemprego; acesso \u00e0 educa\u00e7\u00e3o; e condi\u00e7\u00f5es dignas de moradia, gerando estruturas sociais que permitam \u00e0s fam\u00edlias marginalizadas atingir condi\u00e7\u00f5es m\u00ednimas de estabilidade.<\/p>\n\n\n\n<p>Em 21 de outubro, j\u00e1 \u00e9 celebrado o Dia Nacional de Valoriza\u00e7\u00e3o da Fam\u00edlia. A data foi institu\u00edda no dia 17 de maio de 2012, a partir da Lei n. 12.647, sancionada pela presid\u00eancia da Rep\u00fablica. O Projeto de Lei estadual foi aprovado durante vota\u00e7\u00e3o em sess\u00e3o plen\u00e1ria da Assembleia Legislativa de Sergipe e seguir\u00e1 para san\u00e7\u00e3o governamental.<\/p>\n\n\n\n<p>Fonte: Alese<\/p>\n\n\n\n<p>Link da mat\u00e9ria <a href=\"https:\/\/al.se.leg.br\/pl-institui-dia-estadual-de-valorizacao-da-familia\/\" target=\"_blank\" rel=\"noreferrer noopener\">aqui<\/a><\/p>\n\n\n\n<p>Foto: Pixabay<\/p>\n","protected":false},"excerpt":{"rendered":"<p>Ser\u00e1 institu\u00eddo, o \u2018Dia Estadual de Valoriza\u00e7\u00e3o da Fam\u00edlia\u2019. \u00c9 o que prev\u00ea o Projeto de Lei N\u00ba 242\/2023, de autoria do deputado Doutor Samuel Carvalho (Cidadania), aprovado na Assembleia Legislativa de Sergipe. A comemora\u00e7\u00e3o ser\u00e1 realizada anualmente no dia 21 de outubro e ser\u00e1 inserida no Calend\u00e1rio Oficial de Eventos. \u201cCelebrar esse dia no calend\u00e1rio civil \u00e9 oportunidade de ressaltar o papel fundamental da fam\u00edlia como n\u00facleo vital da sociedade e ambiente privilegiado para o desenvolvimento humano. \u00c9 na fam\u00edlia que valores como igualdade, toler\u00e2ncia e responsabilidade s\u00e3o mais naturalmente adquiridos e onde se aprendem ideais como reciprocidade, coopera\u00e7\u00e3o e solidariedade, t\u00e3o necess\u00e1rios \u00e0 forma\u00e7\u00e3o individual e \u00e0 conviv\u00eancia social\u201d, afirmou o parlamentar na justificativa. O deputado falou que a ideia \u00e9 criar momentos de reflex\u00e3o para chamar a aten\u00e7\u00e3o da sociedade, de governos e respons\u00e1veis por pol\u00edticas locais para a import\u00e2ncia da fam\u00edlia como institui\u00e7\u00e3o fundamental para o desenvolvimento humano. Ele acrescentou que essa reflex\u00e3o deve levar ao investimento em pol\u00edticas p\u00fablicas que promovam, entre tantas car\u00eancias familiares, a igualdade de posi\u00e7\u00e3o entre os c\u00f4njuges; assist\u00eancia social \u00e0 inf\u00e2ncia e juventude; resolu\u00e7\u00e3o dos problemas do desemprego; acesso \u00e0 educa\u00e7\u00e3o; e condi\u00e7\u00f5es dignas de moradia, gerando estruturas sociais que permitam \u00e0s fam\u00edlias marginalizadas atingir condi\u00e7\u00f5es m\u00ednimas de estabilidade. Em 21 de outubro, j\u00e1 \u00e9 celebrado o Dia Nacional de Valoriza\u00e7\u00e3o da Fam\u00edlia. A data foi institu\u00edda no dia 17 de maio de 2012, a partir da Lei n. 12.647, sancionada pela presid\u00eancia da Rep\u00fablica. O Projeto de Lei estadual foi aprovado durante vota\u00e7\u00e3o em sess\u00e3o plen\u00e1ria da Assembleia Legislativa de Sergipe e seguir\u00e1 para san\u00e7\u00e3o governamental. Fonte: Alese Link da mat\u00e9ria aqui Foto: Pixabay<\/p>\n","protected":false},"author":1,"featured_media":1556,"comment_status":"open","ping_status":"open","sticky":false,"template":"","format":"standard","meta":{"footnotes":""},"categories":[4,32],"tags":[71],"class_list":["post-1555","post","type-post","status-publish","format-standard","has-post-thumbnail","hentry","category-politica","category-sergipe","tag-familia"],"_links":{"self":[{"href":"https:\/\/resumosergipe.com.br\/index.php?rest_route=\/wp\/v2\/posts\/1555","targetHints":{"allow":["GET"]}}],"collection":[{"href":"https:\/\/resumosergipe.com.br\/index.php?rest_route=\/wp\/v2\/posts"}],"about":[{"href":"https:\/\/resumosergipe.com.br\/index.php?rest_route=\/wp\/v2\/types\/post"}],"author":[{"embeddable":true,"href":"https:\/\/resumosergipe.com.br\/index.php?rest_route=\/wp\/v2\/users\/1"}],"replies":[{"embeddable":true,"href":"https:\/\/resumosergipe.com.br\/index.php?rest_route=%2Fwp%2Fv2%2Fcomments&post=1555"}],"version-history":[{"count":1,"href":"https:\/\/resumosergipe.com.br\/index.php?rest_route=\/wp\/v2\/posts\/1555\/revisions"}],"predecessor-version":[{"id":1557,"href":"https:\/\/resumosergipe.com.br\/index.php?rest_route=\/wp\/v2\/posts\/1555\/revisions\/1557"}],"wp:featuredmedia":[{"embeddable":true,"href":"https:\/\/resumosergipe.com.br\/index.php?rest_route=\/wp\/v2\/media\/1556"}],"wp:attachment":[{"href":"https:\/\/resumosergipe.com.br\/index.php?rest_route=%2Fwp%2Fv2%2Fmedia&parent=1555"}],"wp:term":[{"taxonomy":"category","embeddable":true,"href":"https:\/\/resumosergipe.com.br\/index.php?rest_route=%2Fwp%2Fv2%2Fcategories&post=1555"},{"taxonomy":"post_tag","embeddable":true,"href":"https:\/\/resumosergipe.com.br\/index.php?rest_route=%2Fwp%2Fv2%2Ftags&post=1555"}],"curies":[{"name":"wp","href":"https:\/\/api.w.org\/{rel}","templated":true}]}}