{"id":1597,"date":"2024-01-15T07:00:00","date_gmt":"2024-01-15T10:00:00","guid":{"rendered":"https:\/\/resumosergipe.com.br\/?p=1597"},"modified":"2024-01-14T19:00:15","modified_gmt":"2024-01-14T22:00:15","slug":"sergipanos-curtem-verao-sergipe-com-o-som-de-maneva","status":"publish","type":"post","link":"https:\/\/resumosergipe.com.br\/?p=1597","title":{"rendered":"Sergipanos curtem Ver\u00e3o Sergipe com o som de Maneva"},"content":{"rendered":"\n<p>Chegando \u00e0 sua segunda noite, o Ver\u00e3o Sergipe 2024 continua movimentando a Praia da Caueira, no munic\u00edpio de Itaporanga d\u2019Ajuda, com m\u00fasica para todos os gostos e muito esporte e lazer. Sendo retomado ap\u00f3s mais de uma d\u00e9cada, o evento \u00e9 uma realiza\u00e7\u00e3o do Governo do Estado e demonstra a preocupa\u00e7\u00e3o da administra\u00e7\u00e3o estadual com o fomento \u00e0 cultura e ao turismo sergipano. Na noite deste s\u00e1bado, 13, o p\u00fablico p\u00f4de assistir a shows de artistas sergipanos, regionais e nacionais.<\/p>\n\n\n\n<p>Quem abriu a noite foram os sergipanos Faranis, que j\u00e1 est\u00e3o em atividade h\u00e1 dez anos. A segunda atra\u00e7\u00e3o da noite foi o cantor de ax\u00e9 baiano Kiko Chicabana, cantando na Caueira pela primeira vez neste s\u00e1bado. A atra\u00e7\u00e3o mais esperada da noite foi a banda de reggae Maneva, que apresentou um repert\u00f3rio que incluiu os sucessos autorais do grupo e tamb\u00e9m m\u00fasicas do \u00e1lbum \u2018Tudo vira reggae\u2019, projeto do ano passado, em que o grupo gravou can\u00e7\u00f5es de artistas consagrados da m\u00fasica brasileira sob a roupagem do reggae. Fechando a programa\u00e7\u00e3o deste s\u00e1bado, o cantor sergipano Ygor Raniere agitou o p\u00fablico com um repert\u00f3rio composto por m\u00fasicas autorais e can\u00e7\u00f5es de forr\u00f3 da atualidade. Para ele, a participa\u00e7\u00e3o de artistas sergipanos em eventos desse porte \u00e9 fundamental para a valoriza\u00e7\u00e3o da cultura regional.<\/p>\n\n\n\n<figure class=\"wp-block-image size-large\"><img fetchpriority=\"high\" decoding=\"async\" width=\"1024\" height=\"683\" src=\"http:\/\/resumosergipe.com.br\/wp-content\/uploads\/2024\/01\/Veraosergipe1401Noite-1024x683.jpg\" alt=\"\" class=\"wp-image-1600\"\/><\/figure>\n\n\n\n<p>Fonte: Governo de Sergipe<\/p>\n\n\n\n<p>Link da mat\u00e9ria <a href=\"https:\/\/www.se.gov.br\/noticias\/verao-sergipe\/sergipanos_aprovam_retorno_do_verao_sergipe_e_curtem_som_de_maneva_na_segunda_noite_do_evento\" target=\"_blank\" rel=\"noreferrer noopener\">aqui<\/a><\/p>\n","protected":false},"excerpt":{"rendered":"<p>Chegando \u00e0 sua segunda noite, o Ver\u00e3o Sergipe 2024 continua movimentando a Praia da Caueira, no munic\u00edpio de Itaporanga d\u2019Ajuda, com m\u00fasica para todos os gostos e muito esporte e lazer. Sendo retomado ap\u00f3s mais de uma d\u00e9cada, o evento \u00e9 uma realiza\u00e7\u00e3o do Governo do Estado e demonstra a preocupa\u00e7\u00e3o da administra\u00e7\u00e3o estadual com o fomento \u00e0 cultura e ao turismo sergipano. Na noite deste s\u00e1bado, 13, o p\u00fablico p\u00f4de assistir a shows de artistas sergipanos, regionais e nacionais. Quem abriu a noite foram os sergipanos Faranis, que j\u00e1 est\u00e3o em atividade h\u00e1 dez anos. A segunda atra\u00e7\u00e3o da noite foi o cantor de ax\u00e9 baiano Kiko Chicabana, cantando na Caueira pela primeira vez neste s\u00e1bado. A atra\u00e7\u00e3o mais esperada da noite foi a banda de reggae Maneva, que apresentou um repert\u00f3rio que incluiu os sucessos autorais do grupo e tamb\u00e9m m\u00fasicas do \u00e1lbum \u2018Tudo vira reggae\u2019, projeto do ano passado, em que o grupo gravou can\u00e7\u00f5es de artistas consagrados da m\u00fasica brasileira sob a roupagem do reggae. Fechando a programa\u00e7\u00e3o deste s\u00e1bado, o cantor sergipano Ygor Raniere agitou o p\u00fablico com um repert\u00f3rio composto por m\u00fasicas autorais e can\u00e7\u00f5es de forr\u00f3 da atualidade. Para ele, a participa\u00e7\u00e3o de artistas sergipanos em eventos desse porte \u00e9 fundamental para a valoriza\u00e7\u00e3o da cultura regional. Fonte: Governo de Sergipe Link da mat\u00e9ria aqui<\/p>\n","protected":false},"author":1,"featured_media":1599,"comment_status":"open","ping_status":"open","sticky":false,"template":"","format":"standard","meta":{"footnotes":""},"categories":[32],"tags":[52,76],"class_list":["post-1597","post","type-post","status-publish","format-standard","has-post-thumbnail","hentry","category-sergipe","tag-turismo","tag-verao"],"_links":{"self":[{"href":"https:\/\/resumosergipe.com.br\/index.php?rest_route=\/wp\/v2\/posts\/1597","targetHints":{"allow":["GET"]}}],"collection":[{"href":"https:\/\/resumosergipe.com.br\/index.php?rest_route=\/wp\/v2\/posts"}],"about":[{"href":"https:\/\/resumosergipe.com.br\/index.php?rest_route=\/wp\/v2\/types\/post"}],"author":[{"embeddable":true,"href":"https:\/\/resumosergipe.com.br\/index.php?rest_route=\/wp\/v2\/users\/1"}],"replies":[{"embeddable":true,"href":"https:\/\/resumosergipe.com.br\/index.php?rest_route=%2Fwp%2Fv2%2Fcomments&post=1597"}],"version-history":[{"count":2,"href":"https:\/\/resumosergipe.com.br\/index.php?rest_route=\/wp\/v2\/posts\/1597\/revisions"}],"predecessor-version":[{"id":1601,"href":"https:\/\/resumosergipe.com.br\/index.php?rest_route=\/wp\/v2\/posts\/1597\/revisions\/1601"}],"wp:featuredmedia":[{"embeddable":true,"href":"https:\/\/resumosergipe.com.br\/index.php?rest_route=\/wp\/v2\/media\/1599"}],"wp:attachment":[{"href":"https:\/\/resumosergipe.com.br\/index.php?rest_route=%2Fwp%2Fv2%2Fmedia&parent=1597"}],"wp:term":[{"taxonomy":"category","embeddable":true,"href":"https:\/\/resumosergipe.com.br\/index.php?rest_route=%2Fwp%2Fv2%2Fcategories&post=1597"},{"taxonomy":"post_tag","embeddable":true,"href":"https:\/\/resumosergipe.com.br\/index.php?rest_route=%2Fwp%2Fv2%2Ftags&post=1597"}],"curies":[{"name":"wp","href":"https:\/\/api.w.org\/{rel}","templated":true}]}}