{"id":1624,"date":"2024-01-18T16:57:45","date_gmt":"2024-01-18T19:57:45","guid":{"rendered":"https:\/\/resumosergipe.com.br\/?p=1624"},"modified":"2024-01-18T16:57:45","modified_gmt":"2024-01-18T19:57:45","slug":"governador-anuncia-concurso-para-gestor-durante-posse-de-secretario-especial-de-planejamento-orcamento-e-inovacao-julio-filgueira","status":"publish","type":"post","link":"https:\/\/resumosergipe.com.br\/?p=1624","title":{"rendered":"Governador anuncia concurso para gestor durante posse de secret\u00e1rio Especial de Planejamento, Or\u00e7amento e Inova\u00e7\u00e3o, Julio Filgueira"},"content":{"rendered":"\n<p>O governador F\u00e1bio Mitidieri empossou na manh\u00e3 desta quinta-feira, 18, o secret\u00e1rio Especial de Planejamento, Or\u00e7amento e Inova\u00e7\u00e3o (Seplan), Julio Filgueira, destacando o papel fundamental do planejamento para a constru\u00e7\u00e3o de um futuro s\u00f3lido para o Estado de Sergipe. A cerim\u00f4nia, realizada no audit\u00f3rio do Pal\u00e1cio dos Despachos, destacou os pilares da secretaria rec\u00e9m-criada, que dever\u00e1 construir e coordenar o planejamento estrat\u00e9gico, as agendas transversais e a articula\u00e7\u00e3o com as demais pastas e \u00f3rg\u00e3os que atuam para o desenvolvimento econ\u00f4mico e social do estado, com foco na constru\u00e7\u00e3o de pol\u00edticas p\u00fablicas.<\/p>\n\n\n\n<p>Na oportunidade, foi anunciada a realiza\u00e7\u00e3o de um novo concurso para Especialista em Pol\u00edticas P\u00fablicas e Gest\u00e3o Governamental (Gestor P\u00fablico), autorizado pelo governador. \u201cQuando discuti com o governador como montar\u00edamos a nossa equipe pedi a ele, e fui atendido, que pud\u00e9ssemos ter grande papel n\u00e3o apenas na ponta, na opera\u00e7\u00e3o, mas com os gestores na dire\u00e7\u00e3o do planejamento do nosso estado\u201d, disse.<\/p>\n\n\n\n<p>O mais novo secret\u00e1rio empossado considerou que o grande prop\u00f3sito da Seplan \u00e9 conferir ao Estado vis\u00e3o direcional de longo prazo, estabilidade, perenidade na constru\u00e7\u00e3o das pol\u00edticas p\u00fablicas. \u201c\u00c9 preciso legar ao Estado a condi\u00e7\u00e3o de conceber, de elaborar, de coordenar a implanta\u00e7\u00e3o, de avaliar pol\u00edticas p\u00fablicas que sejam est\u00e1veis e isso seria imposs\u00edvel n\u00e3o fosse o papel dos profissionais de carreira\u201d, ressaltou Julio.<\/p>\n\n\n\n<p>Fonte: Governo de Sergipe<\/p>\n\n\n\n<p>Link da mat\u00e9ria <a href=\"https:\/\/www.se.gov.br\/noticias\/governo\/governador_anuncia_concurso_para_gestor_durante_posse_de_secretario_especial_de_planejamento_orcamento_e_inovacao_julio_filgueira\" target=\"_blank\" rel=\"noreferrer noopener\">aqui<\/a><\/p>\n","protected":false},"excerpt":{"rendered":"<p>O governador F\u00e1bio Mitidieri empossou na manh\u00e3 desta quinta-feira, 18, o secret\u00e1rio Especial de Planejamento, Or\u00e7amento e Inova\u00e7\u00e3o (Seplan), Julio Filgueira, destacando o papel fundamental do planejamento para a constru\u00e7\u00e3o de um futuro s\u00f3lido para o Estado de Sergipe. A cerim\u00f4nia, realizada no audit\u00f3rio do Pal\u00e1cio dos Despachos, destacou os pilares da secretaria rec\u00e9m-criada, que dever\u00e1 construir e coordenar o planejamento estrat\u00e9gico, as agendas transversais e a articula\u00e7\u00e3o com as demais pastas e \u00f3rg\u00e3os que atuam para o desenvolvimento econ\u00f4mico e social do estado, com foco na constru\u00e7\u00e3o de pol\u00edticas p\u00fablicas. Na oportunidade, foi anunciada a realiza\u00e7\u00e3o de um novo concurso para Especialista em Pol\u00edticas P\u00fablicas e Gest\u00e3o Governamental (Gestor P\u00fablico), autorizado pelo governador. \u201cQuando discuti com o governador como montar\u00edamos a nossa equipe pedi a ele, e fui atendido, que pud\u00e9ssemos ter grande papel n\u00e3o apenas na ponta, na opera\u00e7\u00e3o, mas com os gestores na dire\u00e7\u00e3o do planejamento do nosso estado\u201d, disse. O mais novo secret\u00e1rio empossado considerou que o grande prop\u00f3sito da Seplan \u00e9 conferir ao Estado vis\u00e3o direcional de longo prazo, estabilidade, perenidade na constru\u00e7\u00e3o das pol\u00edticas p\u00fablicas. \u201c\u00c9 preciso legar ao Estado a condi\u00e7\u00e3o de conceber, de elaborar, de coordenar a implanta\u00e7\u00e3o, de avaliar pol\u00edticas p\u00fablicas que sejam est\u00e1veis e isso seria imposs\u00edvel n\u00e3o fosse o papel dos profissionais de carreira\u201d, ressaltou Julio. Fonte: Governo de Sergipe Link da mat\u00e9ria aqui<\/p>\n","protected":false},"author":1,"featured_media":1625,"comment_status":"open","ping_status":"open","sticky":false,"template":"","format":"standard","meta":{"footnotes":""},"categories":[116],"tags":[104],"class_list":["post-1624","post","type-post","status-publish","format-standard","has-post-thumbnail","hentry","category-governo","tag-planejamento"],"_links":{"self":[{"href":"https:\/\/resumosergipe.com.br\/index.php?rest_route=\/wp\/v2\/posts\/1624","targetHints":{"allow":["GET"]}}],"collection":[{"href":"https:\/\/resumosergipe.com.br\/index.php?rest_route=\/wp\/v2\/posts"}],"about":[{"href":"https:\/\/resumosergipe.com.br\/index.php?rest_route=\/wp\/v2\/types\/post"}],"author":[{"embeddable":true,"href":"https:\/\/resumosergipe.com.br\/index.php?rest_route=\/wp\/v2\/users\/1"}],"replies":[{"embeddable":true,"href":"https:\/\/resumosergipe.com.br\/index.php?rest_route=%2Fwp%2Fv2%2Fcomments&post=1624"}],"version-history":[{"count":1,"href":"https:\/\/resumosergipe.com.br\/index.php?rest_route=\/wp\/v2\/posts\/1624\/revisions"}],"predecessor-version":[{"id":1626,"href":"https:\/\/resumosergipe.com.br\/index.php?rest_route=\/wp\/v2\/posts\/1624\/revisions\/1626"}],"wp:featuredmedia":[{"embeddable":true,"href":"https:\/\/resumosergipe.com.br\/index.php?rest_route=\/wp\/v2\/media\/1625"}],"wp:attachment":[{"href":"https:\/\/resumosergipe.com.br\/index.php?rest_route=%2Fwp%2Fv2%2Fmedia&parent=1624"}],"wp:term":[{"taxonomy":"category","embeddable":true,"href":"https:\/\/resumosergipe.com.br\/index.php?rest_route=%2Fwp%2Fv2%2Fcategories&post=1624"},{"taxonomy":"post_tag","embeddable":true,"href":"https:\/\/resumosergipe.com.br\/index.php?rest_route=%2Fwp%2Fv2%2Ftags&post=1624"}],"curies":[{"name":"wp","href":"https:\/\/api.w.org\/{rel}","templated":true}]}}