{"id":1669,"date":"2024-01-28T19:28:57","date_gmt":"2024-01-28T22:28:57","guid":{"rendered":"https:\/\/resumosergipe.com.br\/?p=1669"},"modified":"2024-01-28T19:28:57","modified_gmt":"2024-01-28T22:28:57","slug":"projeto-de-lei-aprovado-na-alese-dara-mais-seguranca-juridica-aos-consumidores","status":"publish","type":"post","link":"https:\/\/resumosergipe.com.br\/?p=1669","title":{"rendered":"Projeto de Lei aprovado na Alese dar\u00e1 mais seguran\u00e7a jur\u00eddica aos consumidores"},"content":{"rendered":"\n<p>Foi aprovado no final de 2023 na Assembleia Legislativa do Estado de Sergipe (Alese), o Projeto de Lei n\u00ba 561\/2023, de autoria do Poder Executivo, com a finalidade de instituir a Pol\u00edtica Estadual de Prote\u00e7\u00e3o e Defesa do Consumidor.<\/p>\n\n\n\n<p>Com a aprova\u00e7\u00e3o do PL pelos deputados estaduais, a promo\u00e7\u00e3o da defesa do consumidor passa a ser tratada como uma pol\u00edtica de governo, formada por um conjunto de princ\u00edpios, regras, defini\u00e7\u00f5es, objetivos, planos, programas, a\u00e7\u00f5es, projetos e atividades que buscam garantir a igualdade e a garantia de direitos do consumidor.<\/p>\n\n\n\n<p>Para isso, o Sistema Estadual de Prote\u00e7\u00e3o e Defesa do Consumidor, necess\u00e1rio para gerir a pol\u00edtica criada pelo projeto com efici\u00eancia, ter\u00e1 o aux\u00edlio do Conselho Gestor do Fundo Estadual de Prote\u00e7\u00e3o e Defesa do Consumidor, e a atua\u00e7\u00e3o da Coordenadoria Estadual de Prote\u00e7\u00e3o e Defesa do Consumidor (Procon\/SE).<\/p>\n\n\n\n<p>Segundo o deputado Cristiano Cavalcante (Uni\u00e3o Brasil), o PL dar\u00e1 mais seguran\u00e7a jur\u00eddica \u00e0 popula\u00e7\u00e3o consumidora no estado de Sergipe. \u201cOu seja, o projeto vai dar mais robustez \u00e0s a\u00e7\u00f5es de defesa do consumidor, realizadas pelo Procon Sergipe, garantindo mecanismos para que os servi\u00e7os ofertados cheguem a mais pessoas de forma mais efetiva\u201d, entende o l\u00edder do Governo na Alese.<\/p>\n\n\n\n<p>Procon<\/p>\n\n\n\n<p>O Projeto de Lei diz que: \u201cCabe ao Procon\/SE, o planejamento, a execu\u00e7\u00e3o e o controle das a\u00e7\u00f5es da Pol\u00edtica Estadual de Prote\u00e7\u00e3o e Defesa do Consumidor, o cumprimento da legisla\u00e7\u00e3o federal sobre o assunto, a fiscaliza\u00e7\u00e3o e o cumprimento das normas, al\u00e9m da aplica\u00e7\u00e3o das penalidades cab\u00edveis em caso de descumprimento\u201d.<\/p>\n\n\n\n<p>De acordo com a diretora do Procon\/SE, Raquel Martins, a aprova\u00e7\u00e3o do projeto na Alese \u00e9 muito importante para os consumidores sergipanos. \u201cPor meio da propositura, foi poss\u00edvel unificar diversas legisla\u00e7\u00f5es que tratavam sobre Direito do Consumidor em Sergipe. Isso traz mais seguran\u00e7a jur\u00eddica n\u00e3o s\u00f3 para os consumidores que buscam os servi\u00e7os do Procon, mas tamb\u00e9m para os fornecedores\u201d, explica.<\/p>\n\n\n\n<p>Fonte: Alese<\/p>\n\n\n\n<p>Link da mat\u00e9ria <a href=\"https:\/\/al.se.leg.br\/pl-aprovado-na-alese-dara-mais-seguranca-juridica-aos-consumidores\/\" target=\"_blank\" rel=\"noreferrer noopener\">aqui<\/a><\/p>\n","protected":false},"excerpt":{"rendered":"<p>Foi aprovado no final de 2023 na Assembleia Legislativa do Estado de Sergipe (Alese), o Projeto de Lei n\u00ba 561\/2023, de autoria do Poder Executivo, com a finalidade de instituir a Pol\u00edtica Estadual de Prote\u00e7\u00e3o e Defesa do Consumidor. Com a aprova\u00e7\u00e3o do PL pelos deputados estaduais, a promo\u00e7\u00e3o da defesa do consumidor passa a ser tratada como uma pol\u00edtica de governo, formada por um conjunto de princ\u00edpios, regras, defini\u00e7\u00f5es, objetivos, planos, programas, a\u00e7\u00f5es, projetos e atividades que buscam garantir a igualdade e a garantia de direitos do consumidor. Para isso, o Sistema Estadual de Prote\u00e7\u00e3o e Defesa do Consumidor, necess\u00e1rio para gerir a pol\u00edtica criada pelo projeto com efici\u00eancia, ter\u00e1 o aux\u00edlio do Conselho Gestor do Fundo Estadual de Prote\u00e7\u00e3o e Defesa do Consumidor, e a atua\u00e7\u00e3o da Coordenadoria Estadual de Prote\u00e7\u00e3o e Defesa do Consumidor (Procon\/SE). Segundo o deputado Cristiano Cavalcante (Uni\u00e3o Brasil), o PL dar\u00e1 mais seguran\u00e7a jur\u00eddica \u00e0 popula\u00e7\u00e3o consumidora no estado de Sergipe. \u201cOu seja, o projeto vai dar mais robustez \u00e0s a\u00e7\u00f5es de defesa do consumidor, realizadas pelo Procon Sergipe, garantindo mecanismos para que os servi\u00e7os ofertados cheguem a mais pessoas de forma mais efetiva\u201d, entende o l\u00edder do Governo na Alese. Procon O Projeto de Lei diz que: \u201cCabe ao Procon\/SE, o planejamento, a execu\u00e7\u00e3o e o controle das a\u00e7\u00f5es da Pol\u00edtica Estadual de Prote\u00e7\u00e3o e Defesa do Consumidor, o cumprimento da legisla\u00e7\u00e3o federal sobre o assunto, a fiscaliza\u00e7\u00e3o e o cumprimento das normas, al\u00e9m da aplica\u00e7\u00e3o das penalidades cab\u00edveis em caso de descumprimento\u201d. De acordo com a diretora do Procon\/SE, Raquel Martins, a aprova\u00e7\u00e3o do projeto na Alese \u00e9 muito importante para os consumidores sergipanos. \u201cPor meio da propositura, foi poss\u00edvel unificar diversas legisla\u00e7\u00f5es que tratavam sobre Direito do Consumidor em Sergipe. Isso traz mais seguran\u00e7a jur\u00eddica n\u00e3o s\u00f3 para os consumidores que buscam os servi\u00e7os do Procon, mas tamb\u00e9m para os fornecedores\u201d, explica. Fonte: Alese Link da mat\u00e9ria aqui<\/p>\n","protected":false},"author":1,"featured_media":1671,"comment_status":"open","ping_status":"open","sticky":false,"template":"","format":"standard","meta":{"footnotes":""},"categories":[4],"tags":[38],"class_list":["post-1669","post","type-post","status-publish","format-standard","has-post-thumbnail","hentry","category-politica","tag-alese"],"_links":{"self":[{"href":"https:\/\/resumosergipe.com.br\/index.php?rest_route=\/wp\/v2\/posts\/1669","targetHints":{"allow":["GET"]}}],"collection":[{"href":"https:\/\/resumosergipe.com.br\/index.php?rest_route=\/wp\/v2\/posts"}],"about":[{"href":"https:\/\/resumosergipe.com.br\/index.php?rest_route=\/wp\/v2\/types\/post"}],"author":[{"embeddable":true,"href":"https:\/\/resumosergipe.com.br\/index.php?rest_route=\/wp\/v2\/users\/1"}],"replies":[{"embeddable":true,"href":"https:\/\/resumosergipe.com.br\/index.php?rest_route=%2Fwp%2Fv2%2Fcomments&post=1669"}],"version-history":[{"count":2,"href":"https:\/\/resumosergipe.com.br\/index.php?rest_route=\/wp\/v2\/posts\/1669\/revisions"}],"predecessor-version":[{"id":1672,"href":"https:\/\/resumosergipe.com.br\/index.php?rest_route=\/wp\/v2\/posts\/1669\/revisions\/1672"}],"wp:featuredmedia":[{"embeddable":true,"href":"https:\/\/resumosergipe.com.br\/index.php?rest_route=\/wp\/v2\/media\/1671"}],"wp:attachment":[{"href":"https:\/\/resumosergipe.com.br\/index.php?rest_route=%2Fwp%2Fv2%2Fmedia&parent=1669"}],"wp:term":[{"taxonomy":"category","embeddable":true,"href":"https:\/\/resumosergipe.com.br\/index.php?rest_route=%2Fwp%2Fv2%2Fcategories&post=1669"},{"taxonomy":"post_tag","embeddable":true,"href":"https:\/\/resumosergipe.com.br\/index.php?rest_route=%2Fwp%2Fv2%2Ftags&post=1669"}],"curies":[{"name":"wp","href":"https:\/\/api.w.org\/{rel}","templated":true}]}}