{"id":1680,"date":"2024-01-30T05:45:05","date_gmt":"2024-01-30T08:45:05","guid":{"rendered":"https:\/\/resumosergipe.com.br\/?p=1680"},"modified":"2024-01-30T05:45:05","modified_gmt":"2024-01-30T08:45:05","slug":"em-construcao-novos-passeios-ja-alteram-paisagem-da-avenida-ivo-do-prado","status":"publish","type":"post","link":"https:\/\/resumosergipe.com.br\/?p=1680","title":{"rendered":"Em constru\u00e7\u00e3o, novos passeios j\u00e1 alteram paisagem da avenida Ivo do Prado"},"content":{"rendered":"\n<p>O processo de reforma e amplia\u00e7\u00e3o dos passeios da avenida Ivo do Prado segue sendo executado pela Prefeitura de Aracaju, por interm\u00e9dio da Empresa Municipal de Obras e Urbaniza\u00e7\u00e3o (Emurb), em ritmo intenso. Com o servi\u00e7o, j\u00e1 \u00e9 poss\u00edvel perceber a diferen\u00e7a entre as estruturas antiga e em constru\u00e7\u00e3o, que promover\u00e1 mais seguran\u00e7a, comodidade e embelezamento do cen\u00e1rio daquela regi\u00e3o.<\/p>\n\n\n\n<p>A obra foi iniciada com o objetivo de estabelecer coer\u00eancia arquitet\u00f4nica e urban\u00edstica ap\u00f3s a execu\u00e7\u00e3o da primeira etapa da reforma da cal\u00e7ada da \u2018Rua da Frente\u2019, como \u00e9 conhecida a avenida. O equipamento fica \u00e0s margens do rio Sergipe, no bairro S\u00e3o Jos\u00e9.<\/p>\n\n\n\n<p>A revitaliza\u00e7\u00e3o compreende o trecho entre o Largo da Gente Sergipana e o Iate Clube, de aproximadamente 910 metros. N\u00e3o foi necess\u00e1rio realizar grandes interven\u00e7\u00f5es na estrutura de sustenta\u00e7\u00e3o. Mesmo assim, foi realizado um refor\u00e7o na conten\u00e7\u00e3o do passeio.<\/p>\n\n\n\n<p>No momento, a gest\u00e3o municipal segue executando a constru\u00e7\u00e3o do pavimento, feito de blocos de concreto pr\u00e9-moldado e do guarda-corpos. Secret\u00e1rio municipal da Infraestrutura e presidente da Emurb, S\u00e9rgio Ferrari enfatiza relev\u00e2ncia do servi\u00e7o.<\/p>\n\n\n\n<p>\u201cQuando come\u00e7amos o servi\u00e7o no trecho da primeira etapa, havia uma necessidade grande de interven\u00e7\u00f5es, porque a estrutura de sustenta\u00e7\u00e3o estava danificada. Com o refor\u00e7o estrutural e a reforma completa das cal\u00e7adas, a paisagem ali tamb\u00e9m mudou. Para manter a coer\u00eancia visual e realizar tamb\u00e9m uma melhoria na estrutura, iniciamos o servi\u00e7o neste segundo trecho, em que a obra caminha muito bem. Ent\u00e3o, al\u00e9m de garantir que a sustenta\u00e7\u00e3o siga em bom estado, estamos tamb\u00e9m adequando mais uma parte do logradouro ao novo padr\u00e3o\u201d, detalha o secret\u00e1rio.<\/p>\n\n\n\n<p>A cal\u00e7ada est\u00e1 sendo concebida pelo mesmo aspecto arquitet\u00f4nico da primeira etapa. Com a reforma, o novo passeio ser\u00e1 ampliado em 1,5 m para \u201cdentro\u201d do rio Sergipe, totalizando largura de 4,3 m e ocupando uma \u00e1rea total de 2,4 mil m\u00b2.<\/p>\n\n\n\n<p>Para viabilizar a obra, a Prefeitura investe R$ 6.334.571,13, em recursos pr\u00f3prios do Tesouro Municipal. A obra contempla a amplia\u00e7\u00e3o da largura da cal\u00e7ada, reposi\u00e7\u00e3o do piso, substitui\u00e7\u00e3o do guarda-corpos, ilumina\u00e7\u00e3o em LED e instala\u00e7\u00e3o de equipamentos de acessibilidade. Al\u00e9m disso, parte do servi\u00e7o no local contempla a revitaliza\u00e7\u00e3o da Ponte do Imperador, com recupera\u00e7\u00e3o dos guarda-corpos, prote\u00e7\u00e3o da estrutura e pintura.<\/p>\n\n\n\n<p>Fonte: PMA<\/p>\n\n\n\n<p>Link da mat\u00e9ria aqui<\/p>\n","protected":false},"excerpt":{"rendered":"<p>O processo de reforma e amplia\u00e7\u00e3o dos passeios da avenida Ivo do Prado segue sendo executado pela Prefeitura de Aracaju, por interm\u00e9dio da Empresa Municipal de Obras e Urbaniza\u00e7\u00e3o (Emurb), em ritmo intenso. Com o servi\u00e7o, j\u00e1 \u00e9 poss\u00edvel perceber a diferen\u00e7a entre as estruturas antiga e em constru\u00e7\u00e3o, que promover\u00e1 mais seguran\u00e7a, comodidade e embelezamento do cen\u00e1rio daquela regi\u00e3o. A obra foi iniciada com o objetivo de estabelecer coer\u00eancia arquitet\u00f4nica e urban\u00edstica ap\u00f3s a execu\u00e7\u00e3o da primeira etapa da reforma da cal\u00e7ada da \u2018Rua da Frente\u2019, como \u00e9 conhecida a avenida. O equipamento fica \u00e0s margens do rio Sergipe, no bairro S\u00e3o Jos\u00e9. A revitaliza\u00e7\u00e3o compreende o trecho entre o Largo da Gente Sergipana e o Iate Clube, de aproximadamente 910 metros. N\u00e3o foi necess\u00e1rio realizar grandes interven\u00e7\u00f5es na estrutura de sustenta\u00e7\u00e3o. Mesmo assim, foi realizado um refor\u00e7o na conten\u00e7\u00e3o do passeio. No momento, a gest\u00e3o municipal segue executando a constru\u00e7\u00e3o do pavimento, feito de blocos de concreto pr\u00e9-moldado e do guarda-corpos. Secret\u00e1rio municipal da Infraestrutura e presidente da Emurb, S\u00e9rgio Ferrari enfatiza relev\u00e2ncia do servi\u00e7o. \u201cQuando come\u00e7amos o servi\u00e7o no trecho da primeira etapa, havia uma necessidade grande de interven\u00e7\u00f5es, porque a estrutura de sustenta\u00e7\u00e3o estava danificada. Com o refor\u00e7o estrutural e a reforma completa das cal\u00e7adas, a paisagem ali tamb\u00e9m mudou. Para manter a coer\u00eancia visual e realizar tamb\u00e9m uma melhoria na estrutura, iniciamos o servi\u00e7o neste segundo trecho, em que a obra caminha muito bem. Ent\u00e3o, al\u00e9m de garantir que a sustenta\u00e7\u00e3o siga em bom estado, estamos tamb\u00e9m adequando mais uma parte do logradouro ao novo padr\u00e3o\u201d, detalha o secret\u00e1rio. A cal\u00e7ada est\u00e1 sendo concebida pelo mesmo aspecto arquitet\u00f4nico da primeira etapa. Com a reforma, o novo passeio ser\u00e1 ampliado em 1,5 m para \u201cdentro\u201d do rio Sergipe, totalizando largura de 4,3 m e ocupando uma \u00e1rea total de 2,4 mil m\u00b2. Para viabilizar a obra, a Prefeitura investe R$ 6.334.571,13, em recursos pr\u00f3prios do Tesouro Municipal. A obra contempla a amplia\u00e7\u00e3o da largura da cal\u00e7ada, reposi\u00e7\u00e3o do piso, substitui\u00e7\u00e3o do guarda-corpos, ilumina\u00e7\u00e3o em LED e instala\u00e7\u00e3o de equipamentos de acessibilidade. Al\u00e9m disso, parte do servi\u00e7o no local contempla a revitaliza\u00e7\u00e3o da Ponte do Imperador, com recupera\u00e7\u00e3o dos guarda-corpos, prote\u00e7\u00e3o da estrutura e pintura. Fonte: PMA Link da mat\u00e9ria aqui<\/p>\n","protected":false},"author":1,"featured_media":1681,"comment_status":"open","ping_status":"open","sticky":false,"template":"","format":"standard","meta":{"footnotes":""},"categories":[61],"tags":[60],"class_list":["post-1680","post","type-post","status-publish","format-standard","has-post-thumbnail","hentry","category-aracaju","tag-infraestrutura"],"_links":{"self":[{"href":"https:\/\/resumosergipe.com.br\/index.php?rest_route=\/wp\/v2\/posts\/1680","targetHints":{"allow":["GET"]}}],"collection":[{"href":"https:\/\/resumosergipe.com.br\/index.php?rest_route=\/wp\/v2\/posts"}],"about":[{"href":"https:\/\/resumosergipe.com.br\/index.php?rest_route=\/wp\/v2\/types\/post"}],"author":[{"embeddable":true,"href":"https:\/\/resumosergipe.com.br\/index.php?rest_route=\/wp\/v2\/users\/1"}],"replies":[{"embeddable":true,"href":"https:\/\/resumosergipe.com.br\/index.php?rest_route=%2Fwp%2Fv2%2Fcomments&post=1680"}],"version-history":[{"count":1,"href":"https:\/\/resumosergipe.com.br\/index.php?rest_route=\/wp\/v2\/posts\/1680\/revisions"}],"predecessor-version":[{"id":1682,"href":"https:\/\/resumosergipe.com.br\/index.php?rest_route=\/wp\/v2\/posts\/1680\/revisions\/1682"}],"wp:featuredmedia":[{"embeddable":true,"href":"https:\/\/resumosergipe.com.br\/index.php?rest_route=\/wp\/v2\/media\/1681"}],"wp:attachment":[{"href":"https:\/\/resumosergipe.com.br\/index.php?rest_route=%2Fwp%2Fv2%2Fmedia&parent=1680"}],"wp:term":[{"taxonomy":"category","embeddable":true,"href":"https:\/\/resumosergipe.com.br\/index.php?rest_route=%2Fwp%2Fv2%2Fcategories&post=1680"},{"taxonomy":"post_tag","embeddable":true,"href":"https:\/\/resumosergipe.com.br\/index.php?rest_route=%2Fwp%2Fv2%2Ftags&post=1680"}],"curies":[{"name":"wp","href":"https:\/\/api.w.org\/{rel}","templated":true}]}}