{"id":1693,"date":"2024-02-02T18:56:33","date_gmt":"2024-02-02T21:56:33","guid":{"rendered":"https:\/\/resumosergipe.com.br\/?p=1693"},"modified":"2024-02-02T18:56:33","modified_gmt":"2024-02-02T21:56:33","slug":"deputados-e-governador-oficializam-abertura-dos-trabalhos-legislativos","status":"publish","type":"post","link":"https:\/\/resumosergipe.com.br\/?p=1693","title":{"rendered":"Deputados e governador oficializam abertura dos trabalhos legislativos"},"content":{"rendered":"\n<p>O presidente da Assembleia Legislativa do Estado de Sergipe (Alese), deputado Jeferson Andrade (PSD) e os demais parlamentares estaduais oficializaram o retorno dos trabalhos do legislativo em Sess\u00e3o Ordin\u00e1ria no plen\u00e1rio deputado Pedro Barreto de Andrade nesta sexta-feira (2). O governador do Estado, F\u00e1bio Mitidieri (PSD) tamb\u00e9m esteve presente.<\/p>\n\n\n\n<p>Na ocasi\u00e3o, o presidente da Alese Jeferson Andrade falou sobre os desafios, miss\u00f5es e expectativas para os trabalhos desenvolvidos pelo parlamento sergipano em 2024. \u201cTemos uma expectativa de muito trabalho voltado para conquistas do povo sergipano, e temos muitos projetos que os beneficiam. O governador F\u00e1bio Mitidieri veio passar sua mensagem e falar tamb\u00e9m sobre tantos avan\u00e7os j\u00e1 conquistados como de gera\u00e7\u00e3o emprego e renda. Ficamos muitos felizes com esta parceria Alese e Governo do Estado que favorece \u00e0 popula\u00e7\u00e3o sergipana, em especial a mais carente\u201d, falou.<\/p>\n\n\n\n<p>O governador F\u00e1bio Mitidieri cumpriu o rito Constitucional do Estado. Em sua fala, o chefe do Poder Executivo de Sergipe saudou os parlamentares e agradeceu a parceria da Casa Legislativa com os projetos da sua administra\u00e7\u00e3o. \u201cQuero parabenizar a Assembleia Legislativa que \u00e9 a Casa do Povo. Que seja mais um ano de trabalho em benef\u00edcio da sociedade sergipana. Vim prestar contas da nossa gest\u00e3o e tamb\u00e9m e fazer a abertura dos trabalhos como \u00e9 uma tradi\u00e7\u00e3o do nosso estado\u201d, destacou.<\/p>\n\n\n\n<p>\u201c2023, foi um ano muito positivo na gera\u00e7\u00e3o de emprego e na arrecada\u00e7\u00e3o. Temos n\u00fameros expressivos, mas que precisam avan\u00e7ar mais.&nbsp; A expectativa \u00e9 que possamos melhorar mais no desenvolvimento econ\u00f4mico e social e pol\u00edticas p\u00fablicas. Para este ano, iniciamos o projeto \u2018Prato do Povo\u2019, tamb\u00e9m teremos a segunda fase do \u2018Opera Sergipe\u2019 com cirurgias bari\u00e1tricas, ortop\u00e9dicas e reconstru\u00e7\u00e3o mam\u00e1ria. Estamos com uma expectativa grande em todas as \u00e1reas do estado. Inclusive, hoje mesmo estamos realizando a licita\u00e7\u00e3o da ponte que liga a avenida Tancredo Neves ao bairro Coroa do Meio. Uma obra importante para a mobilidade urbana na nossa capital\u201d, complementou o governador de Sergipe, F\u00e1bio Mitidieri.<\/p>\n\n\n\n<p>O presidente da Alese e o governador assinaram a san\u00e7\u00e3o do Projeto de Lei 501\/2023 de autoria dos deputados Jeferson Andrade e Paulo J\u00fanior (PV). O PL aprovado em 2023 prev\u00ea que os pagamentos de taxas do Departamento Estadual de Tr\u00e2nsito de Sergipe (Detran\/SE) agora podem ser feitos via pix, cr\u00e9dito ou d\u00e9bito. \u201cAntes os pagamentos s\u00f3 podiam ser feitos com dinheiro em esp\u00e9cie, agora entrou novas modalidades de pagamento. O que garante mais seguran\u00e7a, conforto e comodidade aos usu\u00e1rios do servi\u00e7o e traz mais modernidade ao Detran\/SE\u201d, declarou o governador F\u00e1bio Mitidieiri.<\/p>\n\n\n\n<p>Fonte: Alese<\/p>\n\n\n\n<p>Link da mat\u00e9ria <a href=\"https:\/\/al.se.leg.br\/deputados-e-governador-oficializam-abertura-dos-trabalhos-legislativos\/\" target=\"_blank\" rel=\"noreferrer noopener\">aqui<\/a><\/p>\n","protected":false},"excerpt":{"rendered":"<p>O presidente da Assembleia Legislativa do Estado de Sergipe (Alese), deputado Jeferson Andrade (PSD) e os demais parlamentares estaduais oficializaram o retorno dos trabalhos do legislativo em Sess\u00e3o Ordin\u00e1ria no plen\u00e1rio deputado Pedro Barreto de Andrade nesta sexta-feira (2). O governador do Estado, F\u00e1bio Mitidieri (PSD) tamb\u00e9m esteve presente. Na ocasi\u00e3o, o presidente da Alese Jeferson Andrade falou sobre os desafios, miss\u00f5es e expectativas para os trabalhos desenvolvidos pelo parlamento sergipano em 2024. \u201cTemos uma expectativa de muito trabalho voltado para conquistas do povo sergipano, e temos muitos projetos que os beneficiam. O governador F\u00e1bio Mitidieri veio passar sua mensagem e falar tamb\u00e9m sobre tantos avan\u00e7os j\u00e1 conquistados como de gera\u00e7\u00e3o emprego e renda. Ficamos muitos felizes com esta parceria Alese e Governo do Estado que favorece \u00e0 popula\u00e7\u00e3o sergipana, em especial a mais carente\u201d, falou. O governador F\u00e1bio Mitidieri cumpriu o rito Constitucional do Estado. Em sua fala, o chefe do Poder Executivo de Sergipe saudou os parlamentares e agradeceu a parceria da Casa Legislativa com os projetos da sua administra\u00e7\u00e3o. \u201cQuero parabenizar a Assembleia Legislativa que \u00e9 a Casa do Povo. Que seja mais um ano de trabalho em benef\u00edcio da sociedade sergipana. Vim prestar contas da nossa gest\u00e3o e tamb\u00e9m e fazer a abertura dos trabalhos como \u00e9 uma tradi\u00e7\u00e3o do nosso estado\u201d, destacou. \u201c2023, foi um ano muito positivo na gera\u00e7\u00e3o de emprego e na arrecada\u00e7\u00e3o. Temos n\u00fameros expressivos, mas que precisam avan\u00e7ar mais.&nbsp; A expectativa \u00e9 que possamos melhorar mais no desenvolvimento econ\u00f4mico e social e pol\u00edticas p\u00fablicas. Para este ano, iniciamos o projeto \u2018Prato do Povo\u2019, tamb\u00e9m teremos a segunda fase do \u2018Opera Sergipe\u2019 com cirurgias bari\u00e1tricas, ortop\u00e9dicas e reconstru\u00e7\u00e3o mam\u00e1ria. Estamos com uma expectativa grande em todas as \u00e1reas do estado. Inclusive, hoje mesmo estamos realizando a licita\u00e7\u00e3o da ponte que liga a avenida Tancredo Neves ao bairro Coroa do Meio. Uma obra importante para a mobilidade urbana na nossa capital\u201d, complementou o governador de Sergipe, F\u00e1bio Mitidieri. O presidente da Alese e o governador assinaram a san\u00e7\u00e3o do Projeto de Lei 501\/2023 de autoria dos deputados Jeferson Andrade e Paulo J\u00fanior (PV). O PL aprovado em 2023 prev\u00ea que os pagamentos de taxas do Departamento Estadual de Tr\u00e2nsito de Sergipe (Detran\/SE) agora podem ser feitos via pix, cr\u00e9dito ou d\u00e9bito. \u201cAntes os pagamentos s\u00f3 podiam ser feitos com dinheiro em esp\u00e9cie, agora entrou novas modalidades de pagamento. O que garante mais seguran\u00e7a, conforto e comodidade aos usu\u00e1rios do servi\u00e7o e traz mais modernidade ao Detran\/SE\u201d, declarou o governador F\u00e1bio Mitidieiri. Fonte: Alese Link da mat\u00e9ria aqui<\/p>\n","protected":false},"author":1,"featured_media":1695,"comment_status":"open","ping_status":"open","sticky":false,"template":"","format":"standard","meta":{"footnotes":""},"categories":[116],"tags":[38],"class_list":["post-1693","post","type-post","status-publish","format-standard","has-post-thumbnail","hentry","category-governo","tag-alese"],"_links":{"self":[{"href":"https:\/\/resumosergipe.com.br\/index.php?rest_route=\/wp\/v2\/posts\/1693","targetHints":{"allow":["GET"]}}],"collection":[{"href":"https:\/\/resumosergipe.com.br\/index.php?rest_route=\/wp\/v2\/posts"}],"about":[{"href":"https:\/\/resumosergipe.com.br\/index.php?rest_route=\/wp\/v2\/types\/post"}],"author":[{"embeddable":true,"href":"https:\/\/resumosergipe.com.br\/index.php?rest_route=\/wp\/v2\/users\/1"}],"replies":[{"embeddable":true,"href":"https:\/\/resumosergipe.com.br\/index.php?rest_route=%2Fwp%2Fv2%2Fcomments&post=1693"}],"version-history":[{"count":1,"href":"https:\/\/resumosergipe.com.br\/index.php?rest_route=\/wp\/v2\/posts\/1693\/revisions"}],"predecessor-version":[{"id":1694,"href":"https:\/\/resumosergipe.com.br\/index.php?rest_route=\/wp\/v2\/posts\/1693\/revisions\/1694"}],"wp:featuredmedia":[{"embeddable":true,"href":"https:\/\/resumosergipe.com.br\/index.php?rest_route=\/wp\/v2\/media\/1695"}],"wp:attachment":[{"href":"https:\/\/resumosergipe.com.br\/index.php?rest_route=%2Fwp%2Fv2%2Fmedia&parent=1693"}],"wp:term":[{"taxonomy":"category","embeddable":true,"href":"https:\/\/resumosergipe.com.br\/index.php?rest_route=%2Fwp%2Fv2%2Fcategories&post=1693"},{"taxonomy":"post_tag","embeddable":true,"href":"https:\/\/resumosergipe.com.br\/index.php?rest_route=%2Fwp%2Fv2%2Ftags&post=1693"}],"curies":[{"name":"wp","href":"https:\/\/api.w.org\/{rel}","templated":true}]}}