{"id":1753,"date":"2024-02-27T05:53:25","date_gmt":"2024-02-27T08:53:25","guid":{"rendered":"https:\/\/resumosergipe.com.br\/?p=1753"},"modified":"2024-02-27T05:53:25","modified_gmt":"2024-02-27T08:53:25","slug":"sefaz-realizara-prestacao-de-contas-do-3-quadrimestre-de-2023","status":"publish","type":"post","link":"https:\/\/resumosergipe.com.br\/?p=1753","title":{"rendered":"Sefaz realizar\u00e1 presta\u00e7\u00e3o de contas do 3\u00b0 quadrimestre de 2023"},"content":{"rendered":"\n<p>A Secret\u00e1ria de Estado da Fazenda (Sefaz) Sarah Tarsila Ara\u00fajo Andreozzi\u200b ir\u00e1 realizar nesta quarta-feira (28), \u00e0s 11h, um balan\u00e7o das a\u00e7\u00f5es da pasta na Sala das Comiss\u00f5es da Assembleia Legislativa do Estado de Sergipe (Alese).<\/p>\n\n\n\n<p>Na oportunidade, a Secret\u00e1ria far\u00e1 explica\u00e7\u00f5es sobre o cen\u00e1rio atual das arrecada\u00e7\u00f5es e investimentos do estado, visando o equil\u00edbrio fiscal em Sergipe. A gestora ainda falar\u00e1 sobre repasses do Governo Federal.<\/p>\n\n\n\n<p><strong>Servi\u00e7o<\/strong><\/p>\n\n\n\n<p><strong>O qu\u00ea:<\/strong>&nbsp;presta\u00e7\u00e3o de contas do 3\u00b0 quadrimestre de 2023 da Sefaz<\/p>\n\n\n\n<p><strong>Quando:<\/strong>&nbsp;Dia 28 (quarta-feira)<\/p>\n\n\n\n<p><strong>Onde:<\/strong>&nbsp;Sala das Comiss\u00f5es da Alese<\/p>\n\n\n\n<p><strong>Hor\u00e1rio:&nbsp;<\/strong>&nbsp;11h<\/p>\n","protected":false},"excerpt":{"rendered":"<p>A Secret\u00e1ria de Estado da Fazenda (Sefaz) Sarah Tarsila Ara\u00fajo Andreozzi\u200b ir\u00e1 realizar nesta quarta-feira (28), \u00e0s 11h, um balan\u00e7o das a\u00e7\u00f5es da pasta na Sala das Comiss\u00f5es da Assembleia Legislativa do Estado de Sergipe (Alese). Na oportunidade, a Secret\u00e1ria far\u00e1 explica\u00e7\u00f5es sobre o cen\u00e1rio atual das arrecada\u00e7\u00f5es e investimentos do estado, visando o equil\u00edbrio fiscal em Sergipe. A gestora ainda falar\u00e1 sobre repasses do Governo Federal. Servi\u00e7o O qu\u00ea:&nbsp;presta\u00e7\u00e3o de contas do 3\u00b0 quadrimestre de 2023 da Sefaz Quando:&nbsp;Dia 28 (quarta-feira) Onde:&nbsp;Sala das Comiss\u00f5es da Alese Hor\u00e1rio:&nbsp;&nbsp;11h<\/p>\n","protected":false},"author":1,"featured_media":1754,"comment_status":"open","ping_status":"open","sticky":false,"template":"","format":"standard","meta":{"footnotes":""},"categories":[116],"tags":[38],"class_list":["post-1753","post","type-post","status-publish","format-standard","has-post-thumbnail","hentry","category-governo","tag-alese"],"_links":{"self":[{"href":"https:\/\/resumosergipe.com.br\/index.php?rest_route=\/wp\/v2\/posts\/1753","targetHints":{"allow":["GET"]}}],"collection":[{"href":"https:\/\/resumosergipe.com.br\/index.php?rest_route=\/wp\/v2\/posts"}],"about":[{"href":"https:\/\/resumosergipe.com.br\/index.php?rest_route=\/wp\/v2\/types\/post"}],"author":[{"embeddable":true,"href":"https:\/\/resumosergipe.com.br\/index.php?rest_route=\/wp\/v2\/users\/1"}],"replies":[{"embeddable":true,"href":"https:\/\/resumosergipe.com.br\/index.php?rest_route=%2Fwp%2Fv2%2Fcomments&post=1753"}],"version-history":[{"count":1,"href":"https:\/\/resumosergipe.com.br\/index.php?rest_route=\/wp\/v2\/posts\/1753\/revisions"}],"predecessor-version":[{"id":1755,"href":"https:\/\/resumosergipe.com.br\/index.php?rest_route=\/wp\/v2\/posts\/1753\/revisions\/1755"}],"wp:featuredmedia":[{"embeddable":true,"href":"https:\/\/resumosergipe.com.br\/index.php?rest_route=\/wp\/v2\/media\/1754"}],"wp:attachment":[{"href":"https:\/\/resumosergipe.com.br\/index.php?rest_route=%2Fwp%2Fv2%2Fmedia&parent=1753"}],"wp:term":[{"taxonomy":"category","embeddable":true,"href":"https:\/\/resumosergipe.com.br\/index.php?rest_route=%2Fwp%2Fv2%2Fcategories&post=1753"},{"taxonomy":"post_tag","embeddable":true,"href":"https:\/\/resumosergipe.com.br\/index.php?rest_route=%2Fwp%2Fv2%2Ftags&post=1753"}],"curies":[{"name":"wp","href":"https:\/\/api.w.org\/{rel}","templated":true}]}}