{"id":1805,"date":"2024-03-11T06:08:24","date_gmt":"2024-03-11T09:08:24","guid":{"rendered":"https:\/\/resumosergipe.com.br\/?p=1805"},"modified":"2024-03-11T06:08:24","modified_gmt":"2024-03-11T09:08:24","slug":"vila-da-pascoa-iluminada-tem-opcoes-de-lazer-para-toda-a-familia","status":"publish","type":"post","link":"https:\/\/resumosergipe.com.br\/?p=1805","title":{"rendered":"Vila da P\u00e1scoa Iluminada tem op\u00e7\u00f5es de lazer para toda a fam\u00edlia"},"content":{"rendered":"\n<p>Foi sob a perspectiva de movimentar o per\u00edodo pascal na capital sergipana que o Governo do Estado pensou na Vila da P\u00e1scoa Iluminada, evento iniciado no dia 8 de mar\u00e7o e que segue at\u00e9 o dia 31 deste m\u00eas. Instalada na regi\u00e3o dos lagos da Orla de Atalaia, al\u00e9m de ter uma programa\u00e7\u00e3o cultural voltada \u00e0s tradi\u00e7\u00f5es crist\u00e3s, a vila conta com uma diversidade de op\u00e7\u00f5es de recrea\u00e7\u00e3o e divers\u00e3o para toda a fam\u00edlia.<\/p>\n\n\n\n<p>O evento \u00e9 uma realiza\u00e7\u00e3o in\u00e9dita do Governo do Estado e demonstra a preocupa\u00e7\u00e3o da gest\u00e3o estadual em garantir o acesso ao lazer para toda a popula\u00e7\u00e3o. Na vila, o p\u00fablico pode conferir decora\u00e7\u00e3o e ilumina\u00e7\u00e3o tem\u00e1ticas, capela cenogr\u00e1fica, feirinha de artesanato, \u00e1rea gastron\u00f4mica e variadas op\u00e7\u00f5es de recrea\u00e7\u00f5es infantis, incluindo brinquedos acess\u00edveis a pessoas com defici\u00eancia.<\/p>\n\n\n\n<p>Vila da P\u00e1scoa Iluminada<\/p>\n\n\n\n<p>A Vila da P\u00e1scoa \u00e9 uma realiza\u00e7\u00e3o do Governo de Sergipe, por meio da Funda\u00e7\u00e3o de Cultura e Arte Aperip\u00ea (Funcap), e Federa\u00e7\u00e3o do Com\u00e9rcio do Estado de Sergipe (Fecom\u00e9rcio\/SE), com apoio da Energisa, Brisanet e Projeto Tamar.<\/p>\n\n\n\n<p>Fonte: Governo de Sergipe<\/p>\n\n\n\n<p>Link da mat\u00e9ria <a href=\"https:\/\/www.se.gov.br\/noticias\/governo\/vila_da_pascoa_iluminada_tem_opcoes_de_lazer_para_toda_a_familia\" target=\"_blank\" rel=\"noreferrer noopener\">aqui<\/a><\/p>\n","protected":false},"excerpt":{"rendered":"<p>Foi sob a perspectiva de movimentar o per\u00edodo pascal na capital sergipana que o Governo do Estado pensou na Vila da P\u00e1scoa Iluminada, evento iniciado no dia 8 de mar\u00e7o e que segue at\u00e9 o dia 31 deste m\u00eas. Instalada na regi\u00e3o dos lagos da Orla de Atalaia, al\u00e9m de ter uma programa\u00e7\u00e3o cultural voltada \u00e0s tradi\u00e7\u00f5es crist\u00e3s, a vila conta com uma diversidade de op\u00e7\u00f5es de recrea\u00e7\u00e3o e divers\u00e3o para toda a fam\u00edlia. O evento \u00e9 uma realiza\u00e7\u00e3o in\u00e9dita do Governo do Estado e demonstra a preocupa\u00e7\u00e3o da gest\u00e3o estadual em garantir o acesso ao lazer para toda a popula\u00e7\u00e3o. Na vila, o p\u00fablico pode conferir decora\u00e7\u00e3o e ilumina\u00e7\u00e3o tem\u00e1ticas, capela cenogr\u00e1fica, feirinha de artesanato, \u00e1rea gastron\u00f4mica e variadas op\u00e7\u00f5es de recrea\u00e7\u00f5es infantis, incluindo brinquedos acess\u00edveis a pessoas com defici\u00eancia. Vila da P\u00e1scoa Iluminada A Vila da P\u00e1scoa \u00e9 uma realiza\u00e7\u00e3o do Governo de Sergipe, por meio da Funda\u00e7\u00e3o de Cultura e Arte Aperip\u00ea (Funcap), e Federa\u00e7\u00e3o do Com\u00e9rcio do Estado de Sergipe (Fecom\u00e9rcio\/SE), com apoio da Energisa, Brisanet e Projeto Tamar. Fonte: Governo de Sergipe Link da mat\u00e9ria aqui<\/p>\n","protected":false},"author":1,"featured_media":1807,"comment_status":"open","ping_status":"open","sticky":false,"template":"","format":"standard","meta":{"footnotes":""},"categories":[116],"tags":[125],"class_list":["post-1805","post","type-post","status-publish","format-standard","has-post-thumbnail","hentry","category-governo","tag-pascoa"],"_links":{"self":[{"href":"https:\/\/resumosergipe.com.br\/index.php?rest_route=\/wp\/v2\/posts\/1805","targetHints":{"allow":["GET"]}}],"collection":[{"href":"https:\/\/resumosergipe.com.br\/index.php?rest_route=\/wp\/v2\/posts"}],"about":[{"href":"https:\/\/resumosergipe.com.br\/index.php?rest_route=\/wp\/v2\/types\/post"}],"author":[{"embeddable":true,"href":"https:\/\/resumosergipe.com.br\/index.php?rest_route=\/wp\/v2\/users\/1"}],"replies":[{"embeddable":true,"href":"https:\/\/resumosergipe.com.br\/index.php?rest_route=%2Fwp%2Fv2%2Fcomments&post=1805"}],"version-history":[{"count":1,"href":"https:\/\/resumosergipe.com.br\/index.php?rest_route=\/wp\/v2\/posts\/1805\/revisions"}],"predecessor-version":[{"id":1806,"href":"https:\/\/resumosergipe.com.br\/index.php?rest_route=\/wp\/v2\/posts\/1805\/revisions\/1806"}],"wp:featuredmedia":[{"embeddable":true,"href":"https:\/\/resumosergipe.com.br\/index.php?rest_route=\/wp\/v2\/media\/1807"}],"wp:attachment":[{"href":"https:\/\/resumosergipe.com.br\/index.php?rest_route=%2Fwp%2Fv2%2Fmedia&parent=1805"}],"wp:term":[{"taxonomy":"category","embeddable":true,"href":"https:\/\/resumosergipe.com.br\/index.php?rest_route=%2Fwp%2Fv2%2Fcategories&post=1805"},{"taxonomy":"post_tag","embeddable":true,"href":"https:\/\/resumosergipe.com.br\/index.php?rest_route=%2Fwp%2Fv2%2Ftags&post=1805"}],"curies":[{"name":"wp","href":"https:\/\/api.w.org\/{rel}","templated":true}]}}