{"id":1817,"date":"2024-03-13T05:56:29","date_gmt":"2024-03-13T08:56:29","guid":{"rendered":"https:\/\/resumosergipe.com.br\/?p=1817"},"modified":"2024-03-13T05:56:29","modified_gmt":"2024-03-13T08:56:29","slug":"segunda-edicao-do-sergipe-day-discute-oportunidades-sobre-oleo-e-gas-em-sergipe","status":"publish","type":"post","link":"https:\/\/resumosergipe.com.br\/?p=1817","title":{"rendered":"Segunda edi\u00e7\u00e3o do Sergipe Day discute oportunidades sobre \u00f3leo e g\u00e1s em Sergipe"},"content":{"rendered":"\n<p>Nesta ter\u00e7a-feira, 12, ocorreu no Centro Cultural FGV, localizado no Rio de Janeiro, a 2\u00aa edi\u00e7\u00e3o do Sergipe Day, evento de relev\u00e2ncia nacional, sendo um dos grandes f\u00f3runs de debate sobre as potencialidades e oportunidades, com foco no setor de \u00f3leo e g\u00e1s, em Sergipe. A secret\u00e1ria de Estado da Assist\u00eancia Social, Inclus\u00e3o e Cidadania de Sergipe e primeira-dama do estado, \u00c9rica Mitidieri, esteve presente e acompanhou toda a discuss\u00e3o junto ao governador do estado, F\u00e1bio Mitidieri, e demais convidados.<\/p>\n\n\n\n<p>\u201c\u00c9 de grande import\u00e2ncia estarmos aqui para discutir o futuro do nosso estado e das nossas fontes de energia. A partir do que \u00e9 apresentado conseguimos ter uma dimens\u00e3o da nossa fun\u00e7\u00e3o no mundo e como Sergipe pode avan\u00e7ar cada vez mais junto com todo o Brasil\u201d, destaca a primeira-dama, \u00c9rica Mitidieri.<\/p>\n\n\n\n<p>O evento trouxe maior visibilidade \u00e0s oportunidades existentes no estado a partir das atividades do setor de petr\u00f3leo e g\u00e1s, al\u00e9m de atrair investimentos que promovam o desenvolvimento econ\u00f4mico de Sergipe.<\/p>\n\n\n\n<p>A programa\u00e7\u00e3o seguiu manh\u00e3 e tarde, com algumas explica\u00e7\u00f5es nos pain\u00e9is sobre o diagn\u00f3stico do g\u00e1s no pa\u00eds atualmente e o crescimento promissor de Sergipe no segmento. Al\u00e9m disso, estiveram presentes personalidades atuantes no setor energ\u00e9tico e de institui\u00e7\u00f5es do Governo Federal, como a Ag\u00eancia Nacional do Petr\u00f3leo, G\u00e1s Natural e Biocombust\u00edveis (ANP), a Empresa de Pesquisa Energ\u00e9tica (EPE) e o Minist\u00e9rio de Minas e Energia (MME).<\/p>\n\n\n\n<p>Al\u00e9m destes, o evento teve patroc\u00ednio da Eneva, TAG, Banco do Nordeste, Carmo Energy, Commit G\u00e1s, VLI Log\u00edstica, Diamante Energia e (re)energisa.<\/p>\n\n\n\n<p>Fonte: Governo do Estado<\/p>\n","protected":false},"excerpt":{"rendered":"<p>Nesta ter\u00e7a-feira, 12, ocorreu no Centro Cultural FGV, localizado no Rio de Janeiro, a 2\u00aa edi\u00e7\u00e3o do Sergipe Day, evento de relev\u00e2ncia nacional, sendo um dos grandes f\u00f3runs de debate sobre as potencialidades e oportunidades, com foco no setor de \u00f3leo e g\u00e1s, em Sergipe. A secret\u00e1ria de Estado da Assist\u00eancia Social, Inclus\u00e3o e Cidadania de Sergipe e primeira-dama do estado, \u00c9rica Mitidieri, esteve presente e acompanhou toda a discuss\u00e3o junto ao governador do estado, F\u00e1bio Mitidieri, e demais convidados. \u201c\u00c9 de grande import\u00e2ncia estarmos aqui para discutir o futuro do nosso estado e das nossas fontes de energia. A partir do que \u00e9 apresentado conseguimos ter uma dimens\u00e3o da nossa fun\u00e7\u00e3o no mundo e como Sergipe pode avan\u00e7ar cada vez mais junto com todo o Brasil\u201d, destaca a primeira-dama, \u00c9rica Mitidieri. O evento trouxe maior visibilidade \u00e0s oportunidades existentes no estado a partir das atividades do setor de petr\u00f3leo e g\u00e1s, al\u00e9m de atrair investimentos que promovam o desenvolvimento econ\u00f4mico de Sergipe. A programa\u00e7\u00e3o seguiu manh\u00e3 e tarde, com algumas explica\u00e7\u00f5es nos pain\u00e9is sobre o diagn\u00f3stico do g\u00e1s no pa\u00eds atualmente e o crescimento promissor de Sergipe no segmento. Al\u00e9m disso, estiveram presentes personalidades atuantes no setor energ\u00e9tico e de institui\u00e7\u00f5es do Governo Federal, como a Ag\u00eancia Nacional do Petr\u00f3leo, G\u00e1s Natural e Biocombust\u00edveis (ANP), a Empresa de Pesquisa Energ\u00e9tica (EPE) e o Minist\u00e9rio de Minas e Energia (MME). Al\u00e9m destes, o evento teve patroc\u00ednio da Eneva, TAG, Banco do Nordeste, Carmo Energy, Commit G\u00e1s, VLI Log\u00edstica, Diamante Energia e (re)energisa. Fonte: Governo do Estado<\/p>\n","protected":false},"author":1,"featured_media":1818,"comment_status":"open","ping_status":"open","sticky":false,"template":"","format":"standard","meta":{"footnotes":""},"categories":[116],"tags":[117],"class_list":["post-1817","post","type-post","status-publish","format-standard","has-post-thumbnail","hentry","category-governo","tag-desenvolvimento"],"_links":{"self":[{"href":"https:\/\/resumosergipe.com.br\/index.php?rest_route=\/wp\/v2\/posts\/1817","targetHints":{"allow":["GET"]}}],"collection":[{"href":"https:\/\/resumosergipe.com.br\/index.php?rest_route=\/wp\/v2\/posts"}],"about":[{"href":"https:\/\/resumosergipe.com.br\/index.php?rest_route=\/wp\/v2\/types\/post"}],"author":[{"embeddable":true,"href":"https:\/\/resumosergipe.com.br\/index.php?rest_route=\/wp\/v2\/users\/1"}],"replies":[{"embeddable":true,"href":"https:\/\/resumosergipe.com.br\/index.php?rest_route=%2Fwp%2Fv2%2Fcomments&post=1817"}],"version-history":[{"count":1,"href":"https:\/\/resumosergipe.com.br\/index.php?rest_route=\/wp\/v2\/posts\/1817\/revisions"}],"predecessor-version":[{"id":1819,"href":"https:\/\/resumosergipe.com.br\/index.php?rest_route=\/wp\/v2\/posts\/1817\/revisions\/1819"}],"wp:featuredmedia":[{"embeddable":true,"href":"https:\/\/resumosergipe.com.br\/index.php?rest_route=\/wp\/v2\/media\/1818"}],"wp:attachment":[{"href":"https:\/\/resumosergipe.com.br\/index.php?rest_route=%2Fwp%2Fv2%2Fmedia&parent=1817"}],"wp:term":[{"taxonomy":"category","embeddable":true,"href":"https:\/\/resumosergipe.com.br\/index.php?rest_route=%2Fwp%2Fv2%2Fcategories&post=1817"},{"taxonomy":"post_tag","embeddable":true,"href":"https:\/\/resumosergipe.com.br\/index.php?rest_route=%2Fwp%2Fv2%2Ftags&post=1817"}],"curies":[{"name":"wp","href":"https:\/\/api.w.org\/{rel}","templated":true}]}}