{"id":1835,"date":"2024-03-18T12:02:28","date_gmt":"2024-03-18T15:02:28","guid":{"rendered":"https:\/\/resumosergipe.com.br\/?p=1835"},"modified":"2024-03-18T12:02:28","modified_gmt":"2024-03-18T15:02:28","slug":"aracaju-169-anos-publico-lota-orla-da-atalaia-para-acompanhar-apresentacao-da-esquadrilha-da-fumaca","status":"publish","type":"post","link":"https:\/\/resumosergipe.com.br\/?p=1835","title":{"rendered":"Aracaju 169 anos: p\u00fablico lota Orla da Atalaia para acompanhar apresenta\u00e7\u00e3o da Esquadrilha da Fuma\u00e7a"},"content":{"rendered":"\n<p>Aracajuanos e turistas tiveram uma experi\u00eancia \u00fanica neste domingo, 17, ao presenciarem a apresenta\u00e7\u00e3o da Esquadrilha da Fuma\u00e7a, realizada na Orla Atalaia. Promovido pela Prefeitura de Aracaju, em parceria com o Governo de Sergipe e a Federa\u00e7\u00e3o do Com\u00e9rcio de Bens, Servi\u00e7os e Turismo de Sergipe (Fecom\u00e9rcio\/SE), o evento abrilhantou ainda mais a programa\u00e7\u00e3o de anivers\u00e1rio dos 169 anos da capital. O momento era mais do que aguardado, j\u00e1 que havia seis anos que Aracaju n\u00e3o recebia a Esquadrilha da Fuma\u00e7a, que possui em sua equipe um piloto aracajuano, o capit\u00e3o aviador Andr\u00e9 Nery Bezerra.<\/p>\n\n\n\n<p>Sete aeronaves deram um verdadeiro show, rasgando os c\u00e9us de Aracaju em uma exibi\u00e7\u00e3o de habilidades de voo, encantando e deixando boquiabertos todos que prestigiaram o evento. Cada manobra a\u00e9rea realizada pelo Esquadr\u00e3o de Demonstra\u00e7\u00e3o A\u00e9rea, conhecido popularmente como Esquadrilha da Fuma\u00e7a, demonstrou a agilidade e a compet\u00eancia dos pilotos da For\u00e7a A\u00e9rea Brasileira (FAB).<\/p>\n\n\n\n<p>O secret\u00e1rio municipal da Defesa Social e da Cidadania, tenente-coronel Silvio Prado, destaca que a apresenta\u00e7\u00e3o foi um verdadeiro presente da For\u00e7a A\u00e9rea Brasileira neste 17 de mar\u00e7o, quando Aracaju completa 169 anos de hist\u00f3ria. Ele ressalta ainda que a Prefeitura esteve presente em todo o planejamento operacional da log\u00edstica que foi dada \u00e0 popula\u00e7\u00e3o.<\/p>\n\n\n\n<p>\u201cToda a parte log\u00edstica de tr\u00e2nsito, de banheiros qu\u00edmicos, a parte t\u00e9cnica com a Defesa Civil orientando as \u00e1reas em que a popula\u00e7\u00e3o deveria ficar com seguran\u00e7a. Tudo isso foi necess\u00e1rio no planejamento operacional para que o evento fosse dessa magnitude e com total seguran\u00e7a. A popula\u00e7\u00e3o veio, assistiu a apresenta\u00e7\u00e3o e retornou para suas casas com toda a seguran\u00e7a promovida pela Prefeitura e, obviamente, com todo o apoio do Governo do Estado, com o Corpo de Bombeiros, Pol\u00edcia Militar, Pol\u00edcia Civil, todo o aparato do Estado unido com a administra\u00e7\u00e3o municipal para dar esse presente a toda a popula\u00e7\u00e3o aracajuana\u201d, disse.<\/p>\n\n\n\n<p>Um dos pilotos da Esquadrilha da Fuma\u00e7a da For\u00e7a A\u00e9rea Brasileira, o major Bittencourt, falou um pouco sobre o espet\u00e1culo apresentado. \u201cPara a gente \u00e9 uma oportunidade \u00edmpar estar aqui, n\u00e3o v\u00edamos aqui desde 2018. O Brasil \u00e9 um pa\u00eds continental, ent\u00e3o estarmos em diversos lugares \u00e9 como o passar do tempo. Para a gente \u00e9 um motivo de muito orgulho e muita honra estar aqui, ainda mais neste dia especial, que \u00e9 o anivers\u00e1rio da cidade. E trazer a For\u00e7a A\u00e9rea Brasileira para bem perto do p\u00fablico, nesta tarde aqui, foi emocionante. A gente mostra que a For\u00e7a A\u00e9rea Brasileira sempre vai estar presente onde o povo brasileiro precisar\u201d, afirmou.<\/p>\n\n\n\n<p>Fonte: Prefeitura de Aracaju<\/p>\n","protected":false},"excerpt":{"rendered":"<p>Aracajuanos e turistas tiveram uma experi\u00eancia \u00fanica neste domingo, 17, ao presenciarem a apresenta\u00e7\u00e3o da Esquadrilha da Fuma\u00e7a, realizada na Orla Atalaia. Promovido pela Prefeitura de Aracaju, em parceria com o Governo de Sergipe e a Federa\u00e7\u00e3o do Com\u00e9rcio de Bens, Servi\u00e7os e Turismo de Sergipe (Fecom\u00e9rcio\/SE), o evento abrilhantou ainda mais a programa\u00e7\u00e3o de anivers\u00e1rio dos 169 anos da capital. O momento era mais do que aguardado, j\u00e1 que havia seis anos que Aracaju n\u00e3o recebia a Esquadrilha da Fuma\u00e7a, que possui em sua equipe um piloto aracajuano, o capit\u00e3o aviador Andr\u00e9 Nery Bezerra. Sete aeronaves deram um verdadeiro show, rasgando os c\u00e9us de Aracaju em uma exibi\u00e7\u00e3o de habilidades de voo, encantando e deixando boquiabertos todos que prestigiaram o evento. Cada manobra a\u00e9rea realizada pelo Esquadr\u00e3o de Demonstra\u00e7\u00e3o A\u00e9rea, conhecido popularmente como Esquadrilha da Fuma\u00e7a, demonstrou a agilidade e a compet\u00eancia dos pilotos da For\u00e7a A\u00e9rea Brasileira (FAB). O secret\u00e1rio municipal da Defesa Social e da Cidadania, tenente-coronel Silvio Prado, destaca que a apresenta\u00e7\u00e3o foi um verdadeiro presente da For\u00e7a A\u00e9rea Brasileira neste 17 de mar\u00e7o, quando Aracaju completa 169 anos de hist\u00f3ria. Ele ressalta ainda que a Prefeitura esteve presente em todo o planejamento operacional da log\u00edstica que foi dada \u00e0 popula\u00e7\u00e3o. \u201cToda a parte log\u00edstica de tr\u00e2nsito, de banheiros qu\u00edmicos, a parte t\u00e9cnica com a Defesa Civil orientando as \u00e1reas em que a popula\u00e7\u00e3o deveria ficar com seguran\u00e7a. Tudo isso foi necess\u00e1rio no planejamento operacional para que o evento fosse dessa magnitude e com total seguran\u00e7a. A popula\u00e7\u00e3o veio, assistiu a apresenta\u00e7\u00e3o e retornou para suas casas com toda a seguran\u00e7a promovida pela Prefeitura e, obviamente, com todo o apoio do Governo do Estado, com o Corpo de Bombeiros, Pol\u00edcia Militar, Pol\u00edcia Civil, todo o aparato do Estado unido com a administra\u00e7\u00e3o municipal para dar esse presente a toda a popula\u00e7\u00e3o aracajuana\u201d, disse. Um dos pilotos da Esquadrilha da Fuma\u00e7a da For\u00e7a A\u00e9rea Brasileira, o major Bittencourt, falou um pouco sobre o espet\u00e1culo apresentado. \u201cPara a gente \u00e9 uma oportunidade \u00edmpar estar aqui, n\u00e3o v\u00edamos aqui desde 2018. O Brasil \u00e9 um pa\u00eds continental, ent\u00e3o estarmos em diversos lugares \u00e9 como o passar do tempo. Para a gente \u00e9 um motivo de muito orgulho e muita honra estar aqui, ainda mais neste dia especial, que \u00e9 o anivers\u00e1rio da cidade. E trazer a For\u00e7a A\u00e9rea Brasileira para bem perto do p\u00fablico, nesta tarde aqui, foi emocionante. A gente mostra que a For\u00e7a A\u00e9rea Brasileira sempre vai estar presente onde o povo brasileiro precisar\u201d, afirmou. Fonte: Prefeitura de Aracaju<\/p>\n","protected":false},"author":1,"featured_media":1836,"comment_status":"open","ping_status":"open","sticky":false,"template":"","format":"standard","meta":{"footnotes":""},"categories":[61],"tags":[129],"class_list":["post-1835","post","type-post","status-publish","format-standard","has-post-thumbnail","hentry","category-aracaju","tag-aniversario"],"_links":{"self":[{"href":"https:\/\/resumosergipe.com.br\/index.php?rest_route=\/wp\/v2\/posts\/1835","targetHints":{"allow":["GET"]}}],"collection":[{"href":"https:\/\/resumosergipe.com.br\/index.php?rest_route=\/wp\/v2\/posts"}],"about":[{"href":"https:\/\/resumosergipe.com.br\/index.php?rest_route=\/wp\/v2\/types\/post"}],"author":[{"embeddable":true,"href":"https:\/\/resumosergipe.com.br\/index.php?rest_route=\/wp\/v2\/users\/1"}],"replies":[{"embeddable":true,"href":"https:\/\/resumosergipe.com.br\/index.php?rest_route=%2Fwp%2Fv2%2Fcomments&post=1835"}],"version-history":[{"count":1,"href":"https:\/\/resumosergipe.com.br\/index.php?rest_route=\/wp\/v2\/posts\/1835\/revisions"}],"predecessor-version":[{"id":1837,"href":"https:\/\/resumosergipe.com.br\/index.php?rest_route=\/wp\/v2\/posts\/1835\/revisions\/1837"}],"wp:featuredmedia":[{"embeddable":true,"href":"https:\/\/resumosergipe.com.br\/index.php?rest_route=\/wp\/v2\/media\/1836"}],"wp:attachment":[{"href":"https:\/\/resumosergipe.com.br\/index.php?rest_route=%2Fwp%2Fv2%2Fmedia&parent=1835"}],"wp:term":[{"taxonomy":"category","embeddable":true,"href":"https:\/\/resumosergipe.com.br\/index.php?rest_route=%2Fwp%2Fv2%2Fcategories&post=1835"},{"taxonomy":"post_tag","embeddable":true,"href":"https:\/\/resumosergipe.com.br\/index.php?rest_route=%2Fwp%2Fv2%2Ftags&post=1835"}],"curies":[{"name":"wp","href":"https:\/\/api.w.org\/{rel}","templated":true}]}}