{"id":1895,"date":"2024-04-03T06:02:43","date_gmt":"2024-04-03T09:02:43","guid":{"rendered":"https:\/\/resumosergipe.com.br\/?p=1895"},"modified":"2024-04-03T06:02:43","modified_gmt":"2024-04-03T09:02:43","slug":"conscientizacao-lidiane-lucena-apresenta-discurso-emocionante-sobre-autismo","status":"publish","type":"post","link":"https:\/\/resumosergipe.com.br\/?p=1895","title":{"rendered":"Conscientiza\u00e7\u00e3o: Lidiane Lucena apresenta discurso emocionante sobre autismo"},"content":{"rendered":"\n<p>No Dia Mundial de Conscientiza\u00e7\u00e3o do Autismo, comemorado durante toda esta ter\u00e7a-feira (02), a deputada estadual Lidiane Lucena (Republicanos) ocupou a tribuna de honra da Assembleia Legislativa do Estado de Sergipe (Alese), com a miss\u00e3o de reverenciar a data, bem como proferir um discurso emocionado voltado para um filho, e para todas as fam\u00edlias com diagnostico para o Transtorno do Espectro Autista (TEA). Pela Organiza\u00e7\u00e3o Mundial da Sa\u00fade (OMS), este transtorno trata-se de um dist\u00farbio do neurodesenvolvimento caracterizado por desenvolvimento at\u00edpico, manifesta\u00e7\u00f5es comportamentais, d\u00e9ficits na comunica\u00e7\u00e3o e na intera\u00e7\u00e3o social, padr\u00f5es de comportamentos repetitivos e estereotipados, podendo apresentar um repert\u00f3rio restrito de interesses e atividades.<\/p>\n\n\n\n<p>O Minist\u00e9rio da Sa\u00fade esclarece que, na maioria dos casos, os sinais de alerta no neurodesenvolvimento da crian\u00e7a podem ser percebidos nos primeiros meses de vida, sendo o diagn\u00f3stico estabelecido por volta dos 2 a 3 anos de idade. A preval\u00eancia \u00e9 maior no sexo masculino. A identifica\u00e7\u00e3o de atrasos no desenvolvimento, o diagn\u00f3stico oportuno de TEA e encaminhamento para interven\u00e7\u00f5es comportamentais e apoio educacional na idade mais precoce poss\u00edvel, pode levar a melhores resultados a longo prazo, considerando a neuroplasticidade cerebral. Desde o momento da respectiva posse como legisladora estadual \u2013 em fevereiro do ano passado \u2013, Lidiane Lucena tem impulsionado o trabalho voltado para as reflex\u00f5es sobre essa condi\u00e7\u00e3o, a qual n\u00e3o se trata de uma doen\u00e7a.<\/p>\n\n\n\n<p>\u201cDevo record\u00e1-los que h\u00e1 um ano estive aqui neste mesmo plen\u00e1rio, nesta mesma tribuna, para falar sobre esse tema. E h\u00e1 um ano eu disse para voc\u00eas que o diagn\u00f3stico de autismo do meu filho do meio, Francisco, havia sido descartado. Pois bem, de l\u00e1 para c\u00e1, continuei observando todas as \u00e1reas de desenvolvimento do meu filho e prossegui em busca de um diagn\u00f3stico. \u00c9 por isso que eu digo que informa\u00e7\u00e3o nesse momento \u00e9 primordial. N\u00f3s precisamos de profissionais de sa\u00fade preparados para a realiza\u00e7\u00e3o do diagn\u00f3stico do autismo, n\u00f3s precisamos de tratamentos adequados para as nossas crian\u00e7as, n\u00f3s precisamos promover a real inclus\u00e3o dentro do ambiente escolar, n\u00f3s precisamos preparar a sociedade porque o n\u00famero de pessoas autistas diagnosticadas tem aumentado substancialmente, tanto entre crian\u00e7as como tamb\u00e9m entre adultos\u201d, destacou.<\/p>\n\n\n\n<p>Carta aberta<\/p>\n\n\n\n<p>Emocionada e consciente que a sua hist\u00f3ria pode inspirar fam\u00edlias sergipanas a buscar por atendimento especializado de forma breve, a deputada pediu licen\u00e7a aos parlamentares que comp\u00f5em a 20\u00aa Legislatura para apresentar ao filho, uma mensagem p\u00fablica: \u201cEu lembro de tudo de voc\u00ea. Lembro dos dois tracinhos mostrando o positivo no teste de gravidez. Lembro de quando ouvi seu primeiro chorinho e do amor avassalador que veio com voc\u00ea. Lembro do primeiro \u201cmam\u00e3\u201d, lembro de quando voc\u00ea bateu palminha e de quando voc\u00ea andou pela primeira vez. E eu espero que voc\u00ea lembre de todos os meus olhares cheios de alegria e amor direcionados a voc\u00ea. Eu sempre vou te entender, filho, mesmo que as vezes, o mundo l\u00e1 fora n\u00e3o entenda\u201d.<\/p>\n\n\n\n<p>Lidiane Lucena revelou sobre o momento em que identificou ind\u00edcios do transtorno do neurodesenvolvimento: \u201ceu lembro, filho, de quando deu o estalo e pensei que voc\u00ea poderia ser \u201cdiferente\u201d do que a gente v\u00ea o tempo todo. Est\u00e1vamos no anivers\u00e1rio de seu priminho e as crian\u00e7as estavam reunidas brincando e voc\u00ea estava afastado, sozinho e eu fui at\u00e9 voc\u00ea, me abaixei e disse para brincar com os amiguinhos e voc\u00ea s\u00f3 olhou para mim e continuou sentadinho jogando uma pedra na outra. Meu cora\u00e7\u00e3o sangrou ali. Sangrou e pulsou de ainda mais amor. E de dor tamb\u00e9m. N\u00e3o vou romantizar e dizer que n\u00e3o foi um susto pensar que eu teria um filho com algum transtorno do neurodesenvolvimento. Acho que ningu\u00e9m vem preparado para isso. \u201d<\/p>\n\n\n\n<p>Amor de m\u00e3e<\/p>\n\n\n\n<p>\u201cNo domingo, eu tive a maior li\u00e7\u00e3o da minha vida. E n\u00e3o poderia ter vindo de outra pessoa que n\u00e3o do meu grande professor: do meu filho. Ao falar algumas caracter\u00edsticas do TEA ao meu filho, ele me perguntou: eu sou autista, m\u00e3e!? E eu disse que sim. E eu perguntei como ele se sentiu e ele me disse: Normal! Depois de um tempinho ele me disse: \u201cmas todo mundo \u00e9 diferente do outro, u\u00e9!\u201d \u00c9 verdade, filho. E voc\u00ea s\u00f3 me ensina mais e mais a cada dia. Penso na nossa jornada e penso em seu futuro. Espero poder estar ao seu lado e numa sociedade mais justa e de fato inclusiva. Os olhares tortos incomodam. As poucas a\u00e7\u00f5es doem. Mas eu n\u00e3o vou parar. N\u00e3o podemos parar. Eu sou m\u00e3e. Sou m\u00e3e at\u00edpica. Sou a m\u00e3e de Francisco\u201d, sob intensa salva de palmas, concluiu a deputada Lidiane Lucena.<\/p>\n\n\n\n<p>Fonte: Alese<\/p>\n","protected":false},"excerpt":{"rendered":"<p>No Dia Mundial de Conscientiza\u00e7\u00e3o do Autismo, comemorado durante toda esta ter\u00e7a-feira (02), a deputada estadual Lidiane Lucena (Republicanos) ocupou a tribuna de honra da Assembleia Legislativa do Estado de Sergipe (Alese), com a miss\u00e3o de reverenciar a data, bem como proferir um discurso emocionado voltado para um filho, e para todas as fam\u00edlias com diagnostico para o Transtorno do Espectro Autista (TEA). Pela Organiza\u00e7\u00e3o Mundial da Sa\u00fade (OMS), este transtorno trata-se de um dist\u00farbio do neurodesenvolvimento caracterizado por desenvolvimento at\u00edpico, manifesta\u00e7\u00f5es comportamentais, d\u00e9ficits na comunica\u00e7\u00e3o e na intera\u00e7\u00e3o social, padr\u00f5es de comportamentos repetitivos e estereotipados, podendo apresentar um repert\u00f3rio restrito de interesses e atividades. O Minist\u00e9rio da Sa\u00fade esclarece que, na maioria dos casos, os sinais de alerta no neurodesenvolvimento da crian\u00e7a podem ser percebidos nos primeiros meses de vida, sendo o diagn\u00f3stico estabelecido por volta dos 2 a 3 anos de idade. A preval\u00eancia \u00e9 maior no sexo masculino. A identifica\u00e7\u00e3o de atrasos no desenvolvimento, o diagn\u00f3stico oportuno de TEA e encaminhamento para interven\u00e7\u00f5es comportamentais e apoio educacional na idade mais precoce poss\u00edvel, pode levar a melhores resultados a longo prazo, considerando a neuroplasticidade cerebral. Desde o momento da respectiva posse como legisladora estadual \u2013 em fevereiro do ano passado \u2013, Lidiane Lucena tem impulsionado o trabalho voltado para as reflex\u00f5es sobre essa condi\u00e7\u00e3o, a qual n\u00e3o se trata de uma doen\u00e7a. \u201cDevo record\u00e1-los que h\u00e1 um ano estive aqui neste mesmo plen\u00e1rio, nesta mesma tribuna, para falar sobre esse tema. E h\u00e1 um ano eu disse para voc\u00eas que o diagn\u00f3stico de autismo do meu filho do meio, Francisco, havia sido descartado. Pois bem, de l\u00e1 para c\u00e1, continuei observando todas as \u00e1reas de desenvolvimento do meu filho e prossegui em busca de um diagn\u00f3stico. \u00c9 por isso que eu digo que informa\u00e7\u00e3o nesse momento \u00e9 primordial. N\u00f3s precisamos de profissionais de sa\u00fade preparados para a realiza\u00e7\u00e3o do diagn\u00f3stico do autismo, n\u00f3s precisamos de tratamentos adequados para as nossas crian\u00e7as, n\u00f3s precisamos promover a real inclus\u00e3o dentro do ambiente escolar, n\u00f3s precisamos preparar a sociedade porque o n\u00famero de pessoas autistas diagnosticadas tem aumentado substancialmente, tanto entre crian\u00e7as como tamb\u00e9m entre adultos\u201d, destacou. Carta aberta Emocionada e consciente que a sua hist\u00f3ria pode inspirar fam\u00edlias sergipanas a buscar por atendimento especializado de forma breve, a deputada pediu licen\u00e7a aos parlamentares que comp\u00f5em a 20\u00aa Legislatura para apresentar ao filho, uma mensagem p\u00fablica: \u201cEu lembro de tudo de voc\u00ea. Lembro dos dois tracinhos mostrando o positivo no teste de gravidez. Lembro de quando ouvi seu primeiro chorinho e do amor avassalador que veio com voc\u00ea. Lembro do primeiro \u201cmam\u00e3\u201d, lembro de quando voc\u00ea bateu palminha e de quando voc\u00ea andou pela primeira vez. E eu espero que voc\u00ea lembre de todos os meus olhares cheios de alegria e amor direcionados a voc\u00ea. Eu sempre vou te entender, filho, mesmo que as vezes, o mundo l\u00e1 fora n\u00e3o entenda\u201d. Lidiane Lucena revelou sobre o momento em que identificou ind\u00edcios do transtorno do neurodesenvolvimento: \u201ceu lembro, filho, de quando deu o estalo e pensei que voc\u00ea poderia ser \u201cdiferente\u201d do que a gente v\u00ea o tempo todo. Est\u00e1vamos no anivers\u00e1rio de seu priminho e as crian\u00e7as estavam reunidas brincando e voc\u00ea estava afastado, sozinho e eu fui at\u00e9 voc\u00ea, me abaixei e disse para brincar com os amiguinhos e voc\u00ea s\u00f3 olhou para mim e continuou sentadinho jogando uma pedra na outra. Meu cora\u00e7\u00e3o sangrou ali. Sangrou e pulsou de ainda mais amor. E de dor tamb\u00e9m. N\u00e3o vou romantizar e dizer que n\u00e3o foi um susto pensar que eu teria um filho com algum transtorno do neurodesenvolvimento. Acho que ningu\u00e9m vem preparado para isso. \u201d Amor de m\u00e3e \u201cNo domingo, eu tive a maior li\u00e7\u00e3o da minha vida. E n\u00e3o poderia ter vindo de outra pessoa que n\u00e3o do meu grande professor: do meu filho. Ao falar algumas caracter\u00edsticas do TEA ao meu filho, ele me perguntou: eu sou autista, m\u00e3e!? E eu disse que sim. E eu perguntei como ele se sentiu e ele me disse: Normal! Depois de um tempinho ele me disse: \u201cmas todo mundo \u00e9 diferente do outro, u\u00e9!\u201d \u00c9 verdade, filho. E voc\u00ea s\u00f3 me ensina mais e mais a cada dia. Penso na nossa jornada e penso em seu futuro. Espero poder estar ao seu lado e numa sociedade mais justa e de fato inclusiva. Os olhares tortos incomodam. As poucas a\u00e7\u00f5es doem. Mas eu n\u00e3o vou parar. N\u00e3o podemos parar. Eu sou m\u00e3e. Sou m\u00e3e at\u00edpica. Sou a m\u00e3e de Francisco\u201d, sob intensa salva de palmas, concluiu a deputada Lidiane Lucena. Fonte: Alese<\/p>\n","protected":false},"author":1,"featured_media":1897,"comment_status":"open","ping_status":"open","sticky":false,"template":"","format":"standard","meta":{"footnotes":""},"categories":[4],"tags":[38],"class_list":["post-1895","post","type-post","status-publish","format-standard","has-post-thumbnail","hentry","category-politica","tag-alese"],"_links":{"self":[{"href":"https:\/\/resumosergipe.com.br\/index.php?rest_route=\/wp\/v2\/posts\/1895","targetHints":{"allow":["GET"]}}],"collection":[{"href":"https:\/\/resumosergipe.com.br\/index.php?rest_route=\/wp\/v2\/posts"}],"about":[{"href":"https:\/\/resumosergipe.com.br\/index.php?rest_route=\/wp\/v2\/types\/post"}],"author":[{"embeddable":true,"href":"https:\/\/resumosergipe.com.br\/index.php?rest_route=\/wp\/v2\/users\/1"}],"replies":[{"embeddable":true,"href":"https:\/\/resumosergipe.com.br\/index.php?rest_route=%2Fwp%2Fv2%2Fcomments&post=1895"}],"version-history":[{"count":1,"href":"https:\/\/resumosergipe.com.br\/index.php?rest_route=\/wp\/v2\/posts\/1895\/revisions"}],"predecessor-version":[{"id":1896,"href":"https:\/\/resumosergipe.com.br\/index.php?rest_route=\/wp\/v2\/posts\/1895\/revisions\/1896"}],"wp:featuredmedia":[{"embeddable":true,"href":"https:\/\/resumosergipe.com.br\/index.php?rest_route=\/wp\/v2\/media\/1897"}],"wp:attachment":[{"href":"https:\/\/resumosergipe.com.br\/index.php?rest_route=%2Fwp%2Fv2%2Fmedia&parent=1895"}],"wp:term":[{"taxonomy":"category","embeddable":true,"href":"https:\/\/resumosergipe.com.br\/index.php?rest_route=%2Fwp%2Fv2%2Fcategories&post=1895"},{"taxonomy":"post_tag","embeddable":true,"href":"https:\/\/resumosergipe.com.br\/index.php?rest_route=%2Fwp%2Fv2%2Ftags&post=1895"}],"curies":[{"name":"wp","href":"https:\/\/api.w.org\/{rel}","templated":true}]}}