{"id":1901,"date":"2024-04-04T06:03:47","date_gmt":"2024-04-04T09:03:47","guid":{"rendered":"https:\/\/resumosergipe.com.br\/?p=1901"},"modified":"2024-04-04T06:03:47","modified_gmt":"2024-04-04T09:03:47","slug":"doutor-samuel-carvalho-ressalta-importancia-de-debates-sobre-o-autismo","status":"publish","type":"post","link":"https:\/\/resumosergipe.com.br\/?p=1901","title":{"rendered":"Doutor Samuel Carvalho ressalta import\u00e2ncia de debates sobre o autismo"},"content":{"rendered":"\n<p>O deputado Doutor Samuel Carvalho (Cidadania), destacou na Sess\u00e3o Plen\u00e1ria desta quarta-feira (3), a realiza\u00e7\u00e3o de debates no plen\u00e1rio da Assembleia Legislativa do estado de Sergipe (Alese), promovidos pelo deputado Luciano Pimentel (PP), em comemora\u00e7\u00e3o ao Dia Mundial do Autismo, como parte da programa\u00e7\u00e3o da Campanha Abril Azul.<\/p>\n\n\n\n<p>\u201cA Sess\u00e3o Especial foi realizada no dia de ontem (2) pelo deputado Luciano Pimentel, contando tamb\u00e9m com a participa\u00e7\u00e3o das deputadas Linda Brasil e Lidiane Lucena e eu fiquei muito feliz com a grande quantidade de projetos de lei aprovados nesta Casa, de autoria do parlamentar que \u00e9 um grande entusiasta do tema e eu quero me colocar a sua inteira disposi\u00e7\u00e3o\u201d, ressalta.&nbsp;<\/p>\n\n\n\n<p>Doutor Samuel&nbsp; acrescentou que o colega \u00e9 hoje uma das grandes refer\u00eancias em defesa das Pessoas com Transtorno do Especto Autista (TEA). \u201cNo cen\u00e1rio pol\u00edtico, quando a gente fala sobre o autismo, a gente lembra sempre da figura do deputado Luciano Pimentel e eu quero parabeniz\u00e1-lo publicamente pela defesa que faz \u00e0s pessoas disgnosticadas com autismo\u201d, afirma.<\/p>\n\n\n\n<p>Os debates\u00a0com parlamentares, especialistas, m\u00e3es e pais at\u00edpicos destacaram a import\u00e2ncia da inclus\u00e3o, de valorizar as capacidades e respeitar os limites de cada pessoa diagnosticada com TEA.<\/p>\n\n\n\n<p>Fonte: Alese<\/p>\n","protected":false},"excerpt":{"rendered":"<p>O deputado Doutor Samuel Carvalho (Cidadania), destacou na Sess\u00e3o Plen\u00e1ria desta quarta-feira (3), a realiza\u00e7\u00e3o de debates no plen\u00e1rio da Assembleia Legislativa do estado de Sergipe (Alese), promovidos pelo deputado Luciano Pimentel (PP), em comemora\u00e7\u00e3o ao Dia Mundial do Autismo, como parte da programa\u00e7\u00e3o da Campanha Abril Azul. \u201cA Sess\u00e3o Especial foi realizada no dia de ontem (2) pelo deputado Luciano Pimentel, contando tamb\u00e9m com a participa\u00e7\u00e3o das deputadas Linda Brasil e Lidiane Lucena e eu fiquei muito feliz com a grande quantidade de projetos de lei aprovados nesta Casa, de autoria do parlamentar que \u00e9 um grande entusiasta do tema e eu quero me colocar a sua inteira disposi\u00e7\u00e3o\u201d, ressalta.&nbsp; Doutor Samuel&nbsp; acrescentou que o colega \u00e9 hoje uma das grandes refer\u00eancias em defesa das Pessoas com Transtorno do Especto Autista (TEA). \u201cNo cen\u00e1rio pol\u00edtico, quando a gente fala sobre o autismo, a gente lembra sempre da figura do deputado Luciano Pimentel e eu quero parabeniz\u00e1-lo publicamente pela defesa que faz \u00e0s pessoas disgnosticadas com autismo\u201d, afirma. Os debates\u00a0com parlamentares, especialistas, m\u00e3es e pais at\u00edpicos destacaram a import\u00e2ncia da inclus\u00e3o, de valorizar as capacidades e respeitar os limites de cada pessoa diagnosticada com TEA. Fonte: Alese<\/p>\n","protected":false},"author":1,"featured_media":1903,"comment_status":"open","ping_status":"open","sticky":false,"template":"","format":"standard","meta":{"footnotes":""},"categories":[32],"tags":[10],"class_list":["post-1901","post","type-post","status-publish","format-standard","has-post-thumbnail","hentry","category-sergipe","tag-saude"],"_links":{"self":[{"href":"https:\/\/resumosergipe.com.br\/index.php?rest_route=\/wp\/v2\/posts\/1901","targetHints":{"allow":["GET"]}}],"collection":[{"href":"https:\/\/resumosergipe.com.br\/index.php?rest_route=\/wp\/v2\/posts"}],"about":[{"href":"https:\/\/resumosergipe.com.br\/index.php?rest_route=\/wp\/v2\/types\/post"}],"author":[{"embeddable":true,"href":"https:\/\/resumosergipe.com.br\/index.php?rest_route=\/wp\/v2\/users\/1"}],"replies":[{"embeddable":true,"href":"https:\/\/resumosergipe.com.br\/index.php?rest_route=%2Fwp%2Fv2%2Fcomments&post=1901"}],"version-history":[{"count":1,"href":"https:\/\/resumosergipe.com.br\/index.php?rest_route=\/wp\/v2\/posts\/1901\/revisions"}],"predecessor-version":[{"id":1902,"href":"https:\/\/resumosergipe.com.br\/index.php?rest_route=\/wp\/v2\/posts\/1901\/revisions\/1902"}],"wp:featuredmedia":[{"embeddable":true,"href":"https:\/\/resumosergipe.com.br\/index.php?rest_route=\/wp\/v2\/media\/1903"}],"wp:attachment":[{"href":"https:\/\/resumosergipe.com.br\/index.php?rest_route=%2Fwp%2Fv2%2Fmedia&parent=1901"}],"wp:term":[{"taxonomy":"category","embeddable":true,"href":"https:\/\/resumosergipe.com.br\/index.php?rest_route=%2Fwp%2Fv2%2Fcategories&post=1901"},{"taxonomy":"post_tag","embeddable":true,"href":"https:\/\/resumosergipe.com.br\/index.php?rest_route=%2Fwp%2Fv2%2Ftags&post=1901"}],"curies":[{"name":"wp","href":"https:\/\/api.w.org\/{rel}","templated":true}]}}