{"id":1911,"date":"2024-04-08T05:56:06","date_gmt":"2024-04-08T08:56:06","guid":{"rendered":"https:\/\/resumosergipe.com.br\/?p=1911"},"modified":"2024-04-08T06:05:42","modified_gmt":"2024-04-08T09:05:42","slug":"pais-e-filhos-participam-do-1o-encontro-do-ipesaude-voltado-para-integracao-das-familias-atipicas","status":"publish","type":"post","link":"https:\/\/resumosergipe.com.br\/?p=1911","title":{"rendered":"Pais e filhos participam do 1\u00ba Encontro do Ipesa\u00fade das fam\u00edlias at\u00edpicas"},"content":{"rendered":"\n<p>Na manh\u00e3 deste s\u00e1bado, 6, o Ipesa\u00fade realizou o 1\u00ba Encontro de Pais e Filhos no Centro de Reabilita\u00e7\u00e3o Maria Virginia Franco, em comemora\u00e7\u00e3o ao Dia Mundial de Conscientiza\u00e7\u00e3o do Autismo. O evento incluiu diversas a\u00e7\u00f5es&nbsp;especialmente planejadas para as crian\u00e7as, al\u00e9m de&nbsp;palestra&nbsp;e atividades direcionadas aos pais para orienta\u00e7\u00e3o e integra\u00e7\u00e3o das fam\u00edlias.<\/p>\n\n\n\n<p>Os benefici\u00e1rios infanto-juvenis participaram de uma variedade de oficinas, incluindo arteterapia, prepara\u00e7\u00e3o de biscoitos, brincadeiras, modelagem de massinha e sess\u00f5es de camarim com pintura da face e cabelos, conduzidas por psicopedagogos, terapeutas ocupacionais e profissionais convidados. Enquanto isso, os pais foram recebidos pela&nbsp;psic\u00f3loga&nbsp;Myllena Sampaio e puderam desfrutar de atividades como massoterapia, reiki, auriculoterapia e maquiagem.<\/p>\n\n\n\n<p>Para a coordenadora do Centro de Reabilita\u00e7\u00e3o, M\u00e1rcia Fonseca, o evento trouxe aspectos importantes sobre o acompanhamento e o suporte necess\u00e1rio para o desenvolvimento das crian\u00e7as e adolescentes com Transtorno do Espectro Autista (TEA). &#8220;A tem\u00e1tica \u00e9 de grande relev\u00e2ncia, pois \u00e9 provado cientificamente que a realiza\u00e7\u00e3o dessas din\u00e2micas podem trazer in\u00fameros benef\u00edcios para a sa\u00fade mental, al\u00e9m de proporcionar momentos de socializa\u00e7\u00e3o e promo\u00e7\u00e3o do desenvolvimento psicol\u00f3gico e cognitivo, t\u00e3o importante para todos, em especial aos autistas&#8221;, destacou.<\/p>\n\n\n\n<p>J\u00e1 a diretora de Promo\u00e7\u00e3o \u00e0 Sa\u00fade do Ipesa\u00fade, Priscila Kitawara,&nbsp;acrescenta&nbsp;a import\u00e2ncia das din\u00e2micas ao proporcionar a aproxima\u00e7\u00e3o dos envolvidos. \u201cEssa foi uma iniciativa pensada por uma das Unidades do Ipesa\u00fade para promover a integra\u00e7\u00e3o dos benefici\u00e1rios com TEA&nbsp;e seus pais com a sociedade. Isso faz com que as pessoas conhe\u00e7am o que \u00e9 o TEA, reconhe\u00e7am, incluam e respeitem os autistas\u201d, contou.<\/p>\n\n\n\n<p>Uma das oficinas que chamou a aten\u00e7\u00e3o das crian\u00e7as foi a de Arteterapia, conduzida pelo professor de desenho Valmir Ramos. Ele destaca que o desenho n\u00e3o s\u00f3 alivia o estresse, mas tamb\u00e9m promove a concentra\u00e7\u00e3o, a postura adequada, a coordena\u00e7\u00e3o motora e a autoestima das crian\u00e7as. &#8220;O ato de desenhar \u00e9 uma forma de express\u00e3o muito poderosa. Al\u00e9m de proporcionar um momento de relaxamento, permite que as crian\u00e7as explorem suas emo\u00e7\u00f5es e desenvolvam habilidades importantes&#8221;, explicou&nbsp;o professor.<\/p>\n\n\n\n<p>Jo\u00e3o Guilherme, de oito anos, foi uma das crian\u00e7as que participou das oficinas de desenho e massinha, enquanto seu pai, o policial militar Marlon Bispo,&nbsp;acompanhou&nbsp;a palestra da psic\u00f3loga. Marlon conta&nbsp;que Guilherme frequenta a reabilita\u00e7\u00e3o h\u00e1 seis anos e salienta&nbsp;a import\u00e2ncia das terapias para seu filho. &#8220;Guilherme&nbsp;faz acompanhamento com psic\u00f3logo, psicopedagogo e fonoaudi\u00f3logo. As terapias t\u00eam um papel fundamental no desenvolvimento das crian\u00e7as, e vi a melhora que fez no dia-a-dia de meu filho\u2019&#8217;, relatou.<\/p>\n\n\n\n<p>E quem compartilha desta opini\u00e3o \u00e9 a agente de sa\u00fade Angela Carla Nery, m\u00e3e de Maria Eduarda, de 5 anos, que relata&nbsp;as dificuldades que enfrentava na comunica\u00e7\u00e3o com sua filha e como as terapias a ajudaram a falar e a evoluir ao longo desses tr\u00eas anos de tratamento. &#8216;Ela est\u00e1 falando agora e sua comunica\u00e7\u00e3o melhorou consideravelmente. Com o apoio das terapeutas daqui, recebi incentivo para matricul\u00e1-la na escola aos dois anos, o que tamb\u00e9m contribuiu muito para sua socializa\u00e7\u00e3o. Al\u00e9m da terapia ocupacional, minha filha recebe acompanhamento de fonoaudi\u00f3loga, psic\u00f3loga e&nbsp;neuropsicopedagoga. Os profissionais daqui s\u00e3o incr\u00edveis, e eventos como este s\u00f3 acrescentam, pois me permitem esclarecer d\u00favidas durante as palestras e depois desfrutar de um momento para mim, com tranquilidade, sabendo que minha filha est\u00e1&nbsp;participando de uma oficina de maquiagem e se divertindo\u2019&#8217;, descreveu Angela.<\/p>\n\n\n\n<p>Fonte: Governo de Sergipe<\/p>\n","protected":false},"excerpt":{"rendered":"<p>Na manh\u00e3 deste s\u00e1bado, 6, o Ipesa\u00fade realizou o 1\u00ba Encontro de Pais e Filhos no Centro de Reabilita\u00e7\u00e3o Maria Virginia Franco, em comemora\u00e7\u00e3o ao Dia Mundial de Conscientiza\u00e7\u00e3o do Autismo. O evento incluiu diversas a\u00e7\u00f5es&nbsp;especialmente planejadas para as crian\u00e7as, al\u00e9m de&nbsp;palestra&nbsp;e atividades direcionadas aos pais para orienta\u00e7\u00e3o e integra\u00e7\u00e3o das fam\u00edlias. Os benefici\u00e1rios infanto-juvenis participaram de uma variedade de oficinas, incluindo arteterapia, prepara\u00e7\u00e3o de biscoitos, brincadeiras, modelagem de massinha e sess\u00f5es de camarim com pintura da face e cabelos, conduzidas por psicopedagogos, terapeutas ocupacionais e profissionais convidados. Enquanto isso, os pais foram recebidos pela&nbsp;psic\u00f3loga&nbsp;Myllena Sampaio e puderam desfrutar de atividades como massoterapia, reiki, auriculoterapia e maquiagem. Para a coordenadora do Centro de Reabilita\u00e7\u00e3o, M\u00e1rcia Fonseca, o evento trouxe aspectos importantes sobre o acompanhamento e o suporte necess\u00e1rio para o desenvolvimento das crian\u00e7as e adolescentes com Transtorno do Espectro Autista (TEA). &#8220;A tem\u00e1tica \u00e9 de grande relev\u00e2ncia, pois \u00e9 provado cientificamente que a realiza\u00e7\u00e3o dessas din\u00e2micas podem trazer in\u00fameros benef\u00edcios para a sa\u00fade mental, al\u00e9m de proporcionar momentos de socializa\u00e7\u00e3o e promo\u00e7\u00e3o do desenvolvimento psicol\u00f3gico e cognitivo, t\u00e3o importante para todos, em especial aos autistas&#8221;, destacou. J\u00e1 a diretora de Promo\u00e7\u00e3o \u00e0 Sa\u00fade do Ipesa\u00fade, Priscila Kitawara,&nbsp;acrescenta&nbsp;a import\u00e2ncia das din\u00e2micas ao proporcionar a aproxima\u00e7\u00e3o dos envolvidos. \u201cEssa foi uma iniciativa pensada por uma das Unidades do Ipesa\u00fade para promover a integra\u00e7\u00e3o dos benefici\u00e1rios com TEA&nbsp;e seus pais com a sociedade. Isso faz com que as pessoas conhe\u00e7am o que \u00e9 o TEA, reconhe\u00e7am, incluam e respeitem os autistas\u201d, contou. Uma das oficinas que chamou a aten\u00e7\u00e3o das crian\u00e7as foi a de Arteterapia, conduzida pelo professor de desenho Valmir Ramos. Ele destaca que o desenho n\u00e3o s\u00f3 alivia o estresse, mas tamb\u00e9m promove a concentra\u00e7\u00e3o, a postura adequada, a coordena\u00e7\u00e3o motora e a autoestima das crian\u00e7as. &#8220;O ato de desenhar \u00e9 uma forma de express\u00e3o muito poderosa. Al\u00e9m de proporcionar um momento de relaxamento, permite que as crian\u00e7as explorem suas emo\u00e7\u00f5es e desenvolvam habilidades importantes&#8221;, explicou&nbsp;o professor. Jo\u00e3o Guilherme, de oito anos, foi uma das crian\u00e7as que participou das oficinas de desenho e massinha, enquanto seu pai, o policial militar Marlon Bispo,&nbsp;acompanhou&nbsp;a palestra da psic\u00f3loga. Marlon conta&nbsp;que Guilherme frequenta a reabilita\u00e7\u00e3o h\u00e1 seis anos e salienta&nbsp;a import\u00e2ncia das terapias para seu filho. &#8220;Guilherme&nbsp;faz acompanhamento com psic\u00f3logo, psicopedagogo e fonoaudi\u00f3logo. As terapias t\u00eam um papel fundamental no desenvolvimento das crian\u00e7as, e vi a melhora que fez no dia-a-dia de meu filho\u2019&#8217;, relatou. E quem compartilha desta opini\u00e3o \u00e9 a agente de sa\u00fade Angela Carla Nery, m\u00e3e de Maria Eduarda, de 5 anos, que relata&nbsp;as dificuldades que enfrentava na comunica\u00e7\u00e3o com sua filha e como as terapias a ajudaram a falar e a evoluir ao longo desses tr\u00eas anos de tratamento. &#8216;Ela est\u00e1 falando agora e sua comunica\u00e7\u00e3o melhorou consideravelmente. Com o apoio das terapeutas daqui, recebi incentivo para matricul\u00e1-la na escola aos dois anos, o que tamb\u00e9m contribuiu muito para sua socializa\u00e7\u00e3o. Al\u00e9m da terapia ocupacional, minha filha recebe acompanhamento de fonoaudi\u00f3loga, psic\u00f3loga e&nbsp;neuropsicopedagoga. Os profissionais daqui s\u00e3o incr\u00edveis, e eventos como este s\u00f3 acrescentam, pois me permitem esclarecer d\u00favidas durante as palestras e depois desfrutar de um momento para mim, com tranquilidade, sabendo que minha filha est\u00e1&nbsp;participando de uma oficina de maquiagem e se divertindo\u2019&#8217;, descreveu Angela. Fonte: Governo de Sergipe<\/p>\n","protected":false},"author":1,"featured_media":1913,"comment_status":"open","ping_status":"open","sticky":false,"template":"","format":"standard","meta":{"footnotes":""},"categories":[116],"tags":[10],"class_list":["post-1911","post","type-post","status-publish","format-standard","has-post-thumbnail","hentry","category-governo","tag-saude"],"_links":{"self":[{"href":"https:\/\/resumosergipe.com.br\/index.php?rest_route=\/wp\/v2\/posts\/1911","targetHints":{"allow":["GET"]}}],"collection":[{"href":"https:\/\/resumosergipe.com.br\/index.php?rest_route=\/wp\/v2\/posts"}],"about":[{"href":"https:\/\/resumosergipe.com.br\/index.php?rest_route=\/wp\/v2\/types\/post"}],"author":[{"embeddable":true,"href":"https:\/\/resumosergipe.com.br\/index.php?rest_route=\/wp\/v2\/users\/1"}],"replies":[{"embeddable":true,"href":"https:\/\/resumosergipe.com.br\/index.php?rest_route=%2Fwp%2Fv2%2Fcomments&post=1911"}],"version-history":[{"count":2,"href":"https:\/\/resumosergipe.com.br\/index.php?rest_route=\/wp\/v2\/posts\/1911\/revisions"}],"predecessor-version":[{"id":1916,"href":"https:\/\/resumosergipe.com.br\/index.php?rest_route=\/wp\/v2\/posts\/1911\/revisions\/1916"}],"wp:featuredmedia":[{"embeddable":true,"href":"https:\/\/resumosergipe.com.br\/index.php?rest_route=\/wp\/v2\/media\/1913"}],"wp:attachment":[{"href":"https:\/\/resumosergipe.com.br\/index.php?rest_route=%2Fwp%2Fv2%2Fmedia&parent=1911"}],"wp:term":[{"taxonomy":"category","embeddable":true,"href":"https:\/\/resumosergipe.com.br\/index.php?rest_route=%2Fwp%2Fv2%2Fcategories&post=1911"},{"taxonomy":"post_tag","embeddable":true,"href":"https:\/\/resumosergipe.com.br\/index.php?rest_route=%2Fwp%2Fv2%2Ftags&post=1911"}],"curies":[{"name":"wp","href":"https:\/\/api.w.org\/{rel}","templated":true}]}}