{"id":1931,"date":"2024-04-19T22:18:19","date_gmt":"2024-04-20T01:18:19","guid":{"rendered":"https:\/\/resumosergipe.com.br\/?p=1931"},"modified":"2024-04-19T22:18:20","modified_gmt":"2024-04-20T01:18:20","slug":"governo-do-estado-realizara-6a-conferencia-estadual-das-cidades-em-julho","status":"publish","type":"post","link":"https:\/\/resumosergipe.com.br\/?p=1931","title":{"rendered":"Governo do Estado realizar\u00e1 6\u00aa Confer\u00eancia Estadual das Cidades em julho"},"content":{"rendered":"\n<p>O Governo do Estado vai realizar, no m\u00eas de julho deste ano, a 6\u00ba Confer\u00eancia Estadual das Cidades, que&nbsp;traz como tema &#8216;Construindo a Pol\u00edtica Nacional de Desenvolvimento Urbano: caminhos para cidades inclusivas, democr\u00e1ticas, sustent\u00e1veis e com justi\u00e7a social&#8217;. O evento \u00e9 requisito indispens\u00e1vel \u00e0 participa\u00e7\u00e3o do Estado na 6\u00aa Confer\u00eancia Nacional das Cidades, convocada pelo Minist\u00e9rio das Cidades, que ser\u00e1 realizada em Bras\u00edlia (DF), em data a ser definida por resolu\u00e7\u00e3o do Conselho das Cidades (ConCidades)&nbsp;\u2014&nbsp;institui\u00e7\u00e3o que rege a confer\u00eancia.<\/p>\n\n\n\n<p>Em Sergipe, a confer\u00eancia ser\u00e1 coordenada pela Secretaria Especial de Planejamento, Or\u00e7amento e Inova\u00e7\u00e3o (Seplan) e articulada por uma comiss\u00e3o organizadora plural e representativa de diversos segmentos: gestores, administradores p\u00fablicos e legislativos; movimentos populares; movimento sindical; empres\u00e1rios; entidades profissionais, acad\u00eamicas e de pesquisa e conselhos profissionais e ONGs. Todas as informa\u00e7\u00f5es foram publicadas por meio do&nbsp;<a href=\"https:\/\/iose.se.gov.br\/portal\/visualizacoes\/jornal\/5924\/#\/p:4\/e:5924\" target=\"_blank\" rel=\"noreferrer noopener\">decreto n\u00ba 647<\/a>, de 10 de abril de 2024.<\/p>\n\n\n\n<p>De acordo com o secret\u00e1rio Especial de Planejamento, Or\u00e7amento e Inova\u00e7\u00e3o, Julio Filgueira, a comiss\u00e3o organizadora ficar\u00e1 respons\u00e1vel por conduzir a articula\u00e7\u00e3o estadual, com foco na mobiliza\u00e7\u00e3o junto \u00e0s prefeituras nas etapas municipais, que dever\u00e3o anteceder a programa\u00e7\u00e3o em julho. \u201c\u00c9 um motivo de grande alegria porque este \u00e9 um momento em que todos os segmentos envolvidos se unem por um objetivo comum, que \u00e9 garantir mais qualidade de vida, cidades mais sustent\u00e1veis e&nbsp;que possam ser inclusivas,&nbsp;humanas,&nbsp;vocacionadas e comprometidas com a melhoria da qualidade de vida de todos os cidad\u00e3os e cidad\u00e3s. N\u00f3s&nbsp;aqui na Seplan&nbsp;estaremos mobilizados e acompanhando todas essas atividades para que tenhamos uma grande confer\u00eancia\u201d, destaca Julio.<\/p>\n\n\n\n<p>A etapa estadual traz como objetivo dialogar sobre tem\u00e1ticas importantes para o desenvolvimento das cidades, principais desafios e pol\u00edticas p\u00fablicas que podem ser implantadas para a promo\u00e7\u00e3o de cidades com mais inclus\u00e3o, democracia, sustentabilidade e justi\u00e7a social.<\/p>\n\n\n\n<p>Fonte: Governo de Sergipe<\/p>\n","protected":false},"excerpt":{"rendered":"<p>O Governo do Estado vai realizar, no m\u00eas de julho deste ano, a 6\u00ba Confer\u00eancia Estadual das Cidades, que&nbsp;traz como tema &#8216;Construindo a Pol\u00edtica Nacional de Desenvolvimento Urbano: caminhos para cidades inclusivas, democr\u00e1ticas, sustent\u00e1veis e com justi\u00e7a social&#8217;. O evento \u00e9 requisito indispens\u00e1vel \u00e0 participa\u00e7\u00e3o do Estado na 6\u00aa Confer\u00eancia Nacional das Cidades, convocada pelo Minist\u00e9rio das Cidades, que ser\u00e1 realizada em Bras\u00edlia (DF), em data a ser definida por resolu\u00e7\u00e3o do Conselho das Cidades (ConCidades)&nbsp;\u2014&nbsp;institui\u00e7\u00e3o que rege a confer\u00eancia. Em Sergipe, a confer\u00eancia ser\u00e1 coordenada pela Secretaria Especial de Planejamento, Or\u00e7amento e Inova\u00e7\u00e3o (Seplan) e articulada por uma comiss\u00e3o organizadora plural e representativa de diversos segmentos: gestores, administradores p\u00fablicos e legislativos; movimentos populares; movimento sindical; empres\u00e1rios; entidades profissionais, acad\u00eamicas e de pesquisa e conselhos profissionais e ONGs. Todas as informa\u00e7\u00f5es foram publicadas por meio do&nbsp;decreto n\u00ba 647, de 10 de abril de 2024. De acordo com o secret\u00e1rio Especial de Planejamento, Or\u00e7amento e Inova\u00e7\u00e3o, Julio Filgueira, a comiss\u00e3o organizadora ficar\u00e1 respons\u00e1vel por conduzir a articula\u00e7\u00e3o estadual, com foco na mobiliza\u00e7\u00e3o junto \u00e0s prefeituras nas etapas municipais, que dever\u00e3o anteceder a programa\u00e7\u00e3o em julho. \u201c\u00c9 um motivo de grande alegria porque este \u00e9 um momento em que todos os segmentos envolvidos se unem por um objetivo comum, que \u00e9 garantir mais qualidade de vida, cidades mais sustent\u00e1veis e&nbsp;que possam ser inclusivas,&nbsp;humanas,&nbsp;vocacionadas e comprometidas com a melhoria da qualidade de vida de todos os cidad\u00e3os e cidad\u00e3s. N\u00f3s&nbsp;aqui na Seplan&nbsp;estaremos mobilizados e acompanhando todas essas atividades para que tenhamos uma grande confer\u00eancia\u201d, destaca Julio. A etapa estadual traz como objetivo dialogar sobre tem\u00e1ticas importantes para o desenvolvimento das cidades, principais desafios e pol\u00edticas p\u00fablicas que podem ser implantadas para a promo\u00e7\u00e3o de cidades com mais inclus\u00e3o, democracia, sustentabilidade e justi\u00e7a social. Fonte: Governo de Sergipe<\/p>\n","protected":false},"author":1,"featured_media":1833,"comment_status":"open","ping_status":"open","sticky":false,"template":"","format":"standard","meta":{"footnotes":""},"categories":[116],"tags":[117],"class_list":["post-1931","post","type-post","status-publish","format-standard","has-post-thumbnail","hentry","category-governo","tag-desenvolvimento"],"_links":{"self":[{"href":"https:\/\/resumosergipe.com.br\/index.php?rest_route=\/wp\/v2\/posts\/1931","targetHints":{"allow":["GET"]}}],"collection":[{"href":"https:\/\/resumosergipe.com.br\/index.php?rest_route=\/wp\/v2\/posts"}],"about":[{"href":"https:\/\/resumosergipe.com.br\/index.php?rest_route=\/wp\/v2\/types\/post"}],"author":[{"embeddable":true,"href":"https:\/\/resumosergipe.com.br\/index.php?rest_route=\/wp\/v2\/users\/1"}],"replies":[{"embeddable":true,"href":"https:\/\/resumosergipe.com.br\/index.php?rest_route=%2Fwp%2Fv2%2Fcomments&post=1931"}],"version-history":[{"count":1,"href":"https:\/\/resumosergipe.com.br\/index.php?rest_route=\/wp\/v2\/posts\/1931\/revisions"}],"predecessor-version":[{"id":1932,"href":"https:\/\/resumosergipe.com.br\/index.php?rest_route=\/wp\/v2\/posts\/1931\/revisions\/1932"}],"wp:featuredmedia":[{"embeddable":true,"href":"https:\/\/resumosergipe.com.br\/index.php?rest_route=\/wp\/v2\/media\/1833"}],"wp:attachment":[{"href":"https:\/\/resumosergipe.com.br\/index.php?rest_route=%2Fwp%2Fv2%2Fmedia&parent=1931"}],"wp:term":[{"taxonomy":"category","embeddable":true,"href":"https:\/\/resumosergipe.com.br\/index.php?rest_route=%2Fwp%2Fv2%2Fcategories&post=1931"},{"taxonomy":"post_tag","embeddable":true,"href":"https:\/\/resumosergipe.com.br\/index.php?rest_route=%2Fwp%2Fv2%2Ftags&post=1931"}],"curies":[{"name":"wp","href":"https:\/\/api.w.org\/{rel}","templated":true}]}}