{"id":1934,"date":"2024-04-24T06:03:30","date_gmt":"2024-04-24T09:03:30","guid":{"rendered":"https:\/\/resumosergipe.com.br\/?p=1934"},"modified":"2024-04-24T06:03:30","modified_gmt":"2024-04-24T09:03:30","slug":"grupo-tecnico-de-eventos-do-governo-do-estado-se-reune-para-desenvolver-atuacao-estrategica-nos-festejos-juninos","status":"publish","type":"post","link":"https:\/\/resumosergipe.com.br\/?p=1934","title":{"rendered":"Grupo T\u00e9cnico de Eventos do Governo do Estado se re\u00fane para desenvolver atua\u00e7\u00e3o estrat\u00e9gica nos festejos juninos"},"content":{"rendered":"\n<p>Sergipe j\u00e1 se prepara para realizar uma programa\u00e7\u00e3o junina ainda maior e mais estruturada. Nesta ter\u00e7a-feira, 23, o Grupo T\u00e9cnico de Eventos (GTE) do Governo do Estado reuniu representantes dos \u00f3rg\u00e3os estaduais envolvidos no evento, no audit\u00f3rio do Pal\u00e1cio Governador Augusto Franco, com o objetivo de desenvolver uma atua\u00e7\u00e3o estrat\u00e9gica e direcionada no planejamento dos festejos juninos.<\/p>\n\n\n\n<p>A primeira reuni\u00e3o do grupo foi comandada pelo presidente da Funda\u00e7\u00e3o de Cultura e Arte Aperip\u00ea de Sergipe (Funcap), Gustavo Paix\u00e3o, que explicou que o objetivo principal do encontro foi definir o planejamento estrat\u00e9gico para o Arrai\u00e1 do Povo e Vila do Forr\u00f3. \u201cEsta \u00e9 uma oportunidade para que os \u00f3rg\u00e3os p\u00fablicos de secretarias e autarquias percebam a import\u00e2ncia desse evento para o Estado, que eles identifiquem a estrutura, como ela vai ser apresentada, e um cronograma de a\u00e7\u00f5es que possam ser cumpridas at\u00e9 o dia da inaugura\u00e7\u00e3o\u201d.<\/p>\n\n\n\n<p>De acordo com Gustavo, o grupo de trabalho far\u00e1 uma visita t\u00e9cnica ao local onde ser\u00e1 realizado o Arrai\u00e1 do Povo para que as discuss\u00f5es t\u00e9cnicas avancem. Al\u00e9m disso, o presidente da Funcap explicou toda a disposi\u00e7\u00e3o do maior evento junino do estado. \u201cAo total, ser\u00e3o oito grupos de trabalho: Seguran\u00e7a, Sa\u00fade e Preven\u00e7\u00e3o, Art\u00edstico e Produ\u00e7\u00e3o, Log\u00edstica e Infraestrutura, Estrutura, Comunica\u00e7\u00e3o, Pesquisa e Jur\u00eddico\u201d, informou.<\/p>\n\n\n\n<p>O titular da Secretaria Especial da Comunica\u00e7\u00e3o Social (Secom), Cleon Nascimento, refor\u00e7ou a import\u00e2ncia de reunir todos os \u00f3rg\u00e3os envolvidos na organiza\u00e7\u00e3o dos festejos juninos. \u201cA reuni\u00e3o geral tem o prop\u00f3sito de alinhar todos os \u00f3rg\u00e3os envolvidos na organiza\u00e7\u00e3o do evento para que tenham uma vis\u00e3o clara e entendam a participa\u00e7\u00e3o de cada um. A realiza\u00e7\u00e3o do Arrai\u00e1 do Povo foi um sucesso no ano passado e trouxe um grande retorno econ\u00f4mico. Neste ano, estamos nos antecipando quanto ao planejamento para que seja ainda melhor\u201d, ressaltou.<\/p>\n\n\n\n<p>Representando o grupo da \u2018Seguran\u00e7a\u2019, o major Thiago Lemos, que ficar\u00e1 respons\u00e1vel pelo policiamento dos eventos, destacou que \u00e9 um momento fundamental para que tudo transcorra bem durante a programa\u00e7\u00e3o do Arrai\u00e1 do Povo e Vila do Forr\u00f3, que come\u00e7am oficialmente em 1\u00ba de junho. \u201c\u00c9 um momento de alinhamento importante, que nos permite ter um norte mais adequado, um emprego mais otimizado e efetivo do policiamento. Ent\u00e3o, a reuni\u00e3o \u00e9 muito oportuna\u201d, disse.<\/p>\n\n\n\n<p>A assessora t\u00e9cnica do Samu Sergipe, C\u00ednthia Guerra, tamb\u00e9m falou da necessidade das equipes que comp\u00f5em a organiza\u00e7\u00e3o se unirem. \u201cO planejamento pr\u00e9vio \u00e9 de extrema import\u00e2ncia, a gente tem que entender que a dimens\u00e3o do evento aumentou, assim como a expectativa de p\u00fablico, a \u00e1rea a ser trabalhada, e isso tudo ajuda para que a gente possa planejar nossas a\u00e7\u00f5es, para que a gente possa pensar o n\u00famero de equipes, o n\u00famero de servidores envolvidos, como vai ser a opera\u00e7\u00e3o l\u00e1\u201d, informou.<\/p>\n","protected":false},"excerpt":{"rendered":"<p>Sergipe j\u00e1 se prepara para realizar uma programa\u00e7\u00e3o junina ainda maior e mais estruturada. Nesta ter\u00e7a-feira, 23, o Grupo T\u00e9cnico de Eventos (GTE) do Governo do Estado reuniu representantes dos \u00f3rg\u00e3os estaduais envolvidos no evento, no audit\u00f3rio do Pal\u00e1cio Governador Augusto Franco, com o objetivo de desenvolver uma atua\u00e7\u00e3o estrat\u00e9gica e direcionada no planejamento dos festejos juninos. A primeira reuni\u00e3o do grupo foi comandada pelo presidente da Funda\u00e7\u00e3o de Cultura e Arte Aperip\u00ea de Sergipe (Funcap), Gustavo Paix\u00e3o, que explicou que o objetivo principal do encontro foi definir o planejamento estrat\u00e9gico para o Arrai\u00e1 do Povo e Vila do Forr\u00f3. \u201cEsta \u00e9 uma oportunidade para que os \u00f3rg\u00e3os p\u00fablicos de secretarias e autarquias percebam a import\u00e2ncia desse evento para o Estado, que eles identifiquem a estrutura, como ela vai ser apresentada, e um cronograma de a\u00e7\u00f5es que possam ser cumpridas at\u00e9 o dia da inaugura\u00e7\u00e3o\u201d. De acordo com Gustavo, o grupo de trabalho far\u00e1 uma visita t\u00e9cnica ao local onde ser\u00e1 realizado o Arrai\u00e1 do Povo para que as discuss\u00f5es t\u00e9cnicas avancem. Al\u00e9m disso, o presidente da Funcap explicou toda a disposi\u00e7\u00e3o do maior evento junino do estado. \u201cAo total, ser\u00e3o oito grupos de trabalho: Seguran\u00e7a, Sa\u00fade e Preven\u00e7\u00e3o, Art\u00edstico e Produ\u00e7\u00e3o, Log\u00edstica e Infraestrutura, Estrutura, Comunica\u00e7\u00e3o, Pesquisa e Jur\u00eddico\u201d, informou. O titular da Secretaria Especial da Comunica\u00e7\u00e3o Social (Secom), Cleon Nascimento, refor\u00e7ou a import\u00e2ncia de reunir todos os \u00f3rg\u00e3os envolvidos na organiza\u00e7\u00e3o dos festejos juninos. \u201cA reuni\u00e3o geral tem o prop\u00f3sito de alinhar todos os \u00f3rg\u00e3os envolvidos na organiza\u00e7\u00e3o do evento para que tenham uma vis\u00e3o clara e entendam a participa\u00e7\u00e3o de cada um. A realiza\u00e7\u00e3o do Arrai\u00e1 do Povo foi um sucesso no ano passado e trouxe um grande retorno econ\u00f4mico. Neste ano, estamos nos antecipando quanto ao planejamento para que seja ainda melhor\u201d, ressaltou. Representando o grupo da \u2018Seguran\u00e7a\u2019, o major Thiago Lemos, que ficar\u00e1 respons\u00e1vel pelo policiamento dos eventos, destacou que \u00e9 um momento fundamental para que tudo transcorra bem durante a programa\u00e7\u00e3o do Arrai\u00e1 do Povo e Vila do Forr\u00f3, que come\u00e7am oficialmente em 1\u00ba de junho. \u201c\u00c9 um momento de alinhamento importante, que nos permite ter um norte mais adequado, um emprego mais otimizado e efetivo do policiamento. Ent\u00e3o, a reuni\u00e3o \u00e9 muito oportuna\u201d, disse. A assessora t\u00e9cnica do Samu Sergipe, C\u00ednthia Guerra, tamb\u00e9m falou da necessidade das equipes que comp\u00f5em a organiza\u00e7\u00e3o se unirem. \u201cO planejamento pr\u00e9vio \u00e9 de extrema import\u00e2ncia, a gente tem que entender que a dimens\u00e3o do evento aumentou, assim como a expectativa de p\u00fablico, a \u00e1rea a ser trabalhada, e isso tudo ajuda para que a gente possa planejar nossas a\u00e7\u00f5es, para que a gente possa pensar o n\u00famero de equipes, o n\u00famero de servidores envolvidos, como vai ser a opera\u00e7\u00e3o l\u00e1\u201d, informou.<\/p>\n","protected":false},"author":1,"featured_media":1936,"comment_status":"open","ping_status":"open","sticky":false,"template":"","format":"standard","meta":{"footnotes":""},"categories":[116],"tags":[131],"class_list":["post-1934","post","type-post","status-publish","format-standard","has-post-thumbnail","hentry","category-governo","tag-festejos-juninos"],"_links":{"self":[{"href":"https:\/\/resumosergipe.com.br\/index.php?rest_route=\/wp\/v2\/posts\/1934","targetHints":{"allow":["GET"]}}],"collection":[{"href":"https:\/\/resumosergipe.com.br\/index.php?rest_route=\/wp\/v2\/posts"}],"about":[{"href":"https:\/\/resumosergipe.com.br\/index.php?rest_route=\/wp\/v2\/types\/post"}],"author":[{"embeddable":true,"href":"https:\/\/resumosergipe.com.br\/index.php?rest_route=\/wp\/v2\/users\/1"}],"replies":[{"embeddable":true,"href":"https:\/\/resumosergipe.com.br\/index.php?rest_route=%2Fwp%2Fv2%2Fcomments&post=1934"}],"version-history":[{"count":1,"href":"https:\/\/resumosergipe.com.br\/index.php?rest_route=\/wp\/v2\/posts\/1934\/revisions"}],"predecessor-version":[{"id":1935,"href":"https:\/\/resumosergipe.com.br\/index.php?rest_route=\/wp\/v2\/posts\/1934\/revisions\/1935"}],"wp:featuredmedia":[{"embeddable":true,"href":"https:\/\/resumosergipe.com.br\/index.php?rest_route=\/wp\/v2\/media\/1936"}],"wp:attachment":[{"href":"https:\/\/resumosergipe.com.br\/index.php?rest_route=%2Fwp%2Fv2%2Fmedia&parent=1934"}],"wp:term":[{"taxonomy":"category","embeddable":true,"href":"https:\/\/resumosergipe.com.br\/index.php?rest_route=%2Fwp%2Fv2%2Fcategories&post=1934"},{"taxonomy":"post_tag","embeddable":true,"href":"https:\/\/resumosergipe.com.br\/index.php?rest_route=%2Fwp%2Fv2%2Ftags&post=1934"}],"curies":[{"name":"wp","href":"https:\/\/api.w.org\/{rel}","templated":true}]}}