{"id":1965,"date":"2024-06-12T19:17:05","date_gmt":"2024-06-12T22:17:05","guid":{"rendered":"https:\/\/resumosergipe.com.br\/?p=1965"},"modified":"2024-06-12T19:17:06","modified_gmt":"2024-06-12T22:17:06","slug":"medalha-barrinhos-alese-homenagea-24-profissionais-da-comunicacao-social","status":"publish","type":"post","link":"https:\/\/resumosergipe.com.br\/?p=1965","title":{"rendered":"Medalha Barrinhos: Alese homenagea 24 profissionais da comunica\u00e7\u00e3o social"},"content":{"rendered":"\n<p>A Assembleia Legislativa de Sergipe (Alese) entregou, nesta quarta-feira (12), a Medalha do M\u00e9rito Radialista Jo\u00e3o de Menezes Barros Filho (Barrinhos) a comunicadores sociais. Entre jornalistas, radialistas e publicit\u00e1rios, 24 profissionais da \u00e1rea foram indicados para receber a homenagem.<\/p>\n\n\n\n<p>Esta honraria foi criada em 2017, pela Resolu\u00e7\u00e3o N\u00ba 1 de autoria da Mesa Diretora. O objetivo \u00e9 reconhecer a not\u00e1vel contribui\u00e7\u00e3o da imprensa para o desenvolvimento da comunica\u00e7\u00e3o no estado.<\/p>\n\n\n\n<p>Cada deputado indicou uma pessoa e entregou a medalha e a placa de reconhecimento dos servi\u00e7os prestados \u00e0 popula\u00e7\u00e3o para fortalecimento da democracia. Foram escolhidos profissionais de diversos meios de comunica\u00e7\u00e3o.<\/p>\n\n\n\n<p>Entre os indicados est\u00e1 o secret\u00e1rio de Estado da Comunica\u00e7\u00e3o, Cleon Menezes do Nascimento, que se disse muito feliz em receber a honraria e por ter sido indicado pelo presidente da Alese, deputado Jeferson Andrade.<\/p>\n\n\n\n<p>\u201c\u00c9 uma grande satisfa\u00e7\u00e3o. Eu quero agradecer ao deputado Jeferson pela indica\u00e7\u00e3o, para mim, foram duas alegrias: pela indica\u00e7\u00e3o de quem veio e por receber tal homenagem de uma pessoa que contribuiu tanto para a comunica\u00e7\u00e3o de nosso estado. Se eu contribuir 5% do que fez Jo\u00e3o de Barros para melhorar a nossa comunica\u00e7\u00e3o, j\u00e1 \u00e9 uma grande satisfa\u00e7\u00e3o e eu tenho certeza que todos que est\u00e3o aqui sendo homenageados entendem a import\u00e2ncia e, de certa forma, est\u00e3o contribuindo para que a gente consiga n\u00e3o simplesmente melhorar a nossa comunica\u00e7\u00e3o, mas melhorar o nosso mercado da comunica\u00e7\u00e3o com profissionais que venham cada vez mais se renovando e demostrando a import\u00e2ncia e o papel que a gente tem\u201d, falou.<\/p>\n\n\n\n<p>O presidente Jeferson Andrade destacou o papel desenvolvido pela imprensa na garantia dos direitos da popula\u00e7\u00e3o. Ele disse que se trata de um dia importante para o Poder Legislativo sergipano.<\/p>\n\n\n\n<p>\u201cParab\u00e9ns a todos, n\u00f3s sabemos da grande import\u00e2ncia da imprensa ao longo dos anos no Brasil e no mundo. Parabenizar tamb\u00e9m o profissional Cleon pelo grande desempenho que ele tem feito ao longo da sua vida e, nos \u00faltimos anos, a frente da Secretaria de Comunica\u00e7\u00e3o do Governo do Estado. S\u00e3o 24 homenageados, todos com grandes servi\u00e7os prestados, pessoas que n\u00f3s conhecemos do servi\u00e7o aut\u00f4nomo e bom que cada um faz para a popula\u00e7\u00e3o sergipana. Uma entrega de uma medalha muito importante, esse dia \u00e9 muito importante mais uma vez aqui na Assembleia Legislativa\u201d, declarou.<\/p>\n\n\n\n<p>Quatro jornalistas integrantes da imprensa oficial da Casa receberam a homenagem. O deputado Luiz\u00e3o Donatrampi (Uni\u00e3o Brasil) indicou a coordenadora da Ag\u00eancia de Not\u00edcias Alese, jornalista Stephanie Macedo. Ela falou estar honrada com a homenagem recebida. Luiz\u00e3o Donatrampi foi representado pelo deputado Paulo J\u00fanior.<\/p>\n\n\n\n<p>\u201cS\u00e3o 20 anos no exerc\u00edcio da profiss\u00e3o. Destes, h\u00e1 nove anos integro a Comunica\u00e7\u00e3o do Poder Legislativo. Agrade\u00e7o ao deputado estadual Luiz\u00e3o Donatrampi (Uni\u00e3o Brasil) por destacar o meu nome ao recebimento da \u2018Medalha Barrinhos\u2019, me sinto honrada com a homenagem\u201d, afirmou.<\/p>\n\n\n\n<p>A coordenadora de conte\u00fado da TV Alese, jornalista Aline Braga, recebeu a honraria da deputada Linda Brasil (Psol). Ela disse que este \u00e9 um reconhecimento principalmente \u00e0 import\u00e2ncia do jornalismo nos dias atuais, mesmo com o avan\u00e7o das tecnologias.<\/p>\n\n\n\n<p>\u201c\u00c9 importante que a gente, atrav\u00e9s dessa medalha e da pr\u00f3pria cerim\u00f4nia que d\u00e1 visibilidade \u00e0 profiss\u00e3o de jornalista, tenha um olhar valorizado para esse fazer que \u00e9 essencial para a sociedade e para a democracia. Com as mudan\u00e7as tecnol\u00f3gicas e de percurso da hist\u00f3ria, a gente tem costumado pensar que o jornalismo n\u00e3o \u00e9 t\u00e3o importante como j\u00e1 foi ou que disputa lugar com outras quest\u00f5es, obviamente as profiss\u00f5es devem sempre se adequar aos tempos e pensamentos contempor\u00e2neos da sociedade, mas o jornalismo dificilmente vai deixar de ter import\u00e2ncia porque \u00e9 um potencializador de di\u00e1logos da sociedade e n\u00e3o existe vida em sociedade, seja ela em qualquer perspectiva, sem o di\u00e1logo e quanto mais bem-feito esse jornalismo, melhor \u00e9 o di\u00e1logo e o amadurecimento da popula\u00e7\u00e3o, de uma comunidade\u201d, falou.<\/p>\n\n\n\n<p>Ela ainda acrescentou que se emociona por ser merecedora desta honraria, mas acredita que o importante \u00e9 entender que a honraria maior \u00e9 para a profiss\u00e3o, por isso o cunho individual fica em segundo plano.<\/p>\n\n\n\n<p>\u201cO jornalismo sozinho n\u00e3o promove essa evolu\u00e7\u00e3o, n\u00e3o garante sozinho a democracia, mas \u00e9 um pilar muito importante e fundamental. Ent\u00e3o, em uma situa\u00e7\u00e3o como essa, eu acho que o mais importante n\u00e3o sou eu ou as pessoas que v\u00e3o receber essa honraria individualmente, claro que \u00e9 uma honra sempre o reconhecimento do nosso trabalho, ainda mais diante de um cen\u00e1rio nacional e internacional de precariza\u00e7\u00e3o da profiss\u00e3o, mas se eu fosse citar algo individual \u00e9, na verdade, uma responsabilidade maior, a partir do reconhecimento, uma disposi\u00e7\u00e3o maior de poder sempre buscar um bom jornalismo pelos dois pilares que eu mais acredito: a apura\u00e7\u00e3o relacionada com a \u00e9tica nesse fazer. Para al\u00e9m de refor\u00e7ar um aspecto individual, eu acho que o mais importante de um momento como este \u00e9 pensar a profiss\u00e3o de jornalista com muita valoriza\u00e7\u00e3o, apre\u00e7o e defendendo os preceitos do jornalismo que, no final das contas, \u00e9 defender a possibilidade de contradi\u00e7\u00e3o na sociedade, de di\u00e1logo, de permitir que vozes sejam escutadas, ent\u00e3o eu destacaria mais o aspecto coletivo do que individual dessa ocasi\u00e3o. E gostaria tamb\u00e9m de agradecer com muita \u00eanfase \u00e0 deputada Linda Brasil, que com certeza defende os pilares do bom jornalismo e de uma sociedade mais justa\u201d, afirmou.<\/p>\n\n\n\n<p>A rep\u00f3rter da Ag\u00eancia de Not\u00edcias Alese, Aldaci de Souza, foi escolhida pelo vice-presidente da Casa, deputado Garibalde Mendon\u00e7a (PDT). Ela afirmou que \u00e9 um momento de alegria para sua vida profissional e pessoal, junto a sua fam\u00edlia e amigos.<\/p>\n\n\n\n<p>\u201cEstou muito feliz por ter sido indicada pelo vice-presidente da Assembleia Legislativa do Estado de Sergipe, deputado Garibalde Mendon\u00e7a para receber essa medalha que leva o nome de Barrinhos, um dos maiores comunicadores de Sergipe. Sou radialista h\u00e1 34 anos e jornalista h\u00e1 32; profiss\u00f5es que amo e que fui influenciada pelos meus irm\u00e3os Alberto e Adiberto que j\u00e1 atuavam na \u00e1rea. Hoje o dia \u00e9 de gratid\u00e3o em ver o meu trabalho respeitado pela Alese e pela sociedade sergipana. Divido essa alegria com a minha fam\u00edlia, todos colegas jornalistas e radialistas; em especial os que fazem a Comunica\u00e7\u00e3o da Alese onde atuo h\u00e1 oito anos e com a popula\u00e7\u00e3o sergipana que tenho o dever de informar com \u00e9tica e transpar\u00eancia\u201d, declarou.<\/p>\n\n\n\n<p>O rep\u00f3rter da TV Alese, Marcos Borges, foi tamb\u00e9m indicado pelo deputado Garibalde Mendon\u00e7a. Ele tamb\u00e9m representou os colegas de profiss\u00e3o em pronunciamento na Tribuna da Assembleia Legislativa e contou que o radialista que d\u00e1 nome \u00e0 Medalha faz parte de sua vida pessoal.<\/p>\n\n\n\n<p>\u201cIronia ou n\u00e3o, falar de Jo\u00e3o de Barros, o Barrinhos, \u00e9 falar sobre parte da minha inf\u00e2ncia, das muitas vezes que o tio Barrinhos chegava em minha casa para falar com a professora dele, Maria Neves, a minha m\u00e3e. E mesmo que ainda muito pequeno n\u00e3o entendesse a import\u00e2ncia de Barrinhos, o comunicador, me divertia por meio do sorriso sempre acolhedor e orienta\u00e7\u00f5es voltadas a me ensinar sobre a import\u00e2ncia da busca por conhecimento. D\u00e9cadas depois, acredito ter compreendido exatamente o que aquelas palavras e frases gostariam de me dizer. Consegui enxergar que o trabalho social o qual Barrinhos desenvolvia em prol dos mais carentes, fora, ou, longe dos microfones, tamb\u00e9m fazia parte do necess\u00e1rio exerc\u00edcio de fortalecimento do comunicador, afinal, se n\u00f3s formadores de opini\u00e3o n\u00e3o levamos informa\u00e7\u00e3o de qualidade \u00e0 popula\u00e7\u00e3o, como as pessoas ir\u00e3o melhor compreender seus direitos e deveres na sociedade em que vivem?\u201d, disse.<\/p>\n\n\n\n<p>Ele agradeceu a lembran\u00e7a de seu nome pelo vice-presidente da Casa e explicou que ao receber a honraria se sente ainda mais respons\u00e1vel por prestar servi\u00e7os de qualidade \u00e0 sociedade sergipana com informa\u00e7\u00f5es corretas atrav\u00e9s da emissora oficial do Poder Legislativo.<\/p>\n\n\n\n<p>\u201cAo ser homenageado nesta manh\u00e3, mais do que me sentir honrado com a medalha Jo\u00e3o de Barros (Barrinhos), vejo aumentar em mim o zelo pelas informa\u00e7\u00f5es que levamos diariamente aos milhares de lares espalhados pelo estado, pelo Brasil e pelo mundo, nesta comunica\u00e7\u00e3o cada vez mais globalizada\u201d.<\/p>\n\n\n\n<p>Al\u00e9m dos quatro profissionais que integram a imprensa oficial da Alese, outras 20 pessoas foram homenageadas. O radialista Acl\u00e9cio Fontes, indicado pelo deputado S\u00e9rgio Reis (PSD) e o jornalista Renato Lima, indicado pela deputada Carminha Paiva (Republicanos) n\u00e3o puderam comparecer \u00e0 solenidade e receber\u00e3o posteriormente nos gabinetes dos respectivos deputados.<\/p>\n\n\n\n<p>A entrega das Medalhas foi realizada durante sess\u00e3o especial no plen\u00e1rio da Assembleia Legislativa de Sergipe.<\/p>\n\n\n\n<p>Confira a lista completa dos homenageados<\/p>\n\n\n\n<p>Acl\u00e9cio Fontes Prata \u2013 radialista \u2013 Deputado S\u00e9rgio Reis<\/p>\n\n\n\n<p>Aldaci de Souza Oliveira Matos \u2013 jornalista e radialista \u2013 Deputado Garibalde Mendon\u00e7a<\/p>\n\n\n\n<p>Aline Braga Farias Concei\u00e7\u00e3o \u2013 jornalista \u2013 Deputada Linda Brasil<\/p>\n\n\n\n<p>Ant\u00f4nio Fernando Cabral Ferreira \u2013 radialista \u2013 Deputado Cristiano Cavalcante<\/p>\n\n\n\n<p>Camila Roberta Santos de Ara\u00fajo \u2013 jornalista \u2013 Deputada Maisa Mitidieri<\/p>\n\n\n\n<p>Carla Stephanie de Santana Macedo \u2013 jornalista \u2013 Deputado Luiz\u00e3o Donatrampi<\/p>\n\n\n\n<p>Cl\u00e1udia Suzana Meireles Jorge \u2013 jornalista \u2013 Deputado Netinho Guimar\u00e3es<\/p>\n\n\n\n<p>Cleon Menezes do Nascimento \u2013 publicit\u00e1rio \u2013 Deputado Jeferson Andrade<\/p>\n\n\n\n<p>Cristiano Prado de Souza \u2013 jornalista e radialista \u2013 Deputado Paulo J\u00fanior<\/p>\n\n\n\n<p>Edelson Freitas Ribeiro \u2013 jornalista \u2013 Deputado Luciano Pimentel<\/p>\n\n\n\n<p>F\u00e1bio Henrique Santana de Carvalho \u2013 jornalista e radialista \u2013 Deputado Doutor Samuel<\/p>\n\n\n\n<p>Francisco Ferreira Pereira \u2013 radialista \u2013 Deputado Luciano Bispo<\/p>\n\n\n\n<p>Fl\u00e1vio de Souza radialista \u2013 Deputado Pato Maravilha<\/p>\n\n\n\n<p>Heryton Jofler Ribeiro dos Santos \u2013 radialista \u2013 Deputado Kak\u00e1 Santos<\/p>\n\n\n\n<p>Jos\u00e9 Raimundo de Morais Filho \u2013 jornalista \u2013 Deputada Lidiane Lucena<\/p>\n\n\n\n<p>Jessika Cruz Santos \u2013 jornalista \u2013 Deputado Marcos Oliveira<\/p>\n\n\n\n<p>Luiz Carlos Focca \u2013 jornalista \u2013 Deputado Marcelo Sobral<\/p>\n\n\n\n<p>Luciano de Oliveira Santos \u2013 radialista \u2013 Deputado Georgeo Passos<\/p>\n\n\n\n<p>Lucas Rodrigues de Andrade \u2013 jornalista e radialista \u2013 Deputada \u00c1urea Ribeiro<\/p>\n\n\n\n<p>Marcos Augusto Borges Torres \u2013 jornalista \u2013 Deputado Garibalde Mendon\u00e7a<\/p>\n\n\n\n<p>Osmar Rodrigues Farias \u2013 radialista \u2013 Deputado Chico Do Correio<\/p>\n\n\n\n<p>Renato Lima Nogueira \u2013 jornalista \u2013 Deputada Carminha Paiva<\/p>\n\n\n\n<p>Saulo Jos\u00e9 Britto Souza \u2013 jornalista e radialista \u2013 Deputado Adailton Martins<\/p>\n\n\n\n<p>Walter C\u00e9sar Fontes dos Santos \u2013 radialista \u2013 Deputado Luiz Fonseca<\/p>\n\n\n\n<p>Fonte: Alese<\/p>\n","protected":false},"excerpt":{"rendered":"<p>A Assembleia Legislativa de Sergipe (Alese) entregou, nesta quarta-feira (12), a Medalha do M\u00e9rito Radialista Jo\u00e3o de Menezes Barros Filho (Barrinhos) a comunicadores sociais. Entre jornalistas, radialistas e publicit\u00e1rios, 24 profissionais da \u00e1rea foram indicados para receber a homenagem. Esta honraria foi criada em 2017, pela Resolu\u00e7\u00e3o N\u00ba 1 de autoria da Mesa Diretora. O objetivo \u00e9 reconhecer a not\u00e1vel contribui\u00e7\u00e3o da imprensa para o desenvolvimento da comunica\u00e7\u00e3o no estado. Cada deputado indicou uma pessoa e entregou a medalha e a placa de reconhecimento dos servi\u00e7os prestados \u00e0 popula\u00e7\u00e3o para fortalecimento da democracia. Foram escolhidos profissionais de diversos meios de comunica\u00e7\u00e3o. Entre os indicados est\u00e1 o secret\u00e1rio de Estado da Comunica\u00e7\u00e3o, Cleon Menezes do Nascimento, que se disse muito feliz em receber a honraria e por ter sido indicado pelo presidente da Alese, deputado Jeferson Andrade. \u201c\u00c9 uma grande satisfa\u00e7\u00e3o. Eu quero agradecer ao deputado Jeferson pela indica\u00e7\u00e3o, para mim, foram duas alegrias: pela indica\u00e7\u00e3o de quem veio e por receber tal homenagem de uma pessoa que contribuiu tanto para a comunica\u00e7\u00e3o de nosso estado. Se eu contribuir 5% do que fez Jo\u00e3o de Barros para melhorar a nossa comunica\u00e7\u00e3o, j\u00e1 \u00e9 uma grande satisfa\u00e7\u00e3o e eu tenho certeza que todos que est\u00e3o aqui sendo homenageados entendem a import\u00e2ncia e, de certa forma, est\u00e3o contribuindo para que a gente consiga n\u00e3o simplesmente melhorar a nossa comunica\u00e7\u00e3o, mas melhorar o nosso mercado da comunica\u00e7\u00e3o com profissionais que venham cada vez mais se renovando e demostrando a import\u00e2ncia e o papel que a gente tem\u201d, falou. O presidente Jeferson Andrade destacou o papel desenvolvido pela imprensa na garantia dos direitos da popula\u00e7\u00e3o. Ele disse que se trata de um dia importante para o Poder Legislativo sergipano. \u201cParab\u00e9ns a todos, n\u00f3s sabemos da grande import\u00e2ncia da imprensa ao longo dos anos no Brasil e no mundo. Parabenizar tamb\u00e9m o profissional Cleon pelo grande desempenho que ele tem feito ao longo da sua vida e, nos \u00faltimos anos, a frente da Secretaria de Comunica\u00e7\u00e3o do Governo do Estado. S\u00e3o 24 homenageados, todos com grandes servi\u00e7os prestados, pessoas que n\u00f3s conhecemos do servi\u00e7o aut\u00f4nomo e bom que cada um faz para a popula\u00e7\u00e3o sergipana. Uma entrega de uma medalha muito importante, esse dia \u00e9 muito importante mais uma vez aqui na Assembleia Legislativa\u201d, declarou. Quatro jornalistas integrantes da imprensa oficial da Casa receberam a homenagem. O deputado Luiz\u00e3o Donatrampi (Uni\u00e3o Brasil) indicou a coordenadora da Ag\u00eancia de Not\u00edcias Alese, jornalista Stephanie Macedo. Ela falou estar honrada com a homenagem recebida. Luiz\u00e3o Donatrampi foi representado pelo deputado Paulo J\u00fanior. \u201cS\u00e3o 20 anos no exerc\u00edcio da profiss\u00e3o. Destes, h\u00e1 nove anos integro a Comunica\u00e7\u00e3o do Poder Legislativo. Agrade\u00e7o ao deputado estadual Luiz\u00e3o Donatrampi (Uni\u00e3o Brasil) por destacar o meu nome ao recebimento da \u2018Medalha Barrinhos\u2019, me sinto honrada com a homenagem\u201d, afirmou. A coordenadora de conte\u00fado da TV Alese, jornalista Aline Braga, recebeu a honraria da deputada Linda Brasil (Psol). Ela disse que este \u00e9 um reconhecimento principalmente \u00e0 import\u00e2ncia do jornalismo nos dias atuais, mesmo com o avan\u00e7o das tecnologias. \u201c\u00c9 importante que a gente, atrav\u00e9s dessa medalha e da pr\u00f3pria cerim\u00f4nia que d\u00e1 visibilidade \u00e0 profiss\u00e3o de jornalista, tenha um olhar valorizado para esse fazer que \u00e9 essencial para a sociedade e para a democracia. Com as mudan\u00e7as tecnol\u00f3gicas e de percurso da hist\u00f3ria, a gente tem costumado pensar que o jornalismo n\u00e3o \u00e9 t\u00e3o importante como j\u00e1 foi ou que disputa lugar com outras quest\u00f5es, obviamente as profiss\u00f5es devem sempre se adequar aos tempos e pensamentos contempor\u00e2neos da sociedade, mas o jornalismo dificilmente vai deixar de ter import\u00e2ncia porque \u00e9 um potencializador de di\u00e1logos da sociedade e n\u00e3o existe vida em sociedade, seja ela em qualquer perspectiva, sem o di\u00e1logo e quanto mais bem-feito esse jornalismo, melhor \u00e9 o di\u00e1logo e o amadurecimento da popula\u00e7\u00e3o, de uma comunidade\u201d, falou. Ela ainda acrescentou que se emociona por ser merecedora desta honraria, mas acredita que o importante \u00e9 entender que a honraria maior \u00e9 para a profiss\u00e3o, por isso o cunho individual fica em segundo plano. \u201cO jornalismo sozinho n\u00e3o promove essa evolu\u00e7\u00e3o, n\u00e3o garante sozinho a democracia, mas \u00e9 um pilar muito importante e fundamental. Ent\u00e3o, em uma situa\u00e7\u00e3o como essa, eu acho que o mais importante n\u00e3o sou eu ou as pessoas que v\u00e3o receber essa honraria individualmente, claro que \u00e9 uma honra sempre o reconhecimento do nosso trabalho, ainda mais diante de um cen\u00e1rio nacional e internacional de precariza\u00e7\u00e3o da profiss\u00e3o, mas se eu fosse citar algo individual \u00e9, na verdade, uma responsabilidade maior, a partir do reconhecimento, uma disposi\u00e7\u00e3o maior de poder sempre buscar um bom jornalismo pelos dois pilares que eu mais acredito: a apura\u00e7\u00e3o relacionada com a \u00e9tica nesse fazer. Para al\u00e9m de refor\u00e7ar um aspecto individual, eu acho que o mais importante de um momento como este \u00e9 pensar a profiss\u00e3o de jornalista com muita valoriza\u00e7\u00e3o, apre\u00e7o e defendendo os preceitos do jornalismo que, no final das contas, \u00e9 defender a possibilidade de contradi\u00e7\u00e3o na sociedade, de di\u00e1logo, de permitir que vozes sejam escutadas, ent\u00e3o eu destacaria mais o aspecto coletivo do que individual dessa ocasi\u00e3o. E gostaria tamb\u00e9m de agradecer com muita \u00eanfase \u00e0 deputada Linda Brasil, que com certeza defende os pilares do bom jornalismo e de uma sociedade mais justa\u201d, afirmou. A rep\u00f3rter da Ag\u00eancia de Not\u00edcias Alese, Aldaci de Souza, foi escolhida pelo vice-presidente da Casa, deputado Garibalde Mendon\u00e7a (PDT). Ela afirmou que \u00e9 um momento de alegria para sua vida profissional e pessoal, junto a sua fam\u00edlia e amigos. \u201cEstou muito feliz por ter sido indicada pelo vice-presidente da Assembleia Legislativa do Estado de Sergipe, deputado Garibalde Mendon\u00e7a para receber essa medalha que leva o nome de Barrinhos, um dos maiores comunicadores de Sergipe. Sou radialista h\u00e1 34 anos e jornalista h\u00e1 32; profiss\u00f5es que amo e que fui influenciada pelos meus irm\u00e3os Alberto e Adiberto que j\u00e1 atuavam na \u00e1rea. Hoje o dia \u00e9 de gratid\u00e3o em ver o meu trabalho respeitado pela Alese e pela sociedade sergipana. Divido essa alegria com<\/p>\n","protected":false},"author":1,"featured_media":1966,"comment_status":"open","ping_status":"open","sticky":false,"template":"","format":"standard","meta":{"footnotes":""},"categories":[32],"tags":[38],"class_list":["post-1965","post","type-post","status-publish","format-standard","has-post-thumbnail","hentry","category-sergipe","tag-alese"],"_links":{"self":[{"href":"https:\/\/resumosergipe.com.br\/index.php?rest_route=\/wp\/v2\/posts\/1965","targetHints":{"allow":["GET"]}}],"collection":[{"href":"https:\/\/resumosergipe.com.br\/index.php?rest_route=\/wp\/v2\/posts"}],"about":[{"href":"https:\/\/resumosergipe.com.br\/index.php?rest_route=\/wp\/v2\/types\/post"}],"author":[{"embeddable":true,"href":"https:\/\/resumosergipe.com.br\/index.php?rest_route=\/wp\/v2\/users\/1"}],"replies":[{"embeddable":true,"href":"https:\/\/resumosergipe.com.br\/index.php?rest_route=%2Fwp%2Fv2%2Fcomments&post=1965"}],"version-history":[{"count":1,"href":"https:\/\/resumosergipe.com.br\/index.php?rest_route=\/wp\/v2\/posts\/1965\/revisions"}],"predecessor-version":[{"id":1967,"href":"https:\/\/resumosergipe.com.br\/index.php?rest_route=\/wp\/v2\/posts\/1965\/revisions\/1967"}],"wp:featuredmedia":[{"embeddable":true,"href":"https:\/\/resumosergipe.com.br\/index.php?rest_route=\/wp\/v2\/media\/1966"}],"wp:attachment":[{"href":"https:\/\/resumosergipe.com.br\/index.php?rest_route=%2Fwp%2Fv2%2Fmedia&parent=1965"}],"wp:term":[{"taxonomy":"category","embeddable":true,"href":"https:\/\/resumosergipe.com.br\/index.php?rest_route=%2Fwp%2Fv2%2Fcategories&post=1965"},{"taxonomy":"post_tag","embeddable":true,"href":"https:\/\/resumosergipe.com.br\/index.php?rest_route=%2Fwp%2Fv2%2Ftags&post=1965"}],"curies":[{"name":"wp","href":"https:\/\/api.w.org\/{rel}","templated":true}]}}