{"id":1975,"date":"2024-06-25T16:16:15","date_gmt":"2024-06-25T19:16:15","guid":{"rendered":"https:\/\/resumosergipe.com.br\/?p=1975"},"modified":"2024-06-25T16:20:04","modified_gmt":"2024-06-25T19:20:04","slug":"paulo-junior-cobra-maior-atencao-para-o-transporte-publico-na-regiao-metropolitana","status":"publish","type":"post","link":"https:\/\/resumosergipe.com.br\/?p=1975","title":{"rendered":"Paulo Junior cobra maior aten\u00e7\u00e3o para o transporte p\u00fablico na regi\u00e3o metropolitana"},"content":{"rendered":"\n<p>Na tribuna da Assembleia Legislativa do Estado de Sergipe (Alese), o deputado Paulo J\u00fanior (PV) cobrou nesta ter\u00e7a-feira (25) mais aten\u00e7\u00e3o para o transporte p\u00fablico na regi\u00e3o metropolitana de Aracaju. Na semana passada, o parlamentar participou do lan\u00e7amento do edital de licita\u00e7\u00e3o. O tema tamb\u00e9m foi destacado por outros deputados no parlamento.<\/p>\n\n\n\n<p>\u201cA nossa inten\u00e7\u00e3o desde quando assumimos o mandato nesta Casa foi lutar pela forma\u00e7\u00e3o do cons\u00f3rcio do Transporte P\u00fablico. Isso fizemos por meio de pronunciamento, atrav\u00e9s da Comiss\u00e3o de Transporte quando fizemos audi\u00eancia p\u00fablica para debater a import\u00e2ncia da instala\u00e7\u00e3o deste tipo de a\u00e7\u00e3o\u201d, destacou o deputado Paulo J\u00fanior.<\/p>\n\n\n\n<p>O parlamentar explicou que a Lei Complementar 266\/2015 que disp\u00f5e sobre a concess\u00e3o do transporte p\u00fablico da Regi\u00e3o Metropolitana de Aracaju aos Munic\u00edpios de Aracaju, Barra dos Coqueiros, Nossa Senhora do Socorro e S\u00e3o Crist\u00f3v\u00e3o, o cons\u00f3rcio estava criado, por\u00e9m ainda n\u00e3o formado.<\/p>\n\n\n\n<p>Deputada Linda Brasil<\/p>\n\n\n\n<p>\u201cDesde a forma\u00e7\u00e3o do cons\u00f3rcio \u00e9 poss\u00edvel discutir todo o planejamento e formata\u00e7\u00e3o do edital para o lan\u00e7amento que ocorreu na \u00faltima sexta-feira (21). Defendo que s\u00f3 teremos um transporte p\u00fablico seguro, com qualidade e efici\u00eancia ap\u00f3s a conclus\u00e3o do processo licitat\u00f3rio\u201d, enfatizou o parlamentar.<\/p>\n\n\n\n<p>Paulo J\u00fanior tamb\u00e9m explicou como funcionar\u00e1 o novo edital do Transporte P\u00fablico. \u201cSer\u00e3o dois lotes, um que abrange a Zona Norte de Aracaju e o munic\u00edpios de Nossa Senhora do Socorro e Barra dos Coqueiros e o outro Zona Sul de Aracaju e o munic\u00edpio de S\u00e3o Crist\u00f3v\u00e3o. A empresa vencedora do lote um, n\u00e3o pode ser vencedora do lote dois. E vice e versa. O edital tamb\u00e9m prev\u00ea que os custos operacionais ser\u00e3o rateados entre os munic\u00edpios participantes e o Governo de Sergipe\u201d, disse.<\/p>\n\n\n\n<p>Outro ponto abordado por Paulo J\u00fanior foi a possibilidade do n\u00famero de linhas de \u00f4nibus. Atualmente, o total de 101 linhas fazem o transporte p\u00fablico em Aracaju e regi\u00e3o metropolitana. \u201cCom a licita\u00e7\u00e3o a previs\u00e3o \u00e9 de 122 de linhas. Essa a\u00e7\u00e3o visa contemplar regi\u00f5es onde o transporte p\u00fablico, atualmente n\u00e3o chega na atualidade\u201d, observa.<\/p>\n\n\n\n<p>Deputado Adailton Martins<\/p>\n\n\n\n<p>Ainda na oportunidade, o parlamentar fez um paralelo sobre a&nbsp; realidade das frotas de \u00f4nibus em S\u00e3o Crist\u00f3v\u00e3o. Atualmente, tr\u00eas linhas de \u00f4nibus fazem o transporte p\u00fablico daquele munic\u00edpio. \u201cProtocolamos na comiss\u00e3o de Transporte que a Alese notifique as empresas que realizam o transporte p\u00fablico em S\u00e3o Crist\u00f3v\u00e3o para substitui\u00e7\u00e3o dos \u00f4nibus\u201d, ressaltou.<\/p>\n\n\n\n<p>Aparte<\/p>\n\n\n\n<p>A deputada Linda Brasil (PSOL) se somou ao deputado Paulo J\u00fanior, ela falou sobre a expectativa para que o cons\u00f3rcio do transporte p\u00fablico da regi\u00e3o metropolitana possa ser finalizado.<\/p>\n\n\n\n<p>J\u00e1 o deputado Adailton Martins (PSD) ressaltou a import\u00e2ncia de uma fiscaliza\u00e7\u00e3o ainda mais efetiva na frota de \u00f4nibus e nas empresas que realizam o transporte p\u00fablico.<\/p>\n\n\n\n<p><em>Fonte: Alese<\/em><\/p>\n","protected":false},"excerpt":{"rendered":"<p>Na tribuna da Assembleia Legislativa do Estado de Sergipe (Alese), o deputado Paulo J\u00fanior (PV) cobrou nesta ter\u00e7a-feira (25) mais aten\u00e7\u00e3o para o transporte p\u00fablico na regi\u00e3o metropolitana de Aracaju. Na semana passada, o parlamentar participou do lan\u00e7amento do edital de licita\u00e7\u00e3o. O tema tamb\u00e9m foi destacado por outros deputados no parlamento. \u201cA nossa inten\u00e7\u00e3o desde quando assumimos o mandato nesta Casa foi lutar pela forma\u00e7\u00e3o do cons\u00f3rcio do Transporte P\u00fablico. Isso fizemos por meio de pronunciamento, atrav\u00e9s da Comiss\u00e3o de Transporte quando fizemos audi\u00eancia p\u00fablica para debater a import\u00e2ncia da instala\u00e7\u00e3o deste tipo de a\u00e7\u00e3o\u201d, destacou o deputado Paulo J\u00fanior. O parlamentar explicou que a Lei Complementar 266\/2015 que disp\u00f5e sobre a concess\u00e3o do transporte p\u00fablico da Regi\u00e3o Metropolitana de Aracaju aos Munic\u00edpios de Aracaju, Barra dos Coqueiros, Nossa Senhora do Socorro e S\u00e3o Crist\u00f3v\u00e3o, o cons\u00f3rcio estava criado, por\u00e9m ainda n\u00e3o formado. Deputada Linda Brasil \u201cDesde a forma\u00e7\u00e3o do cons\u00f3rcio \u00e9 poss\u00edvel discutir todo o planejamento e formata\u00e7\u00e3o do edital para o lan\u00e7amento que ocorreu na \u00faltima sexta-feira (21). Defendo que s\u00f3 teremos um transporte p\u00fablico seguro, com qualidade e efici\u00eancia ap\u00f3s a conclus\u00e3o do processo licitat\u00f3rio\u201d, enfatizou o parlamentar. Paulo J\u00fanior tamb\u00e9m explicou como funcionar\u00e1 o novo edital do Transporte P\u00fablico. \u201cSer\u00e3o dois lotes, um que abrange a Zona Norte de Aracaju e o munic\u00edpios de Nossa Senhora do Socorro e Barra dos Coqueiros e o outro Zona Sul de Aracaju e o munic\u00edpio de S\u00e3o Crist\u00f3v\u00e3o. A empresa vencedora do lote um, n\u00e3o pode ser vencedora do lote dois. E vice e versa. O edital tamb\u00e9m prev\u00ea que os custos operacionais ser\u00e3o rateados entre os munic\u00edpios participantes e o Governo de Sergipe\u201d, disse. Outro ponto abordado por Paulo J\u00fanior foi a possibilidade do n\u00famero de linhas de \u00f4nibus. Atualmente, o total de 101 linhas fazem o transporte p\u00fablico em Aracaju e regi\u00e3o metropolitana. \u201cCom a licita\u00e7\u00e3o a previs\u00e3o \u00e9 de 122 de linhas. Essa a\u00e7\u00e3o visa contemplar regi\u00f5es onde o transporte p\u00fablico, atualmente n\u00e3o chega na atualidade\u201d, observa. Deputado Adailton Martins Ainda na oportunidade, o parlamentar fez um paralelo sobre a&nbsp; realidade das frotas de \u00f4nibus em S\u00e3o Crist\u00f3v\u00e3o. Atualmente, tr\u00eas linhas de \u00f4nibus fazem o transporte p\u00fablico daquele munic\u00edpio. \u201cProtocolamos na comiss\u00e3o de Transporte que a Alese notifique as empresas que realizam o transporte p\u00fablico em S\u00e3o Crist\u00f3v\u00e3o para substitui\u00e7\u00e3o dos \u00f4nibus\u201d, ressaltou. Aparte A deputada Linda Brasil (PSOL) se somou ao deputado Paulo J\u00fanior, ela falou sobre a expectativa para que o cons\u00f3rcio do transporte p\u00fablico da regi\u00e3o metropolitana possa ser finalizado. J\u00e1 o deputado Adailton Martins (PSD) ressaltou a import\u00e2ncia de uma fiscaliza\u00e7\u00e3o ainda mais efetiva na frota de \u00f4nibus e nas empresas que realizam o transporte p\u00fablico. Fonte: Alese<\/p>\n","protected":false},"author":1,"featured_media":1976,"comment_status":"open","ping_status":"open","sticky":false,"template":"","format":"standard","meta":{"footnotes":""},"categories":[32],"tags":[106],"class_list":["post-1975","post","type-post","status-publish","format-standard","has-post-thumbnail","hentry","category-sergipe","tag-transportes"],"_links":{"self":[{"href":"https:\/\/resumosergipe.com.br\/index.php?rest_route=\/wp\/v2\/posts\/1975","targetHints":{"allow":["GET"]}}],"collection":[{"href":"https:\/\/resumosergipe.com.br\/index.php?rest_route=\/wp\/v2\/posts"}],"about":[{"href":"https:\/\/resumosergipe.com.br\/index.php?rest_route=\/wp\/v2\/types\/post"}],"author":[{"embeddable":true,"href":"https:\/\/resumosergipe.com.br\/index.php?rest_route=\/wp\/v2\/users\/1"}],"replies":[{"embeddable":true,"href":"https:\/\/resumosergipe.com.br\/index.php?rest_route=%2Fwp%2Fv2%2Fcomments&post=1975"}],"version-history":[{"count":2,"href":"https:\/\/resumosergipe.com.br\/index.php?rest_route=\/wp\/v2\/posts\/1975\/revisions"}],"predecessor-version":[{"id":1981,"href":"https:\/\/resumosergipe.com.br\/index.php?rest_route=\/wp\/v2\/posts\/1975\/revisions\/1981"}],"wp:featuredmedia":[{"embeddable":true,"href":"https:\/\/resumosergipe.com.br\/index.php?rest_route=\/wp\/v2\/media\/1976"}],"wp:attachment":[{"href":"https:\/\/resumosergipe.com.br\/index.php?rest_route=%2Fwp%2Fv2%2Fmedia&parent=1975"}],"wp:term":[{"taxonomy":"category","embeddable":true,"href":"https:\/\/resumosergipe.com.br\/index.php?rest_route=%2Fwp%2Fv2%2Fcategories&post=1975"},{"taxonomy":"post_tag","embeddable":true,"href":"https:\/\/resumosergipe.com.br\/index.php?rest_route=%2Fwp%2Fv2%2Ftags&post=1975"}],"curies":[{"name":"wp","href":"https:\/\/api.w.org\/{rel}","templated":true}]}}