{"id":1978,"date":"2024-06-25T16:19:38","date_gmt":"2024-06-25T19:19:38","guid":{"rendered":"https:\/\/resumosergipe.com.br\/?p=1978"},"modified":"2024-06-25T16:20:21","modified_gmt":"2024-06-25T19:20:21","slug":"georgeo-passos-agradece-apoio-apos-acidente-automobilistico","status":"publish","type":"post","link":"https:\/\/resumosergipe.com.br\/?p=1978","title":{"rendered":"Georgeo Passos agradece apoio ap\u00f3s acidente automobil\u00edstico"},"content":{"rendered":"\n<p>Na Tribuna da Assembleia Legislativa de Sergipe (Alese), o deputado estadual Georgeo Passos (Cidadania) expressou sua gratid\u00e3o aos colegas deputados, servidores da Alese, amigos e \u00e0 popula\u00e7\u00e3o sergipana pelo apoio e preocupa\u00e7\u00e3o demonstrados ap\u00f3s o acidente automobil\u00edstico que sofreu com suas duas filhas no \u00faltimo dia 17. O incidente ocorreu na rua Niceu Dantas, no bairro Atalaia, em Aracaju.<\/p>\n\n\n\n<p>Georgeo Passos destacou que as manifesta\u00e7\u00f5es de carinho recebidas demonstram o respeito e a afei\u00e7\u00e3o que a popula\u00e7\u00e3o tem por seu mandato. Ele compartilhou que, ap\u00f3s o acidente, fez quest\u00e3o de comparecer \u00e0 feira de Ribeir\u00f3polis para cumprimentar os moradores locais e de outras regi\u00f5es, como Nossa Senhora Aparecida, ressaltando a energia positiva que isso lhe proporcionou.<\/p>\n\n\n\n<p>O deputado relatou que o acidente foi particularmente angustiante por estar acompanhado de suas filhas, de 12 e 5 anos. Felizmente, todos sa\u00edram ilesos e foram liberados do hospital no mesmo dia. Georgeo atribuiu a prote\u00e7\u00e3o divina e o uso do cinto de seguran\u00e7a como fatores cruciais para a seguran\u00e7a de sua fam\u00edlia durante o acidente.<\/p>\n\n\n\n<p>\u201cGra\u00e7as a Deus, minhas filhas est\u00e3o bem e j\u00e1 est\u00e3o brincando e se divertindo. Quero agradecer a prote\u00e7\u00e3o divina e destacar a import\u00e2ncia do uso do cinto de seguran\u00e7a, que fez toda a diferen\u00e7a, especialmente para minha filha mais nova, que estava no banco de tr\u00e1s\u201d, afirmou o deputado.<\/p>\n\n\n\n<p>Ele tamb\u00e9m agradeceu \u00e0s diversas manifesta\u00e7\u00f5es de apoio recebidas, incluindo a do governador do estado, F\u00e1bio Mitidieri, e ressaltou sua gratid\u00e3o ao povo de Sergipe. Georgeo Passos encerrou seu discurso reafirmando seu compromisso em continuar trabalhando pelo bem-estar da popula\u00e7\u00e3o sergipana e expressando sua especial afei\u00e7\u00e3o por Ribeir\u00f3polis.<\/p>\n\n\n\n<p>TV Alese \u2013 20 Anos<\/p>\n\n\n\n<p>Georgeo Passos aproveitou a oportunidade e parabenizou a TV Alese por seus 20 anos de funda\u00e7\u00e3o e todos os seus colaboradores. \u201cEssa \u00e9 uma TV que leva informa\u00e7\u00f5es sobre tudo que acontece no parlamento sergipano. Criada na gest\u00e3o de meu pai, Ant\u00f4nio Passos, a TV Alese vem sendo muito bem cuidada por todos os presidentes que o sucederam. Hoje, com certeza, a TV Alese \u00e9 um orgulho para todos n\u00f3s parlamentares\u201d, destacou Georgeo.<\/p>\n\n\n\n<p><em>Fonte: Alese<\/em><\/p>\n","protected":false},"excerpt":{"rendered":"<p>Na Tribuna da Assembleia Legislativa de Sergipe (Alese), o deputado estadual Georgeo Passos (Cidadania) expressou sua gratid\u00e3o aos colegas deputados, servidores da Alese, amigos e \u00e0 popula\u00e7\u00e3o sergipana pelo apoio e preocupa\u00e7\u00e3o demonstrados ap\u00f3s o acidente automobil\u00edstico que sofreu com suas duas filhas no \u00faltimo dia 17. O incidente ocorreu na rua Niceu Dantas, no bairro Atalaia, em Aracaju. Georgeo Passos destacou que as manifesta\u00e7\u00f5es de carinho recebidas demonstram o respeito e a afei\u00e7\u00e3o que a popula\u00e7\u00e3o tem por seu mandato. Ele compartilhou que, ap\u00f3s o acidente, fez quest\u00e3o de comparecer \u00e0 feira de Ribeir\u00f3polis para cumprimentar os moradores locais e de outras regi\u00f5es, como Nossa Senhora Aparecida, ressaltando a energia positiva que isso lhe proporcionou. O deputado relatou que o acidente foi particularmente angustiante por estar acompanhado de suas filhas, de 12 e 5 anos. Felizmente, todos sa\u00edram ilesos e foram liberados do hospital no mesmo dia. Georgeo atribuiu a prote\u00e7\u00e3o divina e o uso do cinto de seguran\u00e7a como fatores cruciais para a seguran\u00e7a de sua fam\u00edlia durante o acidente. \u201cGra\u00e7as a Deus, minhas filhas est\u00e3o bem e j\u00e1 est\u00e3o brincando e se divertindo. Quero agradecer a prote\u00e7\u00e3o divina e destacar a import\u00e2ncia do uso do cinto de seguran\u00e7a, que fez toda a diferen\u00e7a, especialmente para minha filha mais nova, que estava no banco de tr\u00e1s\u201d, afirmou o deputado. Ele tamb\u00e9m agradeceu \u00e0s diversas manifesta\u00e7\u00f5es de apoio recebidas, incluindo a do governador do estado, F\u00e1bio Mitidieri, e ressaltou sua gratid\u00e3o ao povo de Sergipe. Georgeo Passos encerrou seu discurso reafirmando seu compromisso em continuar trabalhando pelo bem-estar da popula\u00e7\u00e3o sergipana e expressando sua especial afei\u00e7\u00e3o por Ribeir\u00f3polis. TV Alese \u2013 20 Anos Georgeo Passos aproveitou a oportunidade e parabenizou a TV Alese por seus 20 anos de funda\u00e7\u00e3o e todos os seus colaboradores. \u201cEssa \u00e9 uma TV que leva informa\u00e7\u00f5es sobre tudo que acontece no parlamento sergipano. Criada na gest\u00e3o de meu pai, Ant\u00f4nio Passos, a TV Alese vem sendo muito bem cuidada por todos os presidentes que o sucederam. Hoje, com certeza, a TV Alese \u00e9 um orgulho para todos n\u00f3s parlamentares\u201d, destacou Georgeo. Fonte: Alese<\/p>\n","protected":false},"author":1,"featured_media":1908,"comment_status":"open","ping_status":"open","sticky":false,"template":"","format":"standard","meta":{"footnotes":""},"categories":[61],"tags":[56],"class_list":["post-1978","post","type-post","status-publish","format-standard","has-post-thumbnail","hentry","category-aracaju","tag-transito"],"_links":{"self":[{"href":"https:\/\/resumosergipe.com.br\/index.php?rest_route=\/wp\/v2\/posts\/1978","targetHints":{"allow":["GET"]}}],"collection":[{"href":"https:\/\/resumosergipe.com.br\/index.php?rest_route=\/wp\/v2\/posts"}],"about":[{"href":"https:\/\/resumosergipe.com.br\/index.php?rest_route=\/wp\/v2\/types\/post"}],"author":[{"embeddable":true,"href":"https:\/\/resumosergipe.com.br\/index.php?rest_route=\/wp\/v2\/users\/1"}],"replies":[{"embeddable":true,"href":"https:\/\/resumosergipe.com.br\/index.php?rest_route=%2Fwp%2Fv2%2Fcomments&post=1978"}],"version-history":[{"count":3,"href":"https:\/\/resumosergipe.com.br\/index.php?rest_route=\/wp\/v2\/posts\/1978\/revisions"}],"predecessor-version":[{"id":1982,"href":"https:\/\/resumosergipe.com.br\/index.php?rest_route=\/wp\/v2\/posts\/1978\/revisions\/1982"}],"wp:featuredmedia":[{"embeddable":true,"href":"https:\/\/resumosergipe.com.br\/index.php?rest_route=\/wp\/v2\/media\/1908"}],"wp:attachment":[{"href":"https:\/\/resumosergipe.com.br\/index.php?rest_route=%2Fwp%2Fv2%2Fmedia&parent=1978"}],"wp:term":[{"taxonomy":"category","embeddable":true,"href":"https:\/\/resumosergipe.com.br\/index.php?rest_route=%2Fwp%2Fv2%2Fcategories&post=1978"},{"taxonomy":"post_tag","embeddable":true,"href":"https:\/\/resumosergipe.com.br\/index.php?rest_route=%2Fwp%2Fv2%2Ftags&post=1978"}],"curies":[{"name":"wp","href":"https:\/\/api.w.org\/{rel}","templated":true}]}}