{"id":2058,"date":"2024-08-07T18:47:38","date_gmt":"2024-08-07T21:47:38","guid":{"rendered":"https:\/\/resumosergipe.com.br\/?p=2058"},"modified":"2024-08-07T18:47:39","modified_gmt":"2024-08-07T21:47:39","slug":"promualese-realizara-seminario-sobre-inclusao-de-grupos-reflexivos-na-politica-de-enfrentamento-a-violencia","status":"publish","type":"post","link":"https:\/\/resumosergipe.com.br\/?p=2058","title":{"rendered":"PROMUALESE realizar\u00e1 semin\u00e1rio sobre \u2018Inclus\u00e3o de Grupos Reflexivos na Pol\u00edtica de Enfrentamento \u00e0 Viol\u00eancia\u2019"},"content":{"rendered":"\n<p>A&nbsp;<strong>Procuradoria Especial da Mulher da Assembleia Legislativa de Sergipe<\/strong>&nbsp;(Alese), promover\u00e1 no dia 19 de agosto, a partir das 14h, no plen\u00e1rio da Alese, um semin\u00e1rio intitulado&nbsp;<strong>\u201dInclus\u00e3o de Grupos Reflexivos na Pol\u00edtica de Enfrentamento \u00e0 Viol\u00eancia\u2019<\/strong>.<\/p>\n\n\n\n<p>Este semin\u00e1rio, que discutir\u00e1 a import\u00e2ncia da inclus\u00e3o dos grupos reflexivos como interven\u00e7\u00e3o na pol\u00edtica de enfrentamento \u00e0 viol\u00eancia e sua articula\u00e7\u00e3o com os servi\u00e7os e programas de atendimento \u00e0s mulheres, faz parte das a\u00e7\u00f5es do&nbsp;<strong>\u2018Agosto Lil\u00e1s\u2019<\/strong>&nbsp;\u2013 uma campanha que visa o combate \u00e0 viol\u00eancia dom\u00e9stica e a promo\u00e7\u00e3o dos direitos das mulheres.<\/p>\n\n\n\n<p>O evento contar\u00e1 com a presen\u00e7a de especialistas e profissionais renomados que discutir\u00e3o estrat\u00e9gias e pr\u00e1ticas para aprimorar as pol\u00edticas p\u00fablicas voltadas ao enfrentamento da viol\u00eancia contra as mulheres.<\/p>\n\n\n\n<p>A deputada estadual&nbsp;<strong>Maisa Mitidieri (PSD)<\/strong>, procuradora da Mulher da Alese,&nbsp; refor\u00e7a a import\u00e2ncia do evento e convida a toda comunidade para fazer parte desse momento.<\/p>\n\n\n\n<p>\u201cAtrav\u00e9s do semin\u00e1rio, poderemos fortalecer nossas redes de apoio e influenciar pol\u00edticas p\u00fablicas, contribuindo assim para a constru\u00e7\u00e3o de um ambiente mais seguro e igualit\u00e1rio para todas as mulheres. Com isso, acredito que a participa\u00e7\u00e3o de diversas \u00e1reas da sociedade se faz necess\u00e1rias para que possamos engrandecer ainda mais essa ocasi\u00e3o\u201d, afirmou&nbsp; a parlamentar.<\/p>\n\n\n\n<p><strong>Programa\u00e7\u00e3o:<\/strong><\/p>\n\n\n\n<p>14h \u2013 Recep\u00e7\u00e3o e Abertura com a Procuradora da Mulher, Deputada&nbsp;Maisa&nbsp;Mitidieri<\/p>\n\n\n\n<p>14:30 \u2013 Palestra com o Prof. Dr. David Tiago Cardoso, especialista em Psicologia Social e Cultura pela Universidade Federal de Santa Catarina<\/p>\n\n\n\n<p>15:30 \u2013 Painel de Debatedores:<\/p>\n\n\n\n<p><em>Dra. Ver\u00f4nica\u00a0Lazar, Promotora de Justi\u00e7a e Diretora do CAOP da Mulher do MP\/SE<\/em><\/p>\n\n\n\n<p><em>Prof. Dra.\u00a0Grasielle\u00a0Vieira, autora do livro \u201cGrupos Reflexivos para autores de viol\u00eancia dom\u00e9stica: responsabiliza\u00e7\u00e3o e restaura\u00e7\u00e3o\u201d<\/em><\/p>\n\n\n\n<p>16:30 \u2013 Encerramento<\/p>\n\n\n\n<p>17:00 \u2013&nbsp;Coffee&nbsp;Break<\/p>\n\n\n\n<p>Inscri\u00e7\u00f5es: <br>As vagas s\u00e3o limitadas e os interessados devem realizar a inscri\u00e7\u00e3o no site da <a href=\"https:\/\/al.se.leg.br\/promualese-realizara-seminario-sobre-inclusao-de-grupos-reflexivos-na-politica-de-enfrentamento-a-violencia\/\" target=\"_blank\" rel=\"noreferrer noopener\">Alese<\/a>. Ser\u00e3o entregues certificados aos participantes. Para mais informa\u00e7\u00f5es, entre em contato com a equipe da Procuradoria da Mulher pelo telefone (79) 3216-6824.<\/p>\n\n\n\n<p><em>Fonte: Alese<br>Aracaju, 07 de agosto de 2024<\/em><\/p>\n","protected":false},"excerpt":{"rendered":"<p>A&nbsp;Procuradoria Especial da Mulher da Assembleia Legislativa de Sergipe&nbsp;(Alese), promover\u00e1 no dia 19 de agosto, a partir das 14h, no plen\u00e1rio da Alese, um semin\u00e1rio intitulado&nbsp;\u201dInclus\u00e3o de Grupos Reflexivos na Pol\u00edtica de Enfrentamento \u00e0 Viol\u00eancia\u2019. Este semin\u00e1rio, que discutir\u00e1 a import\u00e2ncia da inclus\u00e3o dos grupos reflexivos como interven\u00e7\u00e3o na pol\u00edtica de enfrentamento \u00e0 viol\u00eancia e sua articula\u00e7\u00e3o com os servi\u00e7os e programas de atendimento \u00e0s mulheres, faz parte das a\u00e7\u00f5es do&nbsp;\u2018Agosto Lil\u00e1s\u2019&nbsp;\u2013 uma campanha que visa o combate \u00e0 viol\u00eancia dom\u00e9stica e a promo\u00e7\u00e3o dos direitos das mulheres. O evento contar\u00e1 com a presen\u00e7a de especialistas e profissionais renomados que discutir\u00e3o estrat\u00e9gias e pr\u00e1ticas para aprimorar as pol\u00edticas p\u00fablicas voltadas ao enfrentamento da viol\u00eancia contra as mulheres. A deputada estadual&nbsp;Maisa Mitidieri (PSD), procuradora da Mulher da Alese,&nbsp; refor\u00e7a a import\u00e2ncia do evento e convida a toda comunidade para fazer parte desse momento. \u201cAtrav\u00e9s do semin\u00e1rio, poderemos fortalecer nossas redes de apoio e influenciar pol\u00edticas p\u00fablicas, contribuindo assim para a constru\u00e7\u00e3o de um ambiente mais seguro e igualit\u00e1rio para todas as mulheres. Com isso, acredito que a participa\u00e7\u00e3o de diversas \u00e1reas da sociedade se faz necess\u00e1rias para que possamos engrandecer ainda mais essa ocasi\u00e3o\u201d, afirmou&nbsp; a parlamentar. Programa\u00e7\u00e3o: 14h \u2013 Recep\u00e7\u00e3o e Abertura com a Procuradora da Mulher, Deputada&nbsp;Maisa&nbsp;Mitidieri 14:30 \u2013 Palestra com o Prof. Dr. David Tiago Cardoso, especialista em Psicologia Social e Cultura pela Universidade Federal de Santa Catarina 15:30 \u2013 Painel de Debatedores: Dra. Ver\u00f4nica\u00a0Lazar, Promotora de Justi\u00e7a e Diretora do CAOP da Mulher do MP\/SE Prof. Dra.\u00a0Grasielle\u00a0Vieira, autora do livro \u201cGrupos Reflexivos para autores de viol\u00eancia dom\u00e9stica: responsabiliza\u00e7\u00e3o e restaura\u00e7\u00e3o\u201d 16:30 \u2013 Encerramento 17:00 \u2013&nbsp;Coffee&nbsp;Break Inscri\u00e7\u00f5es: As vagas s\u00e3o limitadas e os interessados devem realizar a inscri\u00e7\u00e3o no site da Alese. Ser\u00e3o entregues certificados aos participantes. Para mais informa\u00e7\u00f5es, entre em contato com a equipe da Procuradoria da Mulher pelo telefone (79) 3216-6824. Fonte: AleseAracaju, 07 de agosto de 2024<\/p>\n","protected":false},"author":1,"featured_media":2059,"comment_status":"open","ping_status":"open","sticky":false,"template":"","format":"standard","meta":{"footnotes":""},"categories":[31],"tags":[38],"class_list":["post-2058","post","type-post","status-publish","format-standard","has-post-thumbnail","hentry","category-geral","tag-alese"],"_links":{"self":[{"href":"https:\/\/resumosergipe.com.br\/index.php?rest_route=\/wp\/v2\/posts\/2058","targetHints":{"allow":["GET"]}}],"collection":[{"href":"https:\/\/resumosergipe.com.br\/index.php?rest_route=\/wp\/v2\/posts"}],"about":[{"href":"https:\/\/resumosergipe.com.br\/index.php?rest_route=\/wp\/v2\/types\/post"}],"author":[{"embeddable":true,"href":"https:\/\/resumosergipe.com.br\/index.php?rest_route=\/wp\/v2\/users\/1"}],"replies":[{"embeddable":true,"href":"https:\/\/resumosergipe.com.br\/index.php?rest_route=%2Fwp%2Fv2%2Fcomments&post=2058"}],"version-history":[{"count":1,"href":"https:\/\/resumosergipe.com.br\/index.php?rest_route=\/wp\/v2\/posts\/2058\/revisions"}],"predecessor-version":[{"id":2060,"href":"https:\/\/resumosergipe.com.br\/index.php?rest_route=\/wp\/v2\/posts\/2058\/revisions\/2060"}],"wp:featuredmedia":[{"embeddable":true,"href":"https:\/\/resumosergipe.com.br\/index.php?rest_route=\/wp\/v2\/media\/2059"}],"wp:attachment":[{"href":"https:\/\/resumosergipe.com.br\/index.php?rest_route=%2Fwp%2Fv2%2Fmedia&parent=2058"}],"wp:term":[{"taxonomy":"category","embeddable":true,"href":"https:\/\/resumosergipe.com.br\/index.php?rest_route=%2Fwp%2Fv2%2Fcategories&post=2058"},{"taxonomy":"post_tag","embeddable":true,"href":"https:\/\/resumosergipe.com.br\/index.php?rest_route=%2Fwp%2Fv2%2Ftags&post=2058"}],"curies":[{"name":"wp","href":"https:\/\/api.w.org\/{rel}","templated":true}]}}