{"id":2061,"date":"2024-08-07T19:06:41","date_gmt":"2024-08-07T22:06:41","guid":{"rendered":"https:\/\/resumosergipe.com.br\/?p=2061"},"modified":"2024-08-07T19:06:42","modified_gmt":"2024-08-07T22:06:42","slug":"reabertura-da-casa-de-cultura-silvio-romero-fortalecera-turismo-historico-cultural-em-sergipe","status":"publish","type":"post","link":"https:\/\/resumosergipe.com.br\/?p=2061","title":{"rendered":"Reabertura da Casa de Cultura S\u00edlvio Romero fortalecer\u00e1 turismo hist\u00f3rico-cultural em Sergipe"},"content":{"rendered":"\n<p>O Governo de Sergipe entregou a obra de reforma, restaura\u00e7\u00e3o e amplia\u00e7\u00e3o da Casa de Cultura S\u00edlvio Romero na manh\u00e3 desta ter\u00e7a-feira, 6, no munic\u00edpio de Lagarto, localizado no centro-sul sergipano. Patrim\u00f4nio que resgata a import\u00e2ncia e o legado do escritor lagartense, o im\u00f3vel centen\u00e1rio se confirma como refer\u00eancia na preserva\u00e7\u00e3o das ra\u00edzes e no fomento do turismo hist\u00f3rico-cultural de Lagarto e regi\u00e3o. Com a obra, a gest\u00e3o estadual promove o desenvolvimento tur\u00edstico no estado, \u00e0 medida que incrementa mais uma op\u00e7\u00e3o para os visitantes que v\u00eam de outros estados e que querem conhecer um pouco mais sobre a cultura e a hist\u00f3ria de Sergipe.&nbsp;<\/p>\n\n\n\n<p>O investimento para a obra foi de mais de R$ 3 milh\u00f5es, frutos de recursos do Tesouro Estadual e de emenda parlamentar do secret\u00e1rio Especial de Representa\u00e7\u00e3o de Sergipe em Bras\u00edlia, F\u00e1bio Reis, enquanto exercia o mandato de deputado federal. Ressalte-se que se trata de um projeto cuja capta\u00e7\u00e3o foi da Secretaria de Estado do Turismo (Setur). Para o gerenciamento e a fiscaliza\u00e7\u00e3o, por meio de um Termo de Coopera\u00e7\u00e3o T\u00e9cnica, a pasta contou com a Secretaria de Estado do Desenvolvimento Urbano e Infraestrutura (Sedurbi). Tamb\u00e9m \u00e9 importante destacar que o projeto de reforma, restaura\u00e7\u00e3o e amplia\u00e7\u00e3o da Casa de Cultura S\u00edlvio Romero tem assinatura da renomada arquiteta sergipana Ana Lib\u00f3rio e foi executado pela Camel Empreendimentos e Constru\u00e7\u00f5es Ltda.<\/p>\n\n\n\n<p>O secret\u00e1rio de Estado do Turismo, Marcos Franco, salienta a import\u00e2ncia das melhorias implementadas no monumento hist\u00f3rico, que \u00e9 refer\u00eancia na cultura sergipana. \u201cA Casa de Cultura S\u00edlvio Romero preserva a hist\u00f3ria e a cultura do nosso estado, com destaque para a trajet\u00f3ria e o legado deixado pelo escritor lagartense. E n\u00e3o h\u00e1 d\u00favida de como essa reforma tamb\u00e9m \u00e9 important\u00edssima para o turismo de Sergipe. Depois de tanto tempo inativo, agora, temos um \u2018novo\u2019 equipamento, ainda mais bonito, moderno e aconchegante, que vai, sim, atrair visitantes e turistas para Lagarto\u201d, declarou.<\/p>\n\n\n\n<p>De acordo com o secret\u00e1rio de Estado do Desenvolvimento Urbano e Infraestrutura, Igor Albuquerque, ao reformar, restaurar e ampliar a Casa de Cultura S\u00edlvio Romero, o Governo do Estado n\u00e3o apenas preserva uma constru\u00e7\u00e3o centen\u00e1ria, mas, sobretudo, reacende a import\u00e2ncia e o legado hist\u00f3rico do sergipano que, al\u00e9m de historiador e folclorista, foi deputado federal e integrou diversas associa\u00e7\u00f5es liter\u00e1rias no Brasil. \u201cOs servi\u00e7os de revitaliza\u00e7\u00e3o do local foram executados de maneira minuciosa, preservando as caracter\u00edsticas originais da edifica\u00e7\u00e3o e garantindo para as novas gera\u00e7\u00f5es, em especial os lagartenses, um espa\u00e7o apropriado para diversas atividades e manifesta\u00e7\u00f5es culturais\u201d, ressaltou.<\/p>\n\n\n\n<p><strong>Pr\u00e9dio secular<\/strong><\/p>\n\n\n\n<p>Localizado na Rua Major Mizael Mendon\u00e7a, no Centro de Lagarto, o im\u00f3vel pertencia \u00e0 fam\u00edlia do jornalista, folclorista, professor e historiador lagartense S\u00edlvio Romero. Ap\u00f3s a morte dele, transformou-se num memorial, sendo tombado em 1995 pelo Patrim\u00f4nio de Sergipe. O pr\u00e9dio j\u00e1 abrigou, em per\u00edodos distintos, a Associa\u00e7\u00e3o Cultural de Lagarto, o Memorial de Lagarto e a Biblioteca P\u00fablica Municipal, mas estava fechado desde 2014. Preocupado em preservar a hist\u00f3ria sergipana e em dar uma destina\u00e7\u00e3o funcional ao pr\u00e9dio, o governador F\u00e1bio Mitidieri autorizou, em junho de 2023, a recupera\u00e7\u00e3o de toda a estrutura f\u00edsica do centro cultural.<\/p>\n\n\n\n<p>Entre as interven\u00e7\u00f5es no pr\u00e9dio centen\u00e1rio, est\u00e3o a instala\u00e7\u00e3o de prote\u00e7\u00e3o de inc\u00eandio, veda\u00e7\u00e3o com cerca, a fim de impedir ocupa\u00e7\u00f5es e vandalismo, limpeza, dedetiza\u00e7\u00e3o, corre\u00e7\u00e3o de rachaduras e neutraliza\u00e7\u00e3o de infiltra\u00e7\u00f5es, reconstitui\u00e7\u00e3o do madeiramento de acordo com o original, restaura\u00e7\u00e3o das pinturas e de todas as pe\u00e7as originais de madeira, instala\u00e7\u00f5es el\u00e9trica e hidrossanit\u00e1rias, constru\u00e7\u00e3o de rampa de acessibilidade e de rotas acess\u00edveis, e barreira qu\u00edmica no entorno, al\u00e9m de paisagismo. A Casa de Cultura S\u00edlvio Romero disp\u00f5e de seis salas, duas delas j\u00e1 est\u00e3o reservadas para funcionamento da Academia Lagartense de Letras. Nas outras salas, um dos espa\u00e7os servir\u00e1 de biblioteca e outro para exposi\u00e7\u00f5es itinerantes.<\/p>\n\n\n\n<p><em>Fonte: SETUR<br>Aracaju, 07 de agosto de 2024<\/em><\/p>\n","protected":false},"excerpt":{"rendered":"<p>O Governo de Sergipe entregou a obra de reforma, restaura\u00e7\u00e3o e amplia\u00e7\u00e3o da Casa de Cultura S\u00edlvio Romero na manh\u00e3 desta ter\u00e7a-feira, 6, no munic\u00edpio de Lagarto, localizado no centro-sul sergipano. Patrim\u00f4nio que resgata a import\u00e2ncia e o legado do escritor lagartense, o im\u00f3vel centen\u00e1rio se confirma como refer\u00eancia na preserva\u00e7\u00e3o das ra\u00edzes e no fomento do turismo hist\u00f3rico-cultural de Lagarto e regi\u00e3o. Com a obra, a gest\u00e3o estadual promove o desenvolvimento tur\u00edstico no estado, \u00e0 medida que incrementa mais uma op\u00e7\u00e3o para os visitantes que v\u00eam de outros estados e que querem conhecer um pouco mais sobre a cultura e a hist\u00f3ria de Sergipe.&nbsp; O investimento para a obra foi de mais de R$ 3 milh\u00f5es, frutos de recursos do Tesouro Estadual e de emenda parlamentar do secret\u00e1rio Especial de Representa\u00e7\u00e3o de Sergipe em Bras\u00edlia, F\u00e1bio Reis, enquanto exercia o mandato de deputado federal. Ressalte-se que se trata de um projeto cuja capta\u00e7\u00e3o foi da Secretaria de Estado do Turismo (Setur). Para o gerenciamento e a fiscaliza\u00e7\u00e3o, por meio de um Termo de Coopera\u00e7\u00e3o T\u00e9cnica, a pasta contou com a Secretaria de Estado do Desenvolvimento Urbano e Infraestrutura (Sedurbi). Tamb\u00e9m \u00e9 importante destacar que o projeto de reforma, restaura\u00e7\u00e3o e amplia\u00e7\u00e3o da Casa de Cultura S\u00edlvio Romero tem assinatura da renomada arquiteta sergipana Ana Lib\u00f3rio e foi executado pela Camel Empreendimentos e Constru\u00e7\u00f5es Ltda. O secret\u00e1rio de Estado do Turismo, Marcos Franco, salienta a import\u00e2ncia das melhorias implementadas no monumento hist\u00f3rico, que \u00e9 refer\u00eancia na cultura sergipana. \u201cA Casa de Cultura S\u00edlvio Romero preserva a hist\u00f3ria e a cultura do nosso estado, com destaque para a trajet\u00f3ria e o legado deixado pelo escritor lagartense. E n\u00e3o h\u00e1 d\u00favida de como essa reforma tamb\u00e9m \u00e9 important\u00edssima para o turismo de Sergipe. Depois de tanto tempo inativo, agora, temos um \u2018novo\u2019 equipamento, ainda mais bonito, moderno e aconchegante, que vai, sim, atrair visitantes e turistas para Lagarto\u201d, declarou. De acordo com o secret\u00e1rio de Estado do Desenvolvimento Urbano e Infraestrutura, Igor Albuquerque, ao reformar, restaurar e ampliar a Casa de Cultura S\u00edlvio Romero, o Governo do Estado n\u00e3o apenas preserva uma constru\u00e7\u00e3o centen\u00e1ria, mas, sobretudo, reacende a import\u00e2ncia e o legado hist\u00f3rico do sergipano que, al\u00e9m de historiador e folclorista, foi deputado federal e integrou diversas associa\u00e7\u00f5es liter\u00e1rias no Brasil. \u201cOs servi\u00e7os de revitaliza\u00e7\u00e3o do local foram executados de maneira minuciosa, preservando as caracter\u00edsticas originais da edifica\u00e7\u00e3o e garantindo para as novas gera\u00e7\u00f5es, em especial os lagartenses, um espa\u00e7o apropriado para diversas atividades e manifesta\u00e7\u00f5es culturais\u201d, ressaltou. Pr\u00e9dio secular Localizado na Rua Major Mizael Mendon\u00e7a, no Centro de Lagarto, o im\u00f3vel pertencia \u00e0 fam\u00edlia do jornalista, folclorista, professor e historiador lagartense S\u00edlvio Romero. Ap\u00f3s a morte dele, transformou-se num memorial, sendo tombado em 1995 pelo Patrim\u00f4nio de Sergipe. O pr\u00e9dio j\u00e1 abrigou, em per\u00edodos distintos, a Associa\u00e7\u00e3o Cultural de Lagarto, o Memorial de Lagarto e a Biblioteca P\u00fablica Municipal, mas estava fechado desde 2014. Preocupado em preservar a hist\u00f3ria sergipana e em dar uma destina\u00e7\u00e3o funcional ao pr\u00e9dio, o governador F\u00e1bio Mitidieri autorizou, em junho de 2023, a recupera\u00e7\u00e3o de toda a estrutura f\u00edsica do centro cultural. Entre as interven\u00e7\u00f5es no pr\u00e9dio centen\u00e1rio, est\u00e3o a instala\u00e7\u00e3o de prote\u00e7\u00e3o de inc\u00eandio, veda\u00e7\u00e3o com cerca, a fim de impedir ocupa\u00e7\u00f5es e vandalismo, limpeza, dedetiza\u00e7\u00e3o, corre\u00e7\u00e3o de rachaduras e neutraliza\u00e7\u00e3o de infiltra\u00e7\u00f5es, reconstitui\u00e7\u00e3o do madeiramento de acordo com o original, restaura\u00e7\u00e3o das pinturas e de todas as pe\u00e7as originais de madeira, instala\u00e7\u00f5es el\u00e9trica e hidrossanit\u00e1rias, constru\u00e7\u00e3o de rampa de acessibilidade e de rotas acess\u00edveis, e barreira qu\u00edmica no entorno, al\u00e9m de paisagismo. A Casa de Cultura S\u00edlvio Romero disp\u00f5e de seis salas, duas delas j\u00e1 est\u00e3o reservadas para funcionamento da Academia Lagartense de Letras. Nas outras salas, um dos espa\u00e7os servir\u00e1 de biblioteca e outro para exposi\u00e7\u00f5es itinerantes. Fonte: SETURAracaju, 07 de agosto de 2024<\/p>\n","protected":false},"author":1,"featured_media":2062,"comment_status":"open","ping_status":"open","sticky":false,"template":"","format":"standard","meta":{"footnotes":""},"categories":[116],"tags":[80],"class_list":["post-2061","post","type-post","status-publish","format-standard","has-post-thumbnail","hentry","category-governo","tag-cultura"],"_links":{"self":[{"href":"https:\/\/resumosergipe.com.br\/index.php?rest_route=\/wp\/v2\/posts\/2061","targetHints":{"allow":["GET"]}}],"collection":[{"href":"https:\/\/resumosergipe.com.br\/index.php?rest_route=\/wp\/v2\/posts"}],"about":[{"href":"https:\/\/resumosergipe.com.br\/index.php?rest_route=\/wp\/v2\/types\/post"}],"author":[{"embeddable":true,"href":"https:\/\/resumosergipe.com.br\/index.php?rest_route=\/wp\/v2\/users\/1"}],"replies":[{"embeddable":true,"href":"https:\/\/resumosergipe.com.br\/index.php?rest_route=%2Fwp%2Fv2%2Fcomments&post=2061"}],"version-history":[{"count":1,"href":"https:\/\/resumosergipe.com.br\/index.php?rest_route=\/wp\/v2\/posts\/2061\/revisions"}],"predecessor-version":[{"id":2063,"href":"https:\/\/resumosergipe.com.br\/index.php?rest_route=\/wp\/v2\/posts\/2061\/revisions\/2063"}],"wp:featuredmedia":[{"embeddable":true,"href":"https:\/\/resumosergipe.com.br\/index.php?rest_route=\/wp\/v2\/media\/2062"}],"wp:attachment":[{"href":"https:\/\/resumosergipe.com.br\/index.php?rest_route=%2Fwp%2Fv2%2Fmedia&parent=2061"}],"wp:term":[{"taxonomy":"category","embeddable":true,"href":"https:\/\/resumosergipe.com.br\/index.php?rest_route=%2Fwp%2Fv2%2Fcategories&post=2061"},{"taxonomy":"post_tag","embeddable":true,"href":"https:\/\/resumosergipe.com.br\/index.php?rest_route=%2Fwp%2Fv2%2Ftags&post=2061"}],"curies":[{"name":"wp","href":"https:\/\/api.w.org\/{rel}","templated":true}]}}