{"id":2119,"date":"2024-08-28T18:18:45","date_gmt":"2024-08-28T21:18:45","guid":{"rendered":"https:\/\/resumosergipe.com.br\/?p=2119"},"modified":"2024-08-28T18:18:45","modified_gmt":"2024-08-28T21:18:45","slug":"presidente-jeferson-andrade-recebe-visita-da-presidente-susana-azevedo-do-tce-se","status":"publish","type":"post","link":"https:\/\/resumosergipe.com.br\/?p=2119","title":{"rendered":"Presidente Jeferson Andrade recebe visita da Presidente Susana Azevedo do TCE-SE"},"content":{"rendered":"\n<p>O presidente da Assembleia Legislativa de Sergipe, deputado Jeferson Andrade (PSD), recebeu a visita de cortesia da presidente do Tribunal de Contas do Estado de Sergipe (TCE\/SE), conselheira Susana Azevedo, na manh\u00e3 desta quarta-feira (28).<\/p>\n\n\n\n<p>O encontro faz parte da rela\u00e7\u00e3o entre as institui\u00e7\u00f5es do estado e tem como objetivo manter o di\u00e1logo pr\u00f3ximo para o bom andamento do servi\u00e7o p\u00fablico. Na ocasi\u00e3o, Suzana Azevedo recebeu a Constitui\u00e7\u00e3o de Sergipe, em uma edi\u00e7\u00e3o administrativa, que foi promulgada em 5 de outubro de 1989, j\u00e1 com as altera\u00e7\u00f5es das emendas constitucionais de N\u00ba 01\/1990 a N\u00b0 57\/2022.<\/p>\n\n\n\n<p>A reuni\u00e3o foi realizada no Gabinete da Presid\u00eancia, no edif\u00edcio sede da Alese, localizado na Pra\u00e7a Fausto Cardoso, no centro de Aracaju.<\/p>\n\n\n\n<p><em>Fonte: Alese<br>Aracaju, 28 de agosto de 2024<\/em><\/p>\n","protected":false},"excerpt":{"rendered":"<p>O presidente da Assembleia Legislativa de Sergipe, deputado Jeferson Andrade (PSD), recebeu a visita de cortesia da presidente do Tribunal de Contas do Estado de Sergipe (TCE\/SE), conselheira Susana Azevedo, na manh\u00e3 desta quarta-feira (28). O encontro faz parte da rela\u00e7\u00e3o entre as institui\u00e7\u00f5es do estado e tem como objetivo manter o di\u00e1logo pr\u00f3ximo para o bom andamento do servi\u00e7o p\u00fablico. Na ocasi\u00e3o, Suzana Azevedo recebeu a Constitui\u00e7\u00e3o de Sergipe, em uma edi\u00e7\u00e3o administrativa, que foi promulgada em 5 de outubro de 1989, j\u00e1 com as altera\u00e7\u00f5es das emendas constitucionais de N\u00ba 01\/1990 a N\u00b0 57\/2022. A reuni\u00e3o foi realizada no Gabinete da Presid\u00eancia, no edif\u00edcio sede da Alese, localizado na Pra\u00e7a Fausto Cardoso, no centro de Aracaju. Fonte: AleseAracaju, 28 de agosto de 2024<\/p>\n","protected":false},"author":1,"featured_media":2120,"comment_status":"open","ping_status":"open","sticky":false,"template":"","format":"standard","meta":{"footnotes":""},"categories":[4],"tags":[38],"class_list":["post-2119","post","type-post","status-publish","format-standard","has-post-thumbnail","hentry","category-politica","tag-alese"],"_links":{"self":[{"href":"https:\/\/resumosergipe.com.br\/index.php?rest_route=\/wp\/v2\/posts\/2119","targetHints":{"allow":["GET"]}}],"collection":[{"href":"https:\/\/resumosergipe.com.br\/index.php?rest_route=\/wp\/v2\/posts"}],"about":[{"href":"https:\/\/resumosergipe.com.br\/index.php?rest_route=\/wp\/v2\/types\/post"}],"author":[{"embeddable":true,"href":"https:\/\/resumosergipe.com.br\/index.php?rest_route=\/wp\/v2\/users\/1"}],"replies":[{"embeddable":true,"href":"https:\/\/resumosergipe.com.br\/index.php?rest_route=%2Fwp%2Fv2%2Fcomments&post=2119"}],"version-history":[{"count":1,"href":"https:\/\/resumosergipe.com.br\/index.php?rest_route=\/wp\/v2\/posts\/2119\/revisions"}],"predecessor-version":[{"id":2121,"href":"https:\/\/resumosergipe.com.br\/index.php?rest_route=\/wp\/v2\/posts\/2119\/revisions\/2121"}],"wp:featuredmedia":[{"embeddable":true,"href":"https:\/\/resumosergipe.com.br\/index.php?rest_route=\/wp\/v2\/media\/2120"}],"wp:attachment":[{"href":"https:\/\/resumosergipe.com.br\/index.php?rest_route=%2Fwp%2Fv2%2Fmedia&parent=2119"}],"wp:term":[{"taxonomy":"category","embeddable":true,"href":"https:\/\/resumosergipe.com.br\/index.php?rest_route=%2Fwp%2Fv2%2Fcategories&post=2119"},{"taxonomy":"post_tag","embeddable":true,"href":"https:\/\/resumosergipe.com.br\/index.php?rest_route=%2Fwp%2Fv2%2Ftags&post=2119"}],"curies":[{"name":"wp","href":"https:\/\/api.w.org\/{rel}","templated":true}]}}