{"id":2128,"date":"2024-09-03T17:30:50","date_gmt":"2024-09-03T20:30:50","guid":{"rendered":"https:\/\/resumosergipe.com.br\/?p=2128"},"modified":"2024-09-03T17:30:50","modified_gmt":"2024-09-03T20:30:50","slug":"garibalde-mendonca-homenageia-ex-senadora-maria-do-carmo-alves","status":"publish","type":"post","link":"https:\/\/resumosergipe.com.br\/?p=2128","title":{"rendered":"Garibalde Mendon\u00e7a homenageia ex-senadora Maria do Carmo Alves"},"content":{"rendered":"\n<p>O vice-presidente da Assembleia Legislativa de Sergipe, deputado Garibalde Mendon\u00e7a (PDT), iniciou a sess\u00e3o, desta ter\u00e7a-feira (3), prestando uma homenagem a ex-senadora Maria do Carmo Alves. Ele falou em nome da Casa Legislativa, nesta primeira sess\u00e3o ap\u00f3s o ocorrido.<\/p>\n\n\n\n<p>Maria do Carmo Alves morreu no \u00faltimo s\u00e1bado (31), ap\u00f3s lutar contra um c\u00e2ncer no p\u00e2ncreas. O parlamentar destacou a import\u00e2ncia da ex-senadora para a pol\u00edtica e para o desenvolvimento social do estado.<\/p>\n\n\n\n<p>\u201cUma mulher que n\u00e3o apenas marcou a hist\u00f3ria pol\u00edtica de Sergipe, mas tamb\u00e9m gravou seu nome no cora\u00e7\u00e3o de todos os sergipanos. Maria do Carmo foi muito mais que uma senadora, foi uma defensora dos direitos humanos e uma batalhadora dedicada ao desenvolvimento social e econ\u00f4mico do nosso estado\u201d, afirmou.<\/p>\n\n\n\n<p>O deputado contou parte do hist\u00f3rico de sua vida, desde seu nascimento em Cedro de S\u00e3o Jo\u00e3o e o in\u00edcio da vida p\u00fablica como primeira-dama, ao lado do ent\u00e3o governador Jo\u00e3o Alves Filho, quando se destacou com seu trabalho social, at\u00e9 a elei\u00e7\u00e3o como senadora.<\/p>\n\n\n\n<p>\u201cNeste momento dif\u00edcil, quero expressar minhas condol\u00eancias aos familiares e amigos de Maria do Carmo. Que sua mem\u00f3ria seja sempre lembrada com o respeito e a gratid\u00e3o que ela merece e que sua trajet\u00f3ria inspire pessoas com seu exemplo de compromisso com o servi\u00e7o p\u00fablico e dedica\u00e7\u00e3o ao pr\u00f3ximo\u201d, falou. Foi realizado um minuto de sil\u00eancio em sua homenagem. As declara\u00e7\u00f5es ocorreram durante a sess\u00e3o plen\u00e1ria da Assembleia Legislativa de Sergipe.<\/p>\n\n\n\n<p><em>Fonte: Alese<br>Aracaju. 03 de setembro de 2024<\/em><\/p>\n","protected":false},"excerpt":{"rendered":"<p>O vice-presidente da Assembleia Legislativa de Sergipe, deputado Garibalde Mendon\u00e7a (PDT), iniciou a sess\u00e3o, desta ter\u00e7a-feira (3), prestando uma homenagem a ex-senadora Maria do Carmo Alves. Ele falou em nome da Casa Legislativa, nesta primeira sess\u00e3o ap\u00f3s o ocorrido. Maria do Carmo Alves morreu no \u00faltimo s\u00e1bado (31), ap\u00f3s lutar contra um c\u00e2ncer no p\u00e2ncreas. O parlamentar destacou a import\u00e2ncia da ex-senadora para a pol\u00edtica e para o desenvolvimento social do estado. \u201cUma mulher que n\u00e3o apenas marcou a hist\u00f3ria pol\u00edtica de Sergipe, mas tamb\u00e9m gravou seu nome no cora\u00e7\u00e3o de todos os sergipanos. Maria do Carmo foi muito mais que uma senadora, foi uma defensora dos direitos humanos e uma batalhadora dedicada ao desenvolvimento social e econ\u00f4mico do nosso estado\u201d, afirmou. O deputado contou parte do hist\u00f3rico de sua vida, desde seu nascimento em Cedro de S\u00e3o Jo\u00e3o e o in\u00edcio da vida p\u00fablica como primeira-dama, ao lado do ent\u00e3o governador Jo\u00e3o Alves Filho, quando se destacou com seu trabalho social, at\u00e9 a elei\u00e7\u00e3o como senadora. \u201cNeste momento dif\u00edcil, quero expressar minhas condol\u00eancias aos familiares e amigos de Maria do Carmo. Que sua mem\u00f3ria seja sempre lembrada com o respeito e a gratid\u00e3o que ela merece e que sua trajet\u00f3ria inspire pessoas com seu exemplo de compromisso com o servi\u00e7o p\u00fablico e dedica\u00e7\u00e3o ao pr\u00f3ximo\u201d, falou. Foi realizado um minuto de sil\u00eancio em sua homenagem. As declara\u00e7\u00f5es ocorreram durante a sess\u00e3o plen\u00e1ria da Assembleia Legislativa de Sergipe. Fonte: AleseAracaju. 03 de setembro de 2024<\/p>\n","protected":false},"author":1,"featured_media":2130,"comment_status":"open","ping_status":"open","sticky":false,"template":"","format":"standard","meta":{"footnotes":""},"categories":[116],"tags":[38],"class_list":["post-2128","post","type-post","status-publish","format-standard","has-post-thumbnail","hentry","category-governo","tag-alese"],"_links":{"self":[{"href":"https:\/\/resumosergipe.com.br\/index.php?rest_route=\/wp\/v2\/posts\/2128","targetHints":{"allow":["GET"]}}],"collection":[{"href":"https:\/\/resumosergipe.com.br\/index.php?rest_route=\/wp\/v2\/posts"}],"about":[{"href":"https:\/\/resumosergipe.com.br\/index.php?rest_route=\/wp\/v2\/types\/post"}],"author":[{"embeddable":true,"href":"https:\/\/resumosergipe.com.br\/index.php?rest_route=\/wp\/v2\/users\/1"}],"replies":[{"embeddable":true,"href":"https:\/\/resumosergipe.com.br\/index.php?rest_route=%2Fwp%2Fv2%2Fcomments&post=2128"}],"version-history":[{"count":1,"href":"https:\/\/resumosergipe.com.br\/index.php?rest_route=\/wp\/v2\/posts\/2128\/revisions"}],"predecessor-version":[{"id":2129,"href":"https:\/\/resumosergipe.com.br\/index.php?rest_route=\/wp\/v2\/posts\/2128\/revisions\/2129"}],"wp:featuredmedia":[{"embeddable":true,"href":"https:\/\/resumosergipe.com.br\/index.php?rest_route=\/wp\/v2\/media\/2130"}],"wp:attachment":[{"href":"https:\/\/resumosergipe.com.br\/index.php?rest_route=%2Fwp%2Fv2%2Fmedia&parent=2128"}],"wp:term":[{"taxonomy":"category","embeddable":true,"href":"https:\/\/resumosergipe.com.br\/index.php?rest_route=%2Fwp%2Fv2%2Fcategories&post=2128"},{"taxonomy":"post_tag","embeddable":true,"href":"https:\/\/resumosergipe.com.br\/index.php?rest_route=%2Fwp%2Fv2%2Ftags&post=2128"}],"curies":[{"name":"wp","href":"https:\/\/api.w.org\/{rel}","templated":true}]}}