{"id":2141,"date":"2024-09-06T18:27:53","date_gmt":"2024-09-06T21:27:53","guid":{"rendered":"https:\/\/resumosergipe.com.br\/?p=2141"},"modified":"2024-09-06T18:27:53","modified_gmt":"2024-09-06T21:27:53","slug":"sessao-especial-comemora-dia-do-administrador-na-alese","status":"publish","type":"post","link":"https:\/\/resumosergipe.com.br\/?p=2141","title":{"rendered":"Sess\u00e3o Especial comemora Dia do Administrador na Alese"},"content":{"rendered":"\n<p>Foi realizada, nesta sexta-feira, 6, a Sess\u00e3o Especial em comemora\u00e7\u00e3o pelos 59 anos do Dia do Administrador, data comemorada anualmente em 9 de setembro, seguindo as leis N\u00ba 8.165, de 01 de dezembro de 2016, e N\u00ba 4.400, de 30 de agosto de 2001. A autoria da propositura \u00e9 do presidente da Comiss\u00e3o de Administra\u00e7\u00e3o e Servi\u00e7o P\u00fablico, deputado Cristiano Cavalcante (Uni\u00e3o Brasil).<\/p>\n\n\n\n<p>O parlamentar destacou a import\u00e2ncia deste profissional para a sociedade. Ele explicou que os administradores atuam em diversas \u00e1reas auxiliando v\u00e1rias outras profiss\u00f5es na presta\u00e7\u00e3o de servi\u00e7os \u00e0 popula\u00e7\u00e3o.<\/p>\n\n\n\n<p>\u201cNeste momento, \u00e9 importante refletirmos sobre o impacto que o administrador tem na sociedade como um todo. Em um cen\u00e1rio cada vez mais complexo e desafiador, a figura do administrador assume um papel estrat\u00e9gico na cria\u00e7\u00e3o de solu\u00e7\u00f5es inovadoras e na busca por efici\u00eancia. Nosso trabalho n\u00e3o se limita \u00e0 gest\u00e3o de recursos financeiros ou operacionais; somos, acima de tudo, gestores de pessoas, processos e, por que n\u00e3o dizer, de sonhos\u201d, afirmou.<\/p>\n\n\n\n<p>Ele ainda salientou que as fun\u00e7\u00f5es do administrador influenciam diretamente na vida particular das pessoas. \u201cO administrador \u00e9 quem organiza, coordena e lidera as organiza\u00e7\u00f5es para que estas possam atingir seus objetivos de forma sustent\u00e1vel e \u00e9tica. E, nesse processo, impactamos diretamente a qualidade de vida das pessoas. A cada decis\u00e3o que tomamos, buscamos otimizar os recursos dispon\u00edveis, promovendo o desenvolvimento econ\u00f4mico e social\u201d.<\/p>\n\n\n\n<p>O presidente do Conselho Regional de Administra\u00e7\u00e3o, Carlos Eloy, agradeceu a realiza\u00e7\u00e3o da Sess\u00e3o Especial e afirmou que este dia ficar\u00e1 guardado na mem\u00f3ria de todos os presentes que atuam nesta profiss\u00e3o.<\/p>\n\n\n\n<p>\u201cUma profiss\u00e3o importante, que muitas pessoas ficam pensando \u2018o que atinge na minha vida\u2019 e atinge tudo, dentro do Recursos Humanos e do Marketing, desde o planejamento e a gest\u00e3o, a administra\u00e7\u00e3o est\u00e1 envolvida em quase todas as \u00e1reas da nossa sociedade e em Sergipe faz 41 anos. Ent\u00e3o n\u00f3s estamos hoje na Casa do Povo na Assembleia Legislativa de Sergipe comemorando o nosso dia e homenageando tamb\u00e9m aquelas pessoas que contribu\u00edram, contribuem e v\u00e3o contribuir ainda mais para a sociedade sergipana, para o com\u00e9rcio do Sergipe e para o desenvolvimento do Sergipe. Ent\u00e3o \u00e9 um dia especial\u201d, declarou.<\/p>\n\n\n\n<p>Foram entregues homenagens a alguns dos presentes. Entre as personalidades que receberam a placa \u2018Administrador Jouberto Uchoa de Mendon\u00e7a\u2019 est\u00e1 o presidente do Tribunal de Justi\u00e7a de Sergipe (TJSE), desembargador Ricardo M\u00facio.<\/p>\n\n\n\n<p>\u201cFico feliz, \u00e9 um reconhecimento. E na condi\u00e7\u00e3o de presidente tenho procurado por princ\u00edpios administrativos, fazer do Tribunal uma gest\u00e3o de excel\u00eancia\u201d, falou. Ele parabenizou os profissionais pela data.<\/p>\n\n\n\n<p>A Sess\u00e3o Especial foi presidida pelo deputado Cristiano Cavalcante.<\/p>\n\n\n\n<p>A Mesa foi composta pelo presidente do TJSE, Ricardo M\u00facio; procurador-geral de justi\u00e7a de Sergipe, Manoel Cabral Machado Neto; presidente do Conselho Regional de Administra\u00e7\u00e3o, Carlos Eloy; diretor t\u00e9cnico do Tribunal de Contas, Edson Brasil Filho, representando a presidente Suzana Azevedo e a empres\u00e1ria Maria Celi Teixeira Barreto.<\/p>\n\n\n\n<p><em>Fonte: Alese<br>Aracaju, 06 de setembro de 2024<\/em><\/p>\n","protected":false},"excerpt":{"rendered":"<p>Foi realizada, nesta sexta-feira, 6, a Sess\u00e3o Especial em comemora\u00e7\u00e3o pelos 59 anos do Dia do Administrador, data comemorada anualmente em 9 de setembro, seguindo as leis N\u00ba 8.165, de 01 de dezembro de 2016, e N\u00ba 4.400, de 30 de agosto de 2001. A autoria da propositura \u00e9 do presidente da Comiss\u00e3o de Administra\u00e7\u00e3o e Servi\u00e7o P\u00fablico, deputado Cristiano Cavalcante (Uni\u00e3o Brasil). O parlamentar destacou a import\u00e2ncia deste profissional para a sociedade. Ele explicou que os administradores atuam em diversas \u00e1reas auxiliando v\u00e1rias outras profiss\u00f5es na presta\u00e7\u00e3o de servi\u00e7os \u00e0 popula\u00e7\u00e3o. \u201cNeste momento, \u00e9 importante refletirmos sobre o impacto que o administrador tem na sociedade como um todo. Em um cen\u00e1rio cada vez mais complexo e desafiador, a figura do administrador assume um papel estrat\u00e9gico na cria\u00e7\u00e3o de solu\u00e7\u00f5es inovadoras e na busca por efici\u00eancia. Nosso trabalho n\u00e3o se limita \u00e0 gest\u00e3o de recursos financeiros ou operacionais; somos, acima de tudo, gestores de pessoas, processos e, por que n\u00e3o dizer, de sonhos\u201d, afirmou. Ele ainda salientou que as fun\u00e7\u00f5es do administrador influenciam diretamente na vida particular das pessoas. \u201cO administrador \u00e9 quem organiza, coordena e lidera as organiza\u00e7\u00f5es para que estas possam atingir seus objetivos de forma sustent\u00e1vel e \u00e9tica. E, nesse processo, impactamos diretamente a qualidade de vida das pessoas. A cada decis\u00e3o que tomamos, buscamos otimizar os recursos dispon\u00edveis, promovendo o desenvolvimento econ\u00f4mico e social\u201d. O presidente do Conselho Regional de Administra\u00e7\u00e3o, Carlos Eloy, agradeceu a realiza\u00e7\u00e3o da Sess\u00e3o Especial e afirmou que este dia ficar\u00e1 guardado na mem\u00f3ria de todos os presentes que atuam nesta profiss\u00e3o. \u201cUma profiss\u00e3o importante, que muitas pessoas ficam pensando \u2018o que atinge na minha vida\u2019 e atinge tudo, dentro do Recursos Humanos e do Marketing, desde o planejamento e a gest\u00e3o, a administra\u00e7\u00e3o est\u00e1 envolvida em quase todas as \u00e1reas da nossa sociedade e em Sergipe faz 41 anos. Ent\u00e3o n\u00f3s estamos hoje na Casa do Povo na Assembleia Legislativa de Sergipe comemorando o nosso dia e homenageando tamb\u00e9m aquelas pessoas que contribu\u00edram, contribuem e v\u00e3o contribuir ainda mais para a sociedade sergipana, para o com\u00e9rcio do Sergipe e para o desenvolvimento do Sergipe. Ent\u00e3o \u00e9 um dia especial\u201d, declarou. Foram entregues homenagens a alguns dos presentes. Entre as personalidades que receberam a placa \u2018Administrador Jouberto Uchoa de Mendon\u00e7a\u2019 est\u00e1 o presidente do Tribunal de Justi\u00e7a de Sergipe (TJSE), desembargador Ricardo M\u00facio. \u201cFico feliz, \u00e9 um reconhecimento. E na condi\u00e7\u00e3o de presidente tenho procurado por princ\u00edpios administrativos, fazer do Tribunal uma gest\u00e3o de excel\u00eancia\u201d, falou. Ele parabenizou os profissionais pela data. A Sess\u00e3o Especial foi presidida pelo deputado Cristiano Cavalcante. A Mesa foi composta pelo presidente do TJSE, Ricardo M\u00facio; procurador-geral de justi\u00e7a de Sergipe, Manoel Cabral Machado Neto; presidente do Conselho Regional de Administra\u00e7\u00e3o, Carlos Eloy; diretor t\u00e9cnico do Tribunal de Contas, Edson Brasil Filho, representando a presidente Suzana Azevedo e a empres\u00e1ria Maria Celi Teixeira Barreto. Fonte: AleseAracaju, 06 de setembro de 2024<\/p>\n","protected":false},"author":1,"featured_media":2143,"comment_status":"open","ping_status":"open","sticky":false,"template":"","format":"standard","meta":{"footnotes":""},"categories":[32],"tags":[91],"class_list":["post-2141","post","type-post","status-publish","format-standard","has-post-thumbnail","hentry","category-sergipe","tag-homenagem"],"_links":{"self":[{"href":"https:\/\/resumosergipe.com.br\/index.php?rest_route=\/wp\/v2\/posts\/2141","targetHints":{"allow":["GET"]}}],"collection":[{"href":"https:\/\/resumosergipe.com.br\/index.php?rest_route=\/wp\/v2\/posts"}],"about":[{"href":"https:\/\/resumosergipe.com.br\/index.php?rest_route=\/wp\/v2\/types\/post"}],"author":[{"embeddable":true,"href":"https:\/\/resumosergipe.com.br\/index.php?rest_route=\/wp\/v2\/users\/1"}],"replies":[{"embeddable":true,"href":"https:\/\/resumosergipe.com.br\/index.php?rest_route=%2Fwp%2Fv2%2Fcomments&post=2141"}],"version-history":[{"count":1,"href":"https:\/\/resumosergipe.com.br\/index.php?rest_route=\/wp\/v2\/posts\/2141\/revisions"}],"predecessor-version":[{"id":2142,"href":"https:\/\/resumosergipe.com.br\/index.php?rest_route=\/wp\/v2\/posts\/2141\/revisions\/2142"}],"wp:featuredmedia":[{"embeddable":true,"href":"https:\/\/resumosergipe.com.br\/index.php?rest_route=\/wp\/v2\/media\/2143"}],"wp:attachment":[{"href":"https:\/\/resumosergipe.com.br\/index.php?rest_route=%2Fwp%2Fv2%2Fmedia&parent=2141"}],"wp:term":[{"taxonomy":"category","embeddable":true,"href":"https:\/\/resumosergipe.com.br\/index.php?rest_route=%2Fwp%2Fv2%2Fcategories&post=2141"},{"taxonomy":"post_tag","embeddable":true,"href":"https:\/\/resumosergipe.com.br\/index.php?rest_route=%2Fwp%2Fv2%2Ftags&post=2141"}],"curies":[{"name":"wp","href":"https:\/\/api.w.org\/{rel}","templated":true}]}}