{"id":2144,"date":"2024-09-09T16:08:17","date_gmt":"2024-09-09T19:08:17","guid":{"rendered":"https:\/\/resumosergipe.com.br\/?p=2144"},"modified":"2024-09-09T16:08:18","modified_gmt":"2024-09-09T19:08:18","slug":"presidente-da-alese-acompanha-posse-de-oito-novos-promotores-publicos","status":"publish","type":"post","link":"https:\/\/resumosergipe.com.br\/?p=2144","title":{"rendered":"Presidente da Alese acompanha posse de oito novos promotores p\u00fablicos"},"content":{"rendered":"\n<p>O presidente da Assembleia Legislativa de Sergipe, deputado Jeferson Andrade, esteve presente na solenidade de posse de oito novos promotores p\u00fablicos substitutos do Minist\u00e9rio P\u00fablico de Sergipe (MPSE). O evento foi realizado no Audit\u00f3rio Promotor de Justi\u00e7a Valdir de Freitas Dantas, no Edif\u00edcio-Sede do MPSE, em Aracaju.<\/p>\n\n\n\n<p>Jeferson Andrade falou que se trata de um avan\u00e7o para o servi\u00e7o p\u00fablico. \u201c\u00c9 importante estar aqui hoje com os oito empossados, jovens que j\u00e1 t\u00eam uma carreira, a exemplo de alguns que j\u00e1 trabalhavam aqui em outros cargos. A gente quer parabenizar todo o Minist\u00e9rio P\u00fablico por esse concurso que vai renovar, oxigenar ainda mais, os \u00f3rg\u00e3os competentes no nosso estado\u201d.<\/p>\n\n\n\n<p>O conselheiro do Tribunal de Contas do Estado (TCE-SE), Jos\u00e9 Carlos Felizola, disse que \u00e9 um prazer prestigiar esse momento. Ele falou que, com essas posses, o MPSE se renova um pouco.<\/p>\n\n\n\n<p>\u201cS\u00e3o pessoas que t\u00eam outras experi\u00eancias de vida, seja no mundo jur\u00eddico ou em outras \u00e1reas, mas sobretudo traz para o Minist\u00e9rio P\u00fablico essa bagagem de vida em uma institui\u00e7\u00e3o t\u00e3o importante, esse novo quadro que chega na verdade soma e fortalece a institui\u00e7\u00e3o que \u00e9 t\u00e3o importante para o sistema democr\u00e1tico direito\u201d, afirmou.<\/p>\n\n\n\n<p>O procurador-geral do MPSE, Manuel Cabral Machado Neto, declarou que este \u00e9 um dia de fortalecimento, renova\u00e7\u00e3o e alegria. Ele destacou que esta \u00e9 uma forma de irradiar ainda mais a atua\u00e7\u00e3o do Minist\u00e9rio P\u00fablico, promovendo a defesa dos interesses difusos e da cidadania.<\/p>\n\n\n\n<p>\u201c\u00c9 uma forma de fortalecer a institui\u00e7\u00e3o na medida em que essa m\u00e3o de obra nova vai para o interior, vai trabalhar nas promotorias complexas tamb\u00e9m aqui da capital, dando retorno que a sociedade tanto clama, que \u00e9 desafio di\u00e1rio. Estabelecemos a pol\u00edtica de cotas, o que foi algo que n\u00f3s avan\u00e7amos e damos um exemplo para toda a sociedade no sentido de tamb\u00e9m contribuirmos com pol\u00edticas afirmativas, trazendo ent\u00e3o essa reserva de vagas para as pessoas pretas\u201d, disse.<\/p>\n\n\n\n<p>Foram empossados Cibelle Machado de Souza Enomoto; Lucas Gabriel Santos Lima; Vin\u00edcius Gabriel Viana de Jesus; Marcos Matheus Dantas Costa; Leonardo Alves Moura; Thiago Costa Pinheiro; Antonio Teles Leite Neto e Yone Cristina Andrade Silveira Camelo.<\/p>\n\n\n\n<p>Cibelle Machado ocupava o cargo de analista h\u00e1 16 anos no Minist\u00e9rio P\u00fablico. Ela afirmou que durante este tempo estudou para ser aprovada no concurso para promotoria e este dia da assinatura da posse ficar\u00e1 marcado em sua mem\u00f3ria.<\/p>\n\n\n\n<p>\u201cContinuaremos servidores p\u00fablicos, mas no cargo de promotor de justi\u00e7a que a gente almeja desde os bancos da faculdade. Ent\u00e3o a gente cresceu profissionalmente, aprendeu com os guardi\u00f5es da sociedade, mas agora a gente alcan\u00e7ou a carreira fim do Minist\u00e9rio P\u00fablico e isso \u00e9 muito gratificante para n\u00f3s, \u00e9 uma longa jornada. A minha jornada foi de oito anos de estudo, ent\u00e3o a gente comemora e esse brilho nos olhos \u00e9 o sabor da vit\u00f3ria\u201d, declarou.<\/p>\n\n\n\n<p>Thiago Costa j\u00e1 atuava como promotor de justi\u00e7a, mas no estado do Par\u00e1. Ele disse que a comemora\u00e7\u00e3o desta vez \u00e9 por agora estar mais perto da fam\u00edlia, j\u00e1 que \u00e9 natural do estado vizinho da Bahia.<\/p>\n\n\n\n<p>\u201cFoi uma luta muito grande at\u00e9 chegar aqui, fui muito acolhido pela institui\u00e7\u00e3o, pelos colegas em todas as fases da prova, ent\u00e3o estou muito feliz de voltar para pr\u00f3ximo de casa\u201d, contou.<\/p>\n\n\n\n<p>Realizado em seis etapas, o XXI Concurso P\u00fablico para o provimento de vagas e forma\u00e7\u00e3o de cadastro de reserva para o cargo de promotor de justi\u00e7a substituto implementou a pol\u00edtica de cotas raciais, conforme a orienta\u00e7\u00e3o do Conselho Nacional do Minist\u00e9rio P\u00fablico (CNMP), sendo o primeiro concurso p\u00fablico no MPSE com uma comiss\u00e3o de heteroidentifica\u00e7\u00e3o.<\/p>\n\n\n\n<p><em>Fonte: Alese<br>Aracaju, 09 de setembro de 2024<\/em><\/p>\n","protected":false},"excerpt":{"rendered":"<p>O presidente da Assembleia Legislativa de Sergipe, deputado Jeferson Andrade, esteve presente na solenidade de posse de oito novos promotores p\u00fablicos substitutos do Minist\u00e9rio P\u00fablico de Sergipe (MPSE). O evento foi realizado no Audit\u00f3rio Promotor de Justi\u00e7a Valdir de Freitas Dantas, no Edif\u00edcio-Sede do MPSE, em Aracaju. Jeferson Andrade falou que se trata de um avan\u00e7o para o servi\u00e7o p\u00fablico. \u201c\u00c9 importante estar aqui hoje com os oito empossados, jovens que j\u00e1 t\u00eam uma carreira, a exemplo de alguns que j\u00e1 trabalhavam aqui em outros cargos. A gente quer parabenizar todo o Minist\u00e9rio P\u00fablico por esse concurso que vai renovar, oxigenar ainda mais, os \u00f3rg\u00e3os competentes no nosso estado\u201d. O conselheiro do Tribunal de Contas do Estado (TCE-SE), Jos\u00e9 Carlos Felizola, disse que \u00e9 um prazer prestigiar esse momento. Ele falou que, com essas posses, o MPSE se renova um pouco. \u201cS\u00e3o pessoas que t\u00eam outras experi\u00eancias de vida, seja no mundo jur\u00eddico ou em outras \u00e1reas, mas sobretudo traz para o Minist\u00e9rio P\u00fablico essa bagagem de vida em uma institui\u00e7\u00e3o t\u00e3o importante, esse novo quadro que chega na verdade soma e fortalece a institui\u00e7\u00e3o que \u00e9 t\u00e3o importante para o sistema democr\u00e1tico direito\u201d, afirmou. O procurador-geral do MPSE, Manuel Cabral Machado Neto, declarou que este \u00e9 um dia de fortalecimento, renova\u00e7\u00e3o e alegria. Ele destacou que esta \u00e9 uma forma de irradiar ainda mais a atua\u00e7\u00e3o do Minist\u00e9rio P\u00fablico, promovendo a defesa dos interesses difusos e da cidadania. \u201c\u00c9 uma forma de fortalecer a institui\u00e7\u00e3o na medida em que essa m\u00e3o de obra nova vai para o interior, vai trabalhar nas promotorias complexas tamb\u00e9m aqui da capital, dando retorno que a sociedade tanto clama, que \u00e9 desafio di\u00e1rio. Estabelecemos a pol\u00edtica de cotas, o que foi algo que n\u00f3s avan\u00e7amos e damos um exemplo para toda a sociedade no sentido de tamb\u00e9m contribuirmos com pol\u00edticas afirmativas, trazendo ent\u00e3o essa reserva de vagas para as pessoas pretas\u201d, disse. Foram empossados Cibelle Machado de Souza Enomoto; Lucas Gabriel Santos Lima; Vin\u00edcius Gabriel Viana de Jesus; Marcos Matheus Dantas Costa; Leonardo Alves Moura; Thiago Costa Pinheiro; Antonio Teles Leite Neto e Yone Cristina Andrade Silveira Camelo. Cibelle Machado ocupava o cargo de analista h\u00e1 16 anos no Minist\u00e9rio P\u00fablico. Ela afirmou que durante este tempo estudou para ser aprovada no concurso para promotoria e este dia da assinatura da posse ficar\u00e1 marcado em sua mem\u00f3ria. \u201cContinuaremos servidores p\u00fablicos, mas no cargo de promotor de justi\u00e7a que a gente almeja desde os bancos da faculdade. Ent\u00e3o a gente cresceu profissionalmente, aprendeu com os guardi\u00f5es da sociedade, mas agora a gente alcan\u00e7ou a carreira fim do Minist\u00e9rio P\u00fablico e isso \u00e9 muito gratificante para n\u00f3s, \u00e9 uma longa jornada. A minha jornada foi de oito anos de estudo, ent\u00e3o a gente comemora e esse brilho nos olhos \u00e9 o sabor da vit\u00f3ria\u201d, declarou. Thiago Costa j\u00e1 atuava como promotor de justi\u00e7a, mas no estado do Par\u00e1. Ele disse que a comemora\u00e7\u00e3o desta vez \u00e9 por agora estar mais perto da fam\u00edlia, j\u00e1 que \u00e9 natural do estado vizinho da Bahia. \u201cFoi uma luta muito grande at\u00e9 chegar aqui, fui muito acolhido pela institui\u00e7\u00e3o, pelos colegas em todas as fases da prova, ent\u00e3o estou muito feliz de voltar para pr\u00f3ximo de casa\u201d, contou. Realizado em seis etapas, o XXI Concurso P\u00fablico para o provimento de vagas e forma\u00e7\u00e3o de cadastro de reserva para o cargo de promotor de justi\u00e7a substituto implementou a pol\u00edtica de cotas raciais, conforme a orienta\u00e7\u00e3o do Conselho Nacional do Minist\u00e9rio P\u00fablico (CNMP), sendo o primeiro concurso p\u00fablico no MPSE com uma comiss\u00e3o de heteroidentifica\u00e7\u00e3o. Fonte: AleseAracaju, 09 de setembro de 2024<\/p>\n","protected":false},"author":1,"featured_media":2145,"comment_status":"open","ping_status":"open","sticky":false,"template":"","format":"standard","meta":{"footnotes":""},"categories":[32],"tags":[],"class_list":["post-2144","post","type-post","status-publish","format-standard","has-post-thumbnail","hentry","category-sergipe"],"_links":{"self":[{"href":"https:\/\/resumosergipe.com.br\/index.php?rest_route=\/wp\/v2\/posts\/2144","targetHints":{"allow":["GET"]}}],"collection":[{"href":"https:\/\/resumosergipe.com.br\/index.php?rest_route=\/wp\/v2\/posts"}],"about":[{"href":"https:\/\/resumosergipe.com.br\/index.php?rest_route=\/wp\/v2\/types\/post"}],"author":[{"embeddable":true,"href":"https:\/\/resumosergipe.com.br\/index.php?rest_route=\/wp\/v2\/users\/1"}],"replies":[{"embeddable":true,"href":"https:\/\/resumosergipe.com.br\/index.php?rest_route=%2Fwp%2Fv2%2Fcomments&post=2144"}],"version-history":[{"count":1,"href":"https:\/\/resumosergipe.com.br\/index.php?rest_route=\/wp\/v2\/posts\/2144\/revisions"}],"predecessor-version":[{"id":2146,"href":"https:\/\/resumosergipe.com.br\/index.php?rest_route=\/wp\/v2\/posts\/2144\/revisions\/2146"}],"wp:featuredmedia":[{"embeddable":true,"href":"https:\/\/resumosergipe.com.br\/index.php?rest_route=\/wp\/v2\/media\/2145"}],"wp:attachment":[{"href":"https:\/\/resumosergipe.com.br\/index.php?rest_route=%2Fwp%2Fv2%2Fmedia&parent=2144"}],"wp:term":[{"taxonomy":"category","embeddable":true,"href":"https:\/\/resumosergipe.com.br\/index.php?rest_route=%2Fwp%2Fv2%2Fcategories&post=2144"},{"taxonomy":"post_tag","embeddable":true,"href":"https:\/\/resumosergipe.com.br\/index.php?rest_route=%2Fwp%2Fv2%2Ftags&post=2144"}],"curies":[{"name":"wp","href":"https:\/\/api.w.org\/{rel}","templated":true}]}}