{"id":2156,"date":"2024-09-17T19:04:14","date_gmt":"2024-09-17T22:04:14","guid":{"rendered":"https:\/\/resumosergipe.com.br\/?p=2156"},"modified":"2024-09-17T19:04:15","modified_gmt":"2024-09-17T22:04:15","slug":"governo-de-sergipe-promove-reuniao-de-alinhamento-para-discutir-detalhes-da-vila-da-crianca","status":"publish","type":"post","link":"https:\/\/resumosergipe.com.br\/?p=2156","title":{"rendered":"Governo de Sergipe promove reuni\u00e3o de alinhamento para discutir detalhes da Vila da Crian\u00e7a"},"content":{"rendered":"\n<p>O Governo de Sergipe, com coordena\u00e7\u00e3o da Secretaria de Estado da Assist\u00eancia Social, Inclus\u00e3o e Cidadania (Seasic) e execu\u00e7\u00e3o da Funda\u00e7\u00e3o de Cultura e Arte Aperip\u00ea de Sergipe (Funcap) e da Secretaria Especial da Comunica\u00e7\u00e3o Social (Secom), realizou uma reuni\u00e3o de alinhamento nesta ter\u00e7a-feira, 17, para discutir os detalhes operacionais da Vila da Crian\u00e7a 2024. A primeira edi\u00e7\u00e3o do evento ser\u00e1 realizada de 7 a 26 de outubro, na Pra\u00e7a de Eventos da Orla da Atalaia.<\/p>\n\n\n\n<p>A apresenta\u00e7\u00e3o foi feita pela secret\u00e1ria de Estado da Assist\u00eancia Social, Inclus\u00e3o e Cidadania, \u00c9rica Mitidieri, e pelo diretor-presidente da Funcap, Gustavo Paix\u00e3o. Al\u00e9m da Seasic, Funcap e Secom, o evento contar\u00e1 com o apoio das Secretarias de Estado do Trabalho, Emprego e Empreendedorismo (Seteem), da Seguran\u00e7a P\u00fablica (SSP) e da Sa\u00fade (SES), al\u00e9m da Companhia de Saneamento de Sergipe (Deso).<\/p>\n\n\n\n<p>A secret\u00e1ria de Estado da Assist\u00eancia Social, Inclus\u00e3o e Cidadania, \u00c9rica Mitidieri, exaltou a import\u00e2ncia da Vila da Crian\u00e7a em trabalhar o l\u00fadico dos pequenos sergipanos. &#8220;A Vila \u00e9 um espa\u00e7o onde o ato de &#8216;brincar&#8217; assume o protagonismo necess\u00e1rio. O nosso prop\u00f3sito \u00e9 estimular brincadeiras educativas, fortalecendo a criatividade e os la\u00e7os familiares. Essa estrutura \u00e9 um presente aos sergipanos, dentro da nossa pol\u00edtica que se estrutura nos eixos &#8216;Gestar e Nascer&#8217;, &#8216;Brincar e Crescer&#8217;, e &#8216;Desenvolver e Aprender'&#8221;, destacou.<\/p>\n\n\n\n<p>J\u00e1 o diretor-presidente da Funcap, Gustavo Paix\u00e3o, lembrou que a iniciativa se soma \u00e0s outras realizadas pelo Governo do Estado, mas agora visando um p\u00fablico novo. &#8220;J\u00e1 t\u00ednhamos outros quatro eventos ao longo do ano, e agora teremos uma a\u00e7\u00e3o destinada \u00e0 fam\u00edlia, mas com um foco espec\u00edfico na crian\u00e7a. Apresentamos o planejamento e dividimos em grupos, para que tudo seja enviado ao Grupo T\u00e9cnico de Eventos do Estado&#8221;, ressaltou.<\/p>\n\n\n\n<p>Estrutura<\/p>\n\n\n\n<p>Durante a reuni\u00e3o, foram repassados os principais pontos de funcionamento da Vila da Crian\u00e7a. A abertura ser\u00e1 no dia 7 de outubro, \u00e0s 17h30; e at\u00e9 o dia 26 ela estar\u00e1 ativa diariamente, sempre das 17h \u00e0s 22h. A estrutura contar\u00e1 com cinema, arena gamer, minicidade, atividades recreativas, teatro, roda gigante, carrossel, casas tem\u00e1ticas, cama el\u00e1stica, e brinquedos com acessibilidade e infl\u00e1veis.<\/p>\n\n\n\n<p>O cinema ter\u00e1 capacidade para 100 pessoas sentadas em ambiente climatizado. Ser\u00e3o exibidos filmes de curta dura\u00e7\u00e3o em cinco hor\u00e1rios de sess\u00e3o por dia. A entrada \u00e9 gratuita, com organiza\u00e7\u00e3o por fila que ser\u00e1 aberta 15 minutos antes de cada sess\u00e3o. J\u00e1 o teatro ter\u00e1 espa\u00e7o para 80 pessoas sentadas por sess\u00e3o, tamb\u00e9m com entrada gratuita em tr\u00eas sess\u00f5es di\u00e1rias e fila aberta 15 minutos antes de cada sess\u00e3o. Os espet\u00e1culos ser\u00e3o definidos por edital da Funcap.<\/p>\n\n\n\n<p>Na Vila da Crian\u00e7a haver\u00e1 ao longo do m\u00eas uma estrutura de pra\u00e7a de alimenta\u00e7\u00e3o com lanchonetes e espa\u00e7os de alimenta\u00e7\u00e3o saud\u00e1vel e inclusiva. Al\u00e9m disso, uma novidade importante ser\u00e1 a arena gamer. Ela contar\u00e1 com 40 computadores e cinco op\u00e7\u00f5es de jogos on-line. Cada crian\u00e7a ter\u00e1 um tempo limite de 30 minutos, e as m\u00e1quinas ter\u00e3o um sistema de bloqueio de sites com conte\u00fado para adultos.<\/p>\n\n\n\n<p>A Vila contar\u00e1 ainda com espa\u00e7os de amamenta\u00e7\u00e3o e frald\u00e1rio, al\u00e9m de locais destinados \u00e0 economia criativa, artesanato e vendedores ambulantes. Os \u00f3rg\u00e3os p\u00fablicos tamb\u00e9m ter\u00e3o os pontos de apoio com Samu, Seasic e Conselho Tutelar dispon\u00edveis para quaisquer necessidade de atendimentos imediatos.<\/p>\n\n\n\n<p>Programa\u00e7\u00e3o especial<\/p>\n\n\n\n<p>Outro destaque vai para a programa\u00e7\u00e3o especial do Dia das Crian\u00e7as, em 12 de outubro. Al\u00e9m das atra\u00e7\u00f5es di\u00e1rias, neste dia ser\u00e1 realizado um Bloquinho da Crian\u00e7a, com o p\u00fablico fantasiado. Ele ser\u00e1 \u00e0s 16h, com concentra\u00e7\u00e3o no Mundo Maravilhoso da Crian\u00e7a e encerramento na Pra\u00e7a de Eventos.<\/p>\n\n\n\n<p>Ao final do encontro, foi agendada uma visita t\u00e9cnica \u00e0 Pra\u00e7a de Eventos na pr\u00f3xima sexta-feira, 20, \u00e0s 7h. Segundo Gustavo destacou que a organiza\u00e7\u00e3o exige um cuidado maior por se tratar do p\u00fablico infantil. &#8220;O planejamento deve ser feito para que tudo saia de forma exemplar, na mais perfeita harmonia, j\u00e1 que estamos falando acima de tudo de crian\u00e7as. H\u00e1 de se pensar em estruturas espec\u00edficas, e tudo isso com um zelo a mais&#8221;, encerrou.<\/p>\n\n\n\n<p><em>Fonte: Governo de Sergipe<br>Aracaju, 17 de setembro de 2024<\/em><\/p>\n","protected":false},"excerpt":{"rendered":"<p>O Governo de Sergipe, com coordena\u00e7\u00e3o da Secretaria de Estado da Assist\u00eancia Social, Inclus\u00e3o e Cidadania (Seasic) e execu\u00e7\u00e3o da Funda\u00e7\u00e3o de Cultura e Arte Aperip\u00ea de Sergipe (Funcap) e da Secretaria Especial da Comunica\u00e7\u00e3o Social (Secom), realizou uma reuni\u00e3o de alinhamento nesta ter\u00e7a-feira, 17, para discutir os detalhes operacionais da Vila da Crian\u00e7a 2024. A primeira edi\u00e7\u00e3o do evento ser\u00e1 realizada de 7 a 26 de outubro, na Pra\u00e7a de Eventos da Orla da Atalaia. A apresenta\u00e7\u00e3o foi feita pela secret\u00e1ria de Estado da Assist\u00eancia Social, Inclus\u00e3o e Cidadania, \u00c9rica Mitidieri, e pelo diretor-presidente da Funcap, Gustavo Paix\u00e3o. Al\u00e9m da Seasic, Funcap e Secom, o evento contar\u00e1 com o apoio das Secretarias de Estado do Trabalho, Emprego e Empreendedorismo (Seteem), da Seguran\u00e7a P\u00fablica (SSP) e da Sa\u00fade (SES), al\u00e9m da Companhia de Saneamento de Sergipe (Deso). A secret\u00e1ria de Estado da Assist\u00eancia Social, Inclus\u00e3o e Cidadania, \u00c9rica Mitidieri, exaltou a import\u00e2ncia da Vila da Crian\u00e7a em trabalhar o l\u00fadico dos pequenos sergipanos. &#8220;A Vila \u00e9 um espa\u00e7o onde o ato de &#8216;brincar&#8217; assume o protagonismo necess\u00e1rio. O nosso prop\u00f3sito \u00e9 estimular brincadeiras educativas, fortalecendo a criatividade e os la\u00e7os familiares. Essa estrutura \u00e9 um presente aos sergipanos, dentro da nossa pol\u00edtica que se estrutura nos eixos &#8216;Gestar e Nascer&#8217;, &#8216;Brincar e Crescer&#8217;, e &#8216;Desenvolver e Aprender&#8217;&#8221;, destacou. J\u00e1 o diretor-presidente da Funcap, Gustavo Paix\u00e3o, lembrou que a iniciativa se soma \u00e0s outras realizadas pelo Governo do Estado, mas agora visando um p\u00fablico novo. &#8220;J\u00e1 t\u00ednhamos outros quatro eventos ao longo do ano, e agora teremos uma a\u00e7\u00e3o destinada \u00e0 fam\u00edlia, mas com um foco espec\u00edfico na crian\u00e7a. Apresentamos o planejamento e dividimos em grupos, para que tudo seja enviado ao Grupo T\u00e9cnico de Eventos do Estado&#8221;, ressaltou. Estrutura Durante a reuni\u00e3o, foram repassados os principais pontos de funcionamento da Vila da Crian\u00e7a. A abertura ser\u00e1 no dia 7 de outubro, \u00e0s 17h30; e at\u00e9 o dia 26 ela estar\u00e1 ativa diariamente, sempre das 17h \u00e0s 22h. A estrutura contar\u00e1 com cinema, arena gamer, minicidade, atividades recreativas, teatro, roda gigante, carrossel, casas tem\u00e1ticas, cama el\u00e1stica, e brinquedos com acessibilidade e infl\u00e1veis. O cinema ter\u00e1 capacidade para 100 pessoas sentadas em ambiente climatizado. Ser\u00e3o exibidos filmes de curta dura\u00e7\u00e3o em cinco hor\u00e1rios de sess\u00e3o por dia. A entrada \u00e9 gratuita, com organiza\u00e7\u00e3o por fila que ser\u00e1 aberta 15 minutos antes de cada sess\u00e3o. J\u00e1 o teatro ter\u00e1 espa\u00e7o para 80 pessoas sentadas por sess\u00e3o, tamb\u00e9m com entrada gratuita em tr\u00eas sess\u00f5es di\u00e1rias e fila aberta 15 minutos antes de cada sess\u00e3o. Os espet\u00e1culos ser\u00e3o definidos por edital da Funcap. Na Vila da Crian\u00e7a haver\u00e1 ao longo do m\u00eas uma estrutura de pra\u00e7a de alimenta\u00e7\u00e3o com lanchonetes e espa\u00e7os de alimenta\u00e7\u00e3o saud\u00e1vel e inclusiva. Al\u00e9m disso, uma novidade importante ser\u00e1 a arena gamer. Ela contar\u00e1 com 40 computadores e cinco op\u00e7\u00f5es de jogos on-line. Cada crian\u00e7a ter\u00e1 um tempo limite de 30 minutos, e as m\u00e1quinas ter\u00e3o um sistema de bloqueio de sites com conte\u00fado para adultos. A Vila contar\u00e1 ainda com espa\u00e7os de amamenta\u00e7\u00e3o e frald\u00e1rio, al\u00e9m de locais destinados \u00e0 economia criativa, artesanato e vendedores ambulantes. Os \u00f3rg\u00e3os p\u00fablicos tamb\u00e9m ter\u00e3o os pontos de apoio com Samu, Seasic e Conselho Tutelar dispon\u00edveis para quaisquer necessidade de atendimentos imediatos. Programa\u00e7\u00e3o especial Outro destaque vai para a programa\u00e7\u00e3o especial do Dia das Crian\u00e7as, em 12 de outubro. Al\u00e9m das atra\u00e7\u00f5es di\u00e1rias, neste dia ser\u00e1 realizado um Bloquinho da Crian\u00e7a, com o p\u00fablico fantasiado. Ele ser\u00e1 \u00e0s 16h, com concentra\u00e7\u00e3o no Mundo Maravilhoso da Crian\u00e7a e encerramento na Pra\u00e7a de Eventos. Ao final do encontro, foi agendada uma visita t\u00e9cnica \u00e0 Pra\u00e7a de Eventos na pr\u00f3xima sexta-feira, 20, \u00e0s 7h. Segundo Gustavo destacou que a organiza\u00e7\u00e3o exige um cuidado maior por se tratar do p\u00fablico infantil. &#8220;O planejamento deve ser feito para que tudo saia de forma exemplar, na mais perfeita harmonia, j\u00e1 que estamos falando acima de tudo de crian\u00e7as. H\u00e1 de se pensar em estruturas espec\u00edficas, e tudo isso com um zelo a mais&#8221;, encerrou. Fonte: Governo de SergipeAracaju, 17 de setembro de 2024<\/p>\n","protected":false},"author":1,"featured_media":2157,"comment_status":"open","ping_status":"open","sticky":false,"template":"","format":"standard","meta":{"footnotes":""},"categories":[116],"tags":[],"class_list":["post-2156","post","type-post","status-publish","format-standard","has-post-thumbnail","hentry","category-governo"],"_links":{"self":[{"href":"https:\/\/resumosergipe.com.br\/index.php?rest_route=\/wp\/v2\/posts\/2156","targetHints":{"allow":["GET"]}}],"collection":[{"href":"https:\/\/resumosergipe.com.br\/index.php?rest_route=\/wp\/v2\/posts"}],"about":[{"href":"https:\/\/resumosergipe.com.br\/index.php?rest_route=\/wp\/v2\/types\/post"}],"author":[{"embeddable":true,"href":"https:\/\/resumosergipe.com.br\/index.php?rest_route=\/wp\/v2\/users\/1"}],"replies":[{"embeddable":true,"href":"https:\/\/resumosergipe.com.br\/index.php?rest_route=%2Fwp%2Fv2%2Fcomments&post=2156"}],"version-history":[{"count":1,"href":"https:\/\/resumosergipe.com.br\/index.php?rest_route=\/wp\/v2\/posts\/2156\/revisions"}],"predecessor-version":[{"id":2158,"href":"https:\/\/resumosergipe.com.br\/index.php?rest_route=\/wp\/v2\/posts\/2156\/revisions\/2158"}],"wp:featuredmedia":[{"embeddable":true,"href":"https:\/\/resumosergipe.com.br\/index.php?rest_route=\/wp\/v2\/media\/2157"}],"wp:attachment":[{"href":"https:\/\/resumosergipe.com.br\/index.php?rest_route=%2Fwp%2Fv2%2Fmedia&parent=2156"}],"wp:term":[{"taxonomy":"category","embeddable":true,"href":"https:\/\/resumosergipe.com.br\/index.php?rest_route=%2Fwp%2Fv2%2Fcategories&post=2156"},{"taxonomy":"post_tag","embeddable":true,"href":"https:\/\/resumosergipe.com.br\/index.php?rest_route=%2Fwp%2Fv2%2Ftags&post=2156"}],"curies":[{"name":"wp","href":"https:\/\/api.w.org\/{rel}","templated":true}]}}