{"id":2176,"date":"2024-09-26T16:44:26","date_gmt":"2024-09-26T19:44:26","guid":{"rendered":"https:\/\/resumosergipe.com.br\/?p=2176"},"modified":"2024-09-26T16:44:27","modified_gmt":"2024-09-26T19:44:27","slug":"dia-estadual-do-deficiente-auditivo-e-celebrado-nesta-quinta-feira-26","status":"publish","type":"post","link":"https:\/\/resumosergipe.com.br\/?p=2176","title":{"rendered":"Dia estadual do deficiente auditivo \u00e9 celebrado nesta quinta-feira, 26"},"content":{"rendered":"\n<p>Hoje, 26 de setembro \u00e9 celebrado o Dia Estadual do surdo. A a\u00e7\u00e3o aprovada na Assembleia Legislativa do Estado de Sergipe (Alese) acontece por meio da &nbsp;Lei n\u00ba 4656 \/2002 e visa a promo\u00e7\u00e3o de direitos e estimulo para a cria\u00e7\u00e3o de pol\u00edticas p\u00fablicas voltadas para a comunidade. Na legisla\u00e7\u00e3o est\u00e1 prevista a realiza\u00e7\u00e3o de atividades que propiciem uma ampla reflex\u00e3o acerca da condi\u00e7\u00e3o de vida do surdo, possibilitando-lhe maior inser\u00e7\u00e3o social e pol\u00edtica.<\/p>\n\n\n\n<p>A data tamb\u00e9m faz refer\u00eancia ao Dia Nacional do Surdo, como um reflex\u00e3o sobre as conquistas por direitos sociais e, ainda, sobre os desafios das pessoas surdas no Brasil. Oficializado em 2008, por meio do Decreto de Lei N\u00ba 11.796, o dia 26 de setembro foi escolhido por ser a data da funda\u00e7\u00e3o da primeira escola de surdos no pa\u00eds, o Instituto Nacional de Educa\u00e7\u00e3o de Surdos (Ines), em 1857, na cidade do Rio de Janeiro.&nbsp;<\/p>\n\n\n\n<p>O n\u00famero de pessoas surdas, no Brasil, passa dos dez milh\u00f5es, de acordo com o IBGE.&nbsp; J\u00e1 em Sergipe, De acordo Censo do IBGE (2010), em Sergipe h\u00e1&nbsp;3.303&nbsp;pessoas surdas; 20.033 pessoas com defici\u00eancia auditiva severa e 88.362 com alguma dificuldade para ouvir.<\/p>\n\n\n\n<p><strong>Libras<\/strong><\/p>\n\n\n\n<p>A Lei n\u00ba 13.146\/2015, Lei Brasileira de Inclus\u00e3o (LBI), assegura e promove, em condi\u00e7\u00f5es de igualdade, o exerc\u00edcio dos direitos e das liberdades fundamentais por pessoa com defici\u00eancia, visando \u00e0 sua inclus\u00e3o social e cidadania. Com isso, as libras estabelece a comunica\u00e7\u00e3o de forma bil\u00edngue como de com respeito \u00e0s diferen\u00e7as e a acessibilidade com o reconhecimento de todas as vozes, inclusive as que se expressam pelas m\u00e3os.<\/p>\n\n\n\n<p>Para esse processo os interpretes e tradutores de libras s\u00e3o muito importantes. O tradutor \u00e9 respons\u00e1vel pela tradu\u00e7\u00e3o de uma l\u00edngua escrita. Tradutores de Libras convertem, por exemplo, conte\u00fados de livros e documentos do portugu\u00eas para a L\u00edngua Brasileira de Sinais.<\/p>\n\n\n\n<p>J\u00e1 o int\u00e9rprete est\u00e1 envolvido nas l\u00ednguas sinalizadas ou faladas, ou seja, nas modalidades visual-espacial ou oral-auditiva. Enquanto algu\u00e9m est\u00e1 fazendo uma palestra em l\u00edngua portuguesa, por exemplo, os int\u00e9rpretes de Libras traduzem em tempo real o que est\u00e1 sendo apresentado.<\/p>\n\n\n\n<p>Na TV Alese,&nbsp; o espectador conta com o interprete de libras no canto inferior direito da tela. Ele \u00e9 respons\u00e1vel pela tradu\u00e7\u00e3o da l\u00edngua portuguesa falada nas sess\u00f5es plen\u00e1rias e especiais, programas, telejornais e reportagens especiais, para que a pessoa surda entenda o que est\u00e1 sendo falado.<\/p>\n\n\n\n<p><strong>&nbsp;<\/strong><strong>Mais Leis Aprovadas<\/strong><\/p>\n\n\n\n<p>No decorrer dos anos, os deputados e deputadas estaduais aprovaram leis voltadas para a comunidade surda.&nbsp;<\/p>\n\n\n\n<p>LEI N\u00ba 4.796 DE 05 DE MAIO DE 2003 &nbsp;\u2013 Reconhece de Utilidade P\u00fablica o INSTITUTO PEDAG\u00d3GICO DE APOIO \u00c0 EDUCA\u00c7\u00c3O DO SURDO DE SERGIPE \u2013 IPAESE, com sede e foro na Cidade de Aracaju-SE.<\/p>\n\n\n\n<p>J\u00e1 a Lei n\u00ba 6876\/2010 &nbsp;institui o Dia Estadual do Deficiente Auditivo, a ser comemorado em todo o territ\u00f3rio do Estado de Sergipe, no dia 26 de setembro de cada ano.<\/p>\n\n\n\n<p><em>Fonte: Alese<br>Aracaju, 26 de setembro de 2024<\/em><\/p>\n","protected":false},"excerpt":{"rendered":"<p>Hoje, 26 de setembro \u00e9 celebrado o Dia Estadual do surdo. A a\u00e7\u00e3o aprovada na Assembleia Legislativa do Estado de Sergipe (Alese) acontece por meio da &nbsp;Lei n\u00ba 4656 \/2002 e visa a promo\u00e7\u00e3o de direitos e estimulo para a cria\u00e7\u00e3o de pol\u00edticas p\u00fablicas voltadas para a comunidade. Na legisla\u00e7\u00e3o est\u00e1 prevista a realiza\u00e7\u00e3o de atividades que propiciem uma ampla reflex\u00e3o acerca da condi\u00e7\u00e3o de vida do surdo, possibilitando-lhe maior inser\u00e7\u00e3o social e pol\u00edtica. A data tamb\u00e9m faz refer\u00eancia ao Dia Nacional do Surdo, como um reflex\u00e3o sobre as conquistas por direitos sociais e, ainda, sobre os desafios das pessoas surdas no Brasil. Oficializado em 2008, por meio do Decreto de Lei N\u00ba 11.796, o dia 26 de setembro foi escolhido por ser a data da funda\u00e7\u00e3o da primeira escola de surdos no pa\u00eds, o Instituto Nacional de Educa\u00e7\u00e3o de Surdos (Ines), em 1857, na cidade do Rio de Janeiro.&nbsp; O n\u00famero de pessoas surdas, no Brasil, passa dos dez milh\u00f5es, de acordo com o IBGE.&nbsp; J\u00e1 em Sergipe, De acordo Censo do IBGE (2010), em Sergipe h\u00e1&nbsp;3.303&nbsp;pessoas surdas; 20.033 pessoas com defici\u00eancia auditiva severa e 88.362 com alguma dificuldade para ouvir. Libras A Lei n\u00ba 13.146\/2015, Lei Brasileira de Inclus\u00e3o (LBI), assegura e promove, em condi\u00e7\u00f5es de igualdade, o exerc\u00edcio dos direitos e das liberdades fundamentais por pessoa com defici\u00eancia, visando \u00e0 sua inclus\u00e3o social e cidadania. Com isso, as libras estabelece a comunica\u00e7\u00e3o de forma bil\u00edngue como de com respeito \u00e0s diferen\u00e7as e a acessibilidade com o reconhecimento de todas as vozes, inclusive as que se expressam pelas m\u00e3os. Para esse processo os interpretes e tradutores de libras s\u00e3o muito importantes. O tradutor \u00e9 respons\u00e1vel pela tradu\u00e7\u00e3o de uma l\u00edngua escrita. Tradutores de Libras convertem, por exemplo, conte\u00fados de livros e documentos do portugu\u00eas para a L\u00edngua Brasileira de Sinais. J\u00e1 o int\u00e9rprete est\u00e1 envolvido nas l\u00ednguas sinalizadas ou faladas, ou seja, nas modalidades visual-espacial ou oral-auditiva. Enquanto algu\u00e9m est\u00e1 fazendo uma palestra em l\u00edngua portuguesa, por exemplo, os int\u00e9rpretes de Libras traduzem em tempo real o que est\u00e1 sendo apresentado. Na TV Alese,&nbsp; o espectador conta com o interprete de libras no canto inferior direito da tela. Ele \u00e9 respons\u00e1vel pela tradu\u00e7\u00e3o da l\u00edngua portuguesa falada nas sess\u00f5es plen\u00e1rias e especiais, programas, telejornais e reportagens especiais, para que a pessoa surda entenda o que est\u00e1 sendo falado. &nbsp;Mais Leis Aprovadas No decorrer dos anos, os deputados e deputadas estaduais aprovaram leis voltadas para a comunidade surda.&nbsp; LEI N\u00ba 4.796 DE 05 DE MAIO DE 2003 &nbsp;\u2013 Reconhece de Utilidade P\u00fablica o INSTITUTO PEDAG\u00d3GICO DE APOIO \u00c0 EDUCA\u00c7\u00c3O DO SURDO DE SERGIPE \u2013 IPAESE, com sede e foro na Cidade de Aracaju-SE. J\u00e1 a Lei n\u00ba 6876\/2010 &nbsp;institui o Dia Estadual do Deficiente Auditivo, a ser comemorado em todo o territ\u00f3rio do Estado de Sergipe, no dia 26 de setembro de cada ano. Fonte: AleseAracaju, 26 de setembro de 2024<\/p>\n","protected":false},"author":1,"featured_media":2178,"comment_status":"open","ping_status":"open","sticky":false,"template":"","format":"standard","meta":{"footnotes":""},"categories":[32],"tags":[136],"class_list":["post-2176","post","type-post","status-publish","format-standard","has-post-thumbnail","hentry","category-sergipe","tag-cidadania"],"_links":{"self":[{"href":"https:\/\/resumosergipe.com.br\/index.php?rest_route=\/wp\/v2\/posts\/2176","targetHints":{"allow":["GET"]}}],"collection":[{"href":"https:\/\/resumosergipe.com.br\/index.php?rest_route=\/wp\/v2\/posts"}],"about":[{"href":"https:\/\/resumosergipe.com.br\/index.php?rest_route=\/wp\/v2\/types\/post"}],"author":[{"embeddable":true,"href":"https:\/\/resumosergipe.com.br\/index.php?rest_route=\/wp\/v2\/users\/1"}],"replies":[{"embeddable":true,"href":"https:\/\/resumosergipe.com.br\/index.php?rest_route=%2Fwp%2Fv2%2Fcomments&post=2176"}],"version-history":[{"count":1,"href":"https:\/\/resumosergipe.com.br\/index.php?rest_route=\/wp\/v2\/posts\/2176\/revisions"}],"predecessor-version":[{"id":2177,"href":"https:\/\/resumosergipe.com.br\/index.php?rest_route=\/wp\/v2\/posts\/2176\/revisions\/2177"}],"wp:featuredmedia":[{"embeddable":true,"href":"https:\/\/resumosergipe.com.br\/index.php?rest_route=\/wp\/v2\/media\/2178"}],"wp:attachment":[{"href":"https:\/\/resumosergipe.com.br\/index.php?rest_route=%2Fwp%2Fv2%2Fmedia&parent=2176"}],"wp:term":[{"taxonomy":"category","embeddable":true,"href":"https:\/\/resumosergipe.com.br\/index.php?rest_route=%2Fwp%2Fv2%2Fcategories&post=2176"},{"taxonomy":"post_tag","embeddable":true,"href":"https:\/\/resumosergipe.com.br\/index.php?rest_route=%2Fwp%2Fv2%2Ftags&post=2176"}],"curies":[{"name":"wp","href":"https:\/\/api.w.org\/{rel}","templated":true}]}}