{"id":2260,"date":"2024-12-03T18:07:01","date_gmt":"2024-12-03T21:07:01","guid":{"rendered":"https:\/\/resumosergipe.com.br\/?p=2260"},"modified":"2024-12-03T18:07:01","modified_gmt":"2024-12-03T21:07:01","slug":"governo-do-estado-realiza-37a-edicao-do-sergipe-e-aqui-em-divina-pastora-nesta-quinta-feira-5","status":"publish","type":"post","link":"https:\/\/resumosergipe.com.br\/?p=2260","title":{"rendered":"Governo do Estado realiza 37\u00aa edi\u00e7\u00e3o do \u2018Sergipe \u00e9 aqui\u2019 em Divina Pastora nesta quinta-feira, 5"},"content":{"rendered":"\n<p>A capital nacional da renda irlandesa ser\u00e1, por um dia, a sede administrativa do Governo de Sergipe. Nesta quinta-feira, 5, o munic\u00edpio de Divina Pastora, localizado no Vale do Cotinguiba, a 30 quil\u00f4metros de Aracaju, recebe a 37\u00aa edi\u00e7\u00e3o do \u2018Sergipe \u00e9 aqui\u2019, programa itinerante coordenado pela Secretaria de Estado da Casa Civil (SECC). A iniciativa levar\u00e1 \u00e0 popula\u00e7\u00e3o local mais de 170 servi\u00e7os essenciais voltados ao fortalecimento da cidadania, com atendimentos concentrados no entorno do Centro de Excel\u00eancia Dr. Jos\u00e9 de Melo Prado e na sede da prefeitura, a partir das 8h.<\/p>\n\n\n\n<p>Com uma estrutura m\u00f3vel de estandes e carretas, cerca de cinco mil moradores da cidade e regi\u00f5es vizinhas ter\u00e3o acesso a servi\u00e7os ofertados pelo Governo do Estado e institui\u00e7\u00f5es parceiras. Entre os destaques est\u00e3o atendimentos e exames de sa\u00fade; emiss\u00e3o de documentos como carteira de identidade, CPF e segunda via da Carteira Nacional de Habilita\u00e7\u00e3o (CNH); orienta\u00e7\u00f5es jur\u00eddicas; testes de paternidade (DNA); castra\u00e7\u00e3o de animais dom\u00e9sticos; assist\u00eancia ao consumidor por meio da Coordenadoria Estadual de Prote\u00e7\u00e3o e Defesa do Consumidor (Procon); doa\u00e7\u00e3o e cadastro para o banco de medula \u00f3ssea, entre outros.<\/p>\n\n\n\n<p>Al\u00e9m de ser reconhecida como um \u201cpedacinho da Irlanda no Brasil\u201d, por preservar a tradi\u00e7\u00e3o da renda irlandesa, Divina Pastora \u00e9 palco da maior manifesta\u00e7\u00e3o religiosa do estado, com a Peregrina\u00e7\u00e3o ao Santu\u00e1rio de Nossa Senhora Divina Pastora, padroeira de Sergipe. Realizada todos os anos no m\u00eas de outubro, a festividade \u00e9 considerada Patrim\u00f4nio Cultural de Natureza Imaterial. Nesta quinta-feira, a cidade tamb\u00e9m ser\u00e1 a sede do Governo do Estado, com a presen\u00e7a do governador F\u00e1bio Mitidieri, acompanhado de secret\u00e1rios e gestores p\u00fablicos, que ir\u00e3o despachar, ouvir moradores e dialogar com lideran\u00e7as locais.<\/p>\n\n\n\n<p>\u201cEstamos muito entusiasmados com mais uma edi\u00e7\u00e3o do \u2018Sergipe \u00e9 aqui\u2019, em mais um munic\u00edpio t\u00e3o importante para a hist\u00f3ria e a cultura do nosso estado, como \u00e9 Divina Pastora. Esperamos que esta edi\u00e7\u00e3o seja um marco para a popula\u00e7\u00e3o local, que as fam\u00edlias venham e aproveitem um dia inteiro de a\u00e7\u00f5es voltadas para a comunidade, pois essa \u00e9 a principal miss\u00e3o do programa: melhorar a vida das pessoas e fortalecer o v\u00ednculo entre o Estado e a popula\u00e7\u00e3o\u201d, destacou o secret\u00e1rio-executivo da Casa Civil e coordenador do programa, Andr\u00e9 Clementino.<\/p>\n\n\n\n<p>A prefeita de Divina Pastora, Clara Rollemberg, tamb\u00e9m comemorou a chegada do governo itinerante ao munic\u00edpio. \u201cReceber o \u2018Sergipe \u00e9 aqui\u2019 em Divina Pastora \u00e9 motivo de grande alegria para a nossa comunidade. Este programa traz servi\u00e7os essenciais que fazem a diferen\u00e7a na vida das pessoas, al\u00e9m de refor\u00e7ar o compromisso do Governo do Estado em estar presente nas cidades e atender \u00e0s reais necessidades da popula\u00e7\u00e3o. Essa parceria entre o Estado e o munic\u00edpio \u00e9 um exemplo de uni\u00e3o em prol do bem-estar e do desenvolvimento social de nossa regi\u00e3o\u201d, afirmou.<\/p>\n\n\n\n<p><em>Fonte: Governo de Sergipe<br>Aracaju, 03 de dezembro de 2024<\/em><\/p>\n","protected":false},"excerpt":{"rendered":"<p>A capital nacional da renda irlandesa ser\u00e1, por um dia, a sede administrativa do Governo de Sergipe. Nesta quinta-feira, 5, o munic\u00edpio de Divina Pastora, localizado no Vale do Cotinguiba, a 30 quil\u00f4metros de Aracaju, recebe a 37\u00aa edi\u00e7\u00e3o do \u2018Sergipe \u00e9 aqui\u2019, programa itinerante coordenado pela Secretaria de Estado da Casa Civil (SECC). A iniciativa levar\u00e1 \u00e0 popula\u00e7\u00e3o local mais de 170 servi\u00e7os essenciais voltados ao fortalecimento da cidadania, com atendimentos concentrados no entorno do Centro de Excel\u00eancia Dr. Jos\u00e9 de Melo Prado e na sede da prefeitura, a partir das 8h. Com uma estrutura m\u00f3vel de estandes e carretas, cerca de cinco mil moradores da cidade e regi\u00f5es vizinhas ter\u00e3o acesso a servi\u00e7os ofertados pelo Governo do Estado e institui\u00e7\u00f5es parceiras. Entre os destaques est\u00e3o atendimentos e exames de sa\u00fade; emiss\u00e3o de documentos como carteira de identidade, CPF e segunda via da Carteira Nacional de Habilita\u00e7\u00e3o (CNH); orienta\u00e7\u00f5es jur\u00eddicas; testes de paternidade (DNA); castra\u00e7\u00e3o de animais dom\u00e9sticos; assist\u00eancia ao consumidor por meio da Coordenadoria Estadual de Prote\u00e7\u00e3o e Defesa do Consumidor (Procon); doa\u00e7\u00e3o e cadastro para o banco de medula \u00f3ssea, entre outros. Al\u00e9m de ser reconhecida como um \u201cpedacinho da Irlanda no Brasil\u201d, por preservar a tradi\u00e7\u00e3o da renda irlandesa, Divina Pastora \u00e9 palco da maior manifesta\u00e7\u00e3o religiosa do estado, com a Peregrina\u00e7\u00e3o ao Santu\u00e1rio de Nossa Senhora Divina Pastora, padroeira de Sergipe. Realizada todos os anos no m\u00eas de outubro, a festividade \u00e9 considerada Patrim\u00f4nio Cultural de Natureza Imaterial. Nesta quinta-feira, a cidade tamb\u00e9m ser\u00e1 a sede do Governo do Estado, com a presen\u00e7a do governador F\u00e1bio Mitidieri, acompanhado de secret\u00e1rios e gestores p\u00fablicos, que ir\u00e3o despachar, ouvir moradores e dialogar com lideran\u00e7as locais. \u201cEstamos muito entusiasmados com mais uma edi\u00e7\u00e3o do \u2018Sergipe \u00e9 aqui\u2019, em mais um munic\u00edpio t\u00e3o importante para a hist\u00f3ria e a cultura do nosso estado, como \u00e9 Divina Pastora. Esperamos que esta edi\u00e7\u00e3o seja um marco para a popula\u00e7\u00e3o local, que as fam\u00edlias venham e aproveitem um dia inteiro de a\u00e7\u00f5es voltadas para a comunidade, pois essa \u00e9 a principal miss\u00e3o do programa: melhorar a vida das pessoas e fortalecer o v\u00ednculo entre o Estado e a popula\u00e7\u00e3o\u201d, destacou o secret\u00e1rio-executivo da Casa Civil e coordenador do programa, Andr\u00e9 Clementino. A prefeita de Divina Pastora, Clara Rollemberg, tamb\u00e9m comemorou a chegada do governo itinerante ao munic\u00edpio. \u201cReceber o \u2018Sergipe \u00e9 aqui\u2019 em Divina Pastora \u00e9 motivo de grande alegria para a nossa comunidade. Este programa traz servi\u00e7os essenciais que fazem a diferen\u00e7a na vida das pessoas, al\u00e9m de refor\u00e7ar o compromisso do Governo do Estado em estar presente nas cidades e atender \u00e0s reais necessidades da popula\u00e7\u00e3o. Essa parceria entre o Estado e o munic\u00edpio \u00e9 um exemplo de uni\u00e3o em prol do bem-estar e do desenvolvimento social de nossa regi\u00e3o\u201d, afirmou. Fonte: Governo de SergipeAracaju, 03 de dezembro de 2024<\/p>\n","protected":false},"author":1,"featured_media":2261,"comment_status":"open","ping_status":"open","sticky":false,"template":"","format":"standard","meta":{"footnotes":""},"categories":[116],"tags":[],"class_list":["post-2260","post","type-post","status-publish","format-standard","has-post-thumbnail","hentry","category-governo"],"_links":{"self":[{"href":"https:\/\/resumosergipe.com.br\/index.php?rest_route=\/wp\/v2\/posts\/2260","targetHints":{"allow":["GET"]}}],"collection":[{"href":"https:\/\/resumosergipe.com.br\/index.php?rest_route=\/wp\/v2\/posts"}],"about":[{"href":"https:\/\/resumosergipe.com.br\/index.php?rest_route=\/wp\/v2\/types\/post"}],"author":[{"embeddable":true,"href":"https:\/\/resumosergipe.com.br\/index.php?rest_route=\/wp\/v2\/users\/1"}],"replies":[{"embeddable":true,"href":"https:\/\/resumosergipe.com.br\/index.php?rest_route=%2Fwp%2Fv2%2Fcomments&post=2260"}],"version-history":[{"count":1,"href":"https:\/\/resumosergipe.com.br\/index.php?rest_route=\/wp\/v2\/posts\/2260\/revisions"}],"predecessor-version":[{"id":2262,"href":"https:\/\/resumosergipe.com.br\/index.php?rest_route=\/wp\/v2\/posts\/2260\/revisions\/2262"}],"wp:featuredmedia":[{"embeddable":true,"href":"https:\/\/resumosergipe.com.br\/index.php?rest_route=\/wp\/v2\/media\/2261"}],"wp:attachment":[{"href":"https:\/\/resumosergipe.com.br\/index.php?rest_route=%2Fwp%2Fv2%2Fmedia&parent=2260"}],"wp:term":[{"taxonomy":"category","embeddable":true,"href":"https:\/\/resumosergipe.com.br\/index.php?rest_route=%2Fwp%2Fv2%2Fcategories&post=2260"},{"taxonomy":"post_tag","embeddable":true,"href":"https:\/\/resumosergipe.com.br\/index.php?rest_route=%2Fwp%2Fv2%2Ftags&post=2260"}],"curies":[{"name":"wp","href":"https:\/\/api.w.org\/{rel}","templated":true}]}}