{"id":2364,"date":"2025-02-06T18:25:00","date_gmt":"2025-02-06T21:25:00","guid":{"rendered":"https:\/\/resumosergipe.com.br\/?p=2364"},"modified":"2025-02-06T18:25:00","modified_gmt":"2025-02-06T21:25:00","slug":"prefeita-emilia-correa-discute-estrategias-para-retomar-a-realizacao-da-conferencia-municipal-da-mulher","status":"publish","type":"post","link":"https:\/\/resumosergipe.com.br\/?p=2364","title":{"rendered":"Prefeita Em\u00edlia Corr\u00eaa discute estrat\u00e9gias para retomar a realiza\u00e7\u00e3o da Confer\u00eancia Municipal da Mulher"},"content":{"rendered":"\n<p>A prefeita Em\u00edlia Corr\u00eaa se reuniu nesta quarta-feira, 5, com representantes do Conselho Municipal da Mulher, do Instituto Brasileiro de Direito da Fam\u00edlia (IBDFAM\/SE), do Centro de Refer\u00eancia \u00e0 Mulher (Cram), do Instituto Social Agatha, do Conselho Regional de Fisioterapia e Terapia Ocupacional (Crefito\/SE), da APAE Aracaju e com a secret\u00e1ria municipal da Fam\u00edlia e da Assist\u00eancia Social, Simone Valadares, para tra\u00e7ar estrat\u00e9gias de retomada da Confer\u00eancia Municipal da Mulher, que n\u00e3o \u00e9 realizada pela Prefeitura de Aracaju desde 2015.<\/p>\n\n\n\n<p>De acordo com a prefeita, resgatar a Confer\u00eancia \u00e9 um compromisso que o munic\u00edpio deve assumir para garantir a inclus\u00e3o feminina e a constru\u00e7\u00e3o de pol\u00edticas p\u00fablicas que atendam \u00e0s necessidades desse p\u00fablico. \u201c\u00c9 gratificante estar entre essas mulheres que, nitidamente, demonstram zelo pelo trabalho que realizam na promo\u00e7\u00e3o de melhorias e oportunidades para as mulheres. Com compromisso e dedica\u00e7\u00e3o, o munic\u00edpio vai trazer de volta a Confer\u00eancia Municipal da Mulher\u201d, garantiu Em\u00edlia.<\/p>\n\n\n\n<p>Na oportunidade, as representantes das institui\u00e7\u00f5es colocaram em pauta a necessidade da cria\u00e7\u00e3o de um fundo municipal voltado para as mulheres. A prefeita Em\u00edlia se comprometeu a propor um projeto de lei para viabilizar esse recurso. \u201cO fundo municipal, hoje, \u00e9 destinado ao idoso e \u00e0 crian\u00e7a, mas n\u00e3o h\u00e1 um espec\u00edfico para a mulher. Com isso, o Conselho Municipal da Mulher fica impossibilitado de realizar a\u00e7\u00f5es mais abrangentes\u201d, explicou Luciana Ribeiro, presidente do Conselho Municipal da Mulher e coordenadora do Cram e da Coordenadoria Municipal da Mulher.<br><strong><br>Visibilidade<\/strong><\/p>\n\n\n\n<p>Um dos pedidos das representantes do Crefito, do Cram e do Conselho Municipal da Mulher foi que o munic\u00edpio passasse a divulgar as a\u00e7\u00f5es realizadas por essas entidades. De acordo com elas, a gest\u00e3o municipal anterior n\u00e3o deu a devida aten\u00e7\u00e3o ao trabalho desempenhado por essas institui\u00e7\u00f5es, no que se refere \u00e0 comunica\u00e7\u00e3o.<\/p>\n\n\n\n<p>A secret\u00e1ria da Fam\u00edlia e da Assist\u00eancia Social, Simone Valadares, colocou \u00e0 disposi\u00e7\u00e3o a equipe de comunica\u00e7\u00e3o da secretaria para divulgar as atividades das entidades.<\/p>\n\n\n\n<p>\u201cVamos iniciar essa divulga\u00e7\u00e3o j\u00e1 com a Confer\u00eancia da Mulher, que decidimos aqui que ser\u00e1 realizada ainda no primeiro semestre deste ano. Mas esse trabalho de difundir informa\u00e7\u00f5es sobre as a\u00e7\u00f5es dessas institui\u00e7\u00f5es ser\u00e1 permanente\u201d, afirmou Simone.<\/p>\n\n\n\n<p>No encerramento da reuni\u00e3o, as representantes das entidades entregaram uma camisa da campanha \u201cFeminic\u00eddio Zero\u201d, que ser\u00e1 lan\u00e7ada no pr\u00f3ximo domingo, 9, no Gin\u00e1sio Batist\u00e3o, \u00e0 prefeita Em\u00edlia e \u00e0 secret\u00e1ria Simone Valadares.<\/p>\n\n\n\n<p><em>Fonte: Prefeitura de Aracaju<br>Aracaju, 06 de fevereiro de 2025<\/em><\/p>\n","protected":false},"excerpt":{"rendered":"<p>A prefeita Em\u00edlia Corr\u00eaa se reuniu nesta quarta-feira, 5, com representantes do Conselho Municipal da Mulher, do Instituto Brasileiro de Direito da Fam\u00edlia (IBDFAM\/SE), do Centro de Refer\u00eancia \u00e0 Mulher (Cram), do Instituto Social Agatha, do Conselho Regional de Fisioterapia e Terapia Ocupacional (Crefito\/SE), da APAE Aracaju e com a secret\u00e1ria municipal da Fam\u00edlia e da Assist\u00eancia Social, Simone Valadares, para tra\u00e7ar estrat\u00e9gias de retomada da Confer\u00eancia Municipal da Mulher, que n\u00e3o \u00e9 realizada pela Prefeitura de Aracaju desde 2015. De acordo com a prefeita, resgatar a Confer\u00eancia \u00e9 um compromisso que o munic\u00edpio deve assumir para garantir a inclus\u00e3o feminina e a constru\u00e7\u00e3o de pol\u00edticas p\u00fablicas que atendam \u00e0s necessidades desse p\u00fablico. \u201c\u00c9 gratificante estar entre essas mulheres que, nitidamente, demonstram zelo pelo trabalho que realizam na promo\u00e7\u00e3o de melhorias e oportunidades para as mulheres. Com compromisso e dedica\u00e7\u00e3o, o munic\u00edpio vai trazer de volta a Confer\u00eancia Municipal da Mulher\u201d, garantiu Em\u00edlia. Na oportunidade, as representantes das institui\u00e7\u00f5es colocaram em pauta a necessidade da cria\u00e7\u00e3o de um fundo municipal voltado para as mulheres. A prefeita Em\u00edlia se comprometeu a propor um projeto de lei para viabilizar esse recurso. \u201cO fundo municipal, hoje, \u00e9 destinado ao idoso e \u00e0 crian\u00e7a, mas n\u00e3o h\u00e1 um espec\u00edfico para a mulher. Com isso, o Conselho Municipal da Mulher fica impossibilitado de realizar a\u00e7\u00f5es mais abrangentes\u201d, explicou Luciana Ribeiro, presidente do Conselho Municipal da Mulher e coordenadora do Cram e da Coordenadoria Municipal da Mulher.Visibilidade Um dos pedidos das representantes do Crefito, do Cram e do Conselho Municipal da Mulher foi que o munic\u00edpio passasse a divulgar as a\u00e7\u00f5es realizadas por essas entidades. De acordo com elas, a gest\u00e3o municipal anterior n\u00e3o deu a devida aten\u00e7\u00e3o ao trabalho desempenhado por essas institui\u00e7\u00f5es, no que se refere \u00e0 comunica\u00e7\u00e3o. A secret\u00e1ria da Fam\u00edlia e da Assist\u00eancia Social, Simone Valadares, colocou \u00e0 disposi\u00e7\u00e3o a equipe de comunica\u00e7\u00e3o da secretaria para divulgar as atividades das entidades. \u201cVamos iniciar essa divulga\u00e7\u00e3o j\u00e1 com a Confer\u00eancia da Mulher, que decidimos aqui que ser\u00e1 realizada ainda no primeiro semestre deste ano. Mas esse trabalho de difundir informa\u00e7\u00f5es sobre as a\u00e7\u00f5es dessas institui\u00e7\u00f5es ser\u00e1 permanente\u201d, afirmou Simone. No encerramento da reuni\u00e3o, as representantes das entidades entregaram uma camisa da campanha \u201cFeminic\u00eddio Zero\u201d, que ser\u00e1 lan\u00e7ada no pr\u00f3ximo domingo, 9, no Gin\u00e1sio Batist\u00e3o, \u00e0 prefeita Em\u00edlia e \u00e0 secret\u00e1ria Simone Valadares. Fonte: Prefeitura de AracajuAracaju, 06 de fevereiro de 2025<\/p>\n","protected":false},"author":1,"featured_media":2365,"comment_status":"open","ping_status":"open","sticky":false,"template":"","format":"standard","meta":{"footnotes":""},"categories":[61],"tags":[],"class_list":["post-2364","post","type-post","status-publish","format-standard","has-post-thumbnail","hentry","category-aracaju"],"_links":{"self":[{"href":"https:\/\/resumosergipe.com.br\/index.php?rest_route=\/wp\/v2\/posts\/2364","targetHints":{"allow":["GET"]}}],"collection":[{"href":"https:\/\/resumosergipe.com.br\/index.php?rest_route=\/wp\/v2\/posts"}],"about":[{"href":"https:\/\/resumosergipe.com.br\/index.php?rest_route=\/wp\/v2\/types\/post"}],"author":[{"embeddable":true,"href":"https:\/\/resumosergipe.com.br\/index.php?rest_route=\/wp\/v2\/users\/1"}],"replies":[{"embeddable":true,"href":"https:\/\/resumosergipe.com.br\/index.php?rest_route=%2Fwp%2Fv2%2Fcomments&post=2364"}],"version-history":[{"count":1,"href":"https:\/\/resumosergipe.com.br\/index.php?rest_route=\/wp\/v2\/posts\/2364\/revisions"}],"predecessor-version":[{"id":2366,"href":"https:\/\/resumosergipe.com.br\/index.php?rest_route=\/wp\/v2\/posts\/2364\/revisions\/2366"}],"wp:featuredmedia":[{"embeddable":true,"href":"https:\/\/resumosergipe.com.br\/index.php?rest_route=\/wp\/v2\/media\/2365"}],"wp:attachment":[{"href":"https:\/\/resumosergipe.com.br\/index.php?rest_route=%2Fwp%2Fv2%2Fmedia&parent=2364"}],"wp:term":[{"taxonomy":"category","embeddable":true,"href":"https:\/\/resumosergipe.com.br\/index.php?rest_route=%2Fwp%2Fv2%2Fcategories&post=2364"},{"taxonomy":"post_tag","embeddable":true,"href":"https:\/\/resumosergipe.com.br\/index.php?rest_route=%2Fwp%2Fv2%2Ftags&post=2364"}],"curies":[{"name":"wp","href":"https:\/\/api.w.org\/{rel}","templated":true}]}}